{"id":3070,"date":"2022-07-07T10:00:27","date_gmt":"2022-07-07T10:00:27","guid":{"rendered":"https:\/\/gemeindebuechereikastl.de\/?p=3070"},"modified":"2022-07-07T10:02:52","modified_gmt":"2022-07-07T10:02:52","slug":"buecherflohmarkt-des-buechereiteams-beim-markt-im-markt-kastl","status":"publish","type":"post","link":"https:\/\/gemeindebuechereikastl.de\/?p=3070","title":{"rendered":"B\u00fcchereiteam wieder mit B\u00fccherflohmarkt beim Markt im Markt Kastl vertreten"},"content":{"rendered":"<h2 style=\"text-align: center;\"><span style=\"color: #ff6600;\"><strong>Am kommenden Samstag, 9. Juli ist es wieder soweit B\u00fccherflohmarkt des B\u00fcchereiteams beim<br \/>\nMarkt im Markt Kastl<\/strong><\/span><\/h2>\n<p><img loading=\"lazy\" decoding=\"async\" class=\"wp-image-3071 aligncenter\" src=\"https:\/\/gemeindebuechereikastl.de\/wp-content\/uploads\/2022\/07\/IMG-20220707-WA0000.jpg\" alt=\"\" width=\"715\" height=\"347\" srcset=\"https:\/\/gemeindebuechereikastl.de\/wp-content\/uploads\/2022\/07\/IMG-20220707-WA0000.jpg 1600w, https:\/\/gemeindebuechereikastl.de\/wp-content\/uploads\/2022\/07\/IMG-20220707-WA0000-300x146.jpg 300w, https:\/\/gemeindebuechereikastl.de\/wp-content\/uploads\/2022\/07\/IMG-20220707-WA0000-768x373.jpg 768w, https:\/\/gemeindebuechereikastl.de\/wp-content\/uploads\/2022\/07\/IMG-20220707-WA0000-1536x746.jpg 1536w, https:\/\/gemeindebuechereikastl.de\/wp-content\/uploads\/2022\/07\/IMG-20220707-WA0000-750x364.jpg 750w\" sizes=\"auto, (max-width: 715px) 100vw, 715px\" \/><\/p>\n<p>Das Team der Gemeindeb\u00fccherei Kastl iat mit ihrem B\u00fccherflohmarkt am kommenden Samstag, 9. Juli beim Markt im Markt Kastl von 9.00 \u2013 13.00 Uhr am Marktplatz ebenfalls wieder mit vertreten.<\/p>\n<p>Die Damen vom B\u00fcchereiteam bieten bei ihrer Schn\u00e4ppchenjagd wieder gut erhaltene B\u00fccher, DVDs, Spiele und H\u00f6rb\u00fccher f\u00fcr jedes Alter und jeden Geschmack an. Den Preis f\u00fcr die B\u00fccher bestimmten die Buchliebhaber selbst, Sie spendeten einfach den Betrag, was ihnen die B\u00fccher bzw. die DVDs, Spiele und H\u00f6rb\u00fccher wert sind.<\/p>\n<h4 style=\"text-align: center;\"><strong><span style=\"color: #ff6600;\">Bei den letzten Markttagen gaben viele eine gro\u00dfz\u00fcgige Spende f\u00fcr die Flohmarktb\u00fccher, dieser Erl\u00f6s aus den Spenden des B\u00fccherflohmarktes wird komplett f\u00fcr den Neuerwerb von\u00a0 B\u00fcchern und Medien verwendet und kommt somit allen Leserrinnen und Lesern der Kastler B\u00fccherei zugute. \u00a0<\/span><\/strong><\/h4>\n","protected":false},"excerpt":{"rendered":"<p>Am kommenden Samstag, 9. Juli ist es wieder soweit B\u00fccherflohmarkt des B\u00fcchereiteams beim Markt im Markt Kastl Das Team der Gemeindeb\u00fccherei Kastl iat mit ihrem B\u00fccherflohmarkt am kommenden Samstag, 9. Juli beim Markt im Markt Kastl von 9.00 \u2013 13.00 Uhr am Marktplatz ebenfalls wieder mit vertreten. Die Damen vom B\u00fcchereiteam bieten bei ihrer Schn\u00e4ppchenjagd &hellip; <\/p>\n<p><a class=\"more-link btn\" href=\"https:\/\/gemeindebuechereikastl.de\/?p=3070\">Weiterlesen<\/a><\/p>\n","protected":false},"author":1,"featured_media":3071,"comment_status":"closed","ping_status":"closed","sticky":false,"template":"","format":"standard","meta":{"footnotes":""},"categories":[5],"tags":[58,60,59,197,177],"class_list":["post-3070","post","type-post","status-publish","format-standard","has-post-thumbnail","hentry","category-news","tag-buecher","tag-buecherflohmarkt","tag-flohmarkt","tag-markt-im-markt-kastl","tag-marktplatz","item-wrap"],"_links":{"self":[{"href":"https:\/\/gemeindebuechereikastl.de\/index.php?rest_route=\/wp\/v2\/posts\/3070","targetHints":{"allow":["GET"]}}],"collection":[{"href":"https:\/\/gemeindebuechereikastl.de\/index.php?rest_route=\/wp\/v2\/posts"}],"about":[{"href":"https:\/\/gemeindebuechereikastl.de\/index.php?rest_route=\/wp\/v2\/types\/post"}],"author":[{"embeddable":true,"href":"https:\/\/gemeindebuechereikastl.de\/index.php?rest_route=\/wp\/v2\/users\/1"}],"replies":[{"embeddable":true,"href":"https:\/\/gemeindebuechereikastl.de\/index.php?rest_route=%2Fwp%2Fv2%2Fcomments&post=3070"}],"version-history":[{"count":5,"href":"https:\/\/gemeindebuechereikastl.de\/index.php?rest_route=\/wp\/v2\/posts\/3070\/revisions"}],"predecessor-version":[{"id":3076,"href":"https:\/\/gemeindebuechereikastl.de\/index.php?rest_route=\/wp\/v2\/posts\/3070\/revisions\/3076"}],"wp:featuredmedia":[{"embeddable":true,"href":"https:\/\/gemeindebuechereikastl.de\/index.php?rest_route=\/wp\/v2\/media\/3071"}],"wp:attachment":[{"href":"https:\/\/gemeindebuechereikastl.de\/index.php?rest_route=%2Fwp%2Fv2%2Fmedia&parent=3070"}],"wp:term":[{"taxonomy":"category","embeddable":true,"href":"https:\/\/gemeindebuechereikastl.de\/index.php?rest_route=%2Fwp%2Fv2%2Fcategories&post=3070"},{"taxonomy":"post_tag","embeddable":true,"href":"https:\/\/gemeindebuechereikastl.de\/index.php?rest_route=%2Fwp%2Fv2%2Ftags&post=3070"}],"curies":[{"name":"wp","href":"https:\/\/api.w.org\/{rel}","templated":true}]}}