{"id":3098,"date":"2022-07-14T08:06:52","date_gmt":"2022-07-14T08:06:52","guid":{"rendered":"https:\/\/gemeindebuechereikastl.de\/?p=3098"},"modified":"2022-07-14T08:06:52","modified_gmt":"2022-07-14T08:06:52","slug":"auszeit-mit-grossartigen-buechern","status":"publish","type":"post","link":"https:\/\/gemeindebuechereikastl.de\/?p=3098","title":{"rendered":"Auszeit mit gro\u00dfartigen B\u00fcchern"},"content":{"rendered":"<h2 style=\"text-align: center;\"><span style=\"color: #ff6600;\"><strong>Tolle Ausstellung mit intersanten B\u00fcchern im OG der B\u00fccherei wie man die Auszeit gestalten kann!<\/strong><\/span><\/h2>\n<h2 style=\"text-align: center;\"><span style=\"color: #ff6600;\"><strong><img loading=\"lazy\" decoding=\"async\" class=\"alignleft wp-image-3101 \" src=\"https:\/\/gemeindebuechereikastl.de\/wp-content\/uploads\/2022\/07\/Auszeit-905x1206.jpg\" alt=\"\" width=\"323\" height=\"430\" srcset=\"https:\/\/gemeindebuechereikastl.de\/wp-content\/uploads\/2022\/07\/Auszeit-905x1206.jpg 905w, https:\/\/gemeindebuechereikastl.de\/wp-content\/uploads\/2022\/07\/Auszeit-225x300.jpg 225w, https:\/\/gemeindebuechereikastl.de\/wp-content\/uploads\/2022\/07\/Auszeit-768x1024.jpg 768w, https:\/\/gemeindebuechereikastl.de\/wp-content\/uploads\/2022\/07\/Auszeit-1152x1536.jpg 1152w, https:\/\/gemeindebuechereikastl.de\/wp-content\/uploads\/2022\/07\/Auszeit-1536x2048.jpg 1536w, https:\/\/gemeindebuechereikastl.de\/wp-content\/uploads\/2022\/07\/Auszeit-750x1000.jpg 750w, https:\/\/gemeindebuechereikastl.de\/wp-content\/uploads\/2022\/07\/Auszeit-scaled.jpg 1920w\" sizes=\"auto, (max-width: 323px) 100vw, 323px\" \/><\/strong><\/span><strong> &#8211; Auszeit &#8211;<\/strong><\/h2>\n<p style=\"background: white; margin: 0cm 0cm 12.0pt 0cm;\"><span style=\"font-size: 11.5pt; color: black;\">Wer tr\u00e4umt nicht davon, f\u00fcr eine Weile mal alles hinter sich zu lassen und einfach nur Zeit f\u00fcr sich selbst zu haben? Eine Auszeit hat viele Gesichter: ob eine lange Reise um die Welt, eine Sinnsuche in einem Schweigekloster, eine Auszeit auf der Alm, pilgern usw. <\/span><\/p>\n<p style=\"background: white; margin: 0cm 0cm 12.0pt 0cm;\"><span style=\"font-size: 11.5pt; color: black;\">F\u00fcr uns als B\u00fcchereiteam ist nichts entspannender als ein Buch, mit dem man dem Alltag entfliehen kann. Schau Dir hier unsere Empfehlungen im Obergescho\u00df der B\u00fccherei an, mit denen du Deine Auszeit genie\u00dfen kannst.<\/p>\n<p>Und auch f\u00fcr jede andere Lebenslage gibt es bei uns in der B\u00fccherei das richtige Buch, mit dem Du Dir eine wohlverdiente Auszeit nehmen kannst.<\/span><\/p>\n<h3 style=\"text-align: center;\"><span style=\"color: #008000;\"><strong>Weiter Infos gibt es nat\u00fcrlich auch in unserem <\/strong><\/span><strong><a href=\"https:\/\/iopac.gemeindebuechereikastl.de\/\">&#8222;Online-Katalog&#8220;<\/a><\/strong><\/h3>\n","protected":false},"excerpt":{"rendered":"<p>Tolle Ausstellung mit intersanten B\u00fcchern im OG der B\u00fccherei wie man die Auszeit gestalten kann! &#8211; Auszeit &#8211; Wer tr\u00e4umt nicht davon, f\u00fcr eine Weile mal alles hinter sich zu lassen und einfach nur Zeit f\u00fcr sich selbst zu haben? Eine Auszeit hat viele Gesichter: ob eine lange Reise um die Welt, eine Sinnsuche in &hellip; <\/p>\n<p><a class=\"more-link btn\" href=\"https:\/\/gemeindebuechereikastl.de\/?p=3098\">Weiterlesen<\/a><\/p>\n","protected":false},"author":1,"featured_media":3101,"comment_status":"closed","ping_status":"closed","sticky":false,"template":"","format":"standard","meta":{"footnotes":""},"categories":[5],"tags":[356,194,11],"class_list":["post-3098","post","type-post","status-publish","format-standard","has-post-thumbnail","hentry","category-news","tag-auszeit","tag-buchausstellung","tag-buecherei","item-wrap"],"_links":{"self":[{"href":"https:\/\/gemeindebuechereikastl.de\/index.php?rest_route=\/wp\/v2\/posts\/3098","targetHints":{"allow":["GET"]}}],"collection":[{"href":"https:\/\/gemeindebuechereikastl.de\/index.php?rest_route=\/wp\/v2\/posts"}],"about":[{"href":"https:\/\/gemeindebuechereikastl.de\/index.php?rest_route=\/wp\/v2\/types\/post"}],"author":[{"embeddable":true,"href":"https:\/\/gemeindebuechereikastl.de\/index.php?rest_route=\/wp\/v2\/users\/1"}],"replies":[{"embeddable":true,"href":"https:\/\/gemeindebuechereikastl.de\/index.php?rest_route=%2Fwp%2Fv2%2Fcomments&post=3098"}],"version-history":[{"count":1,"href":"https:\/\/gemeindebuechereikastl.de\/index.php?rest_route=\/wp\/v2\/posts\/3098\/revisions"}],"predecessor-version":[{"id":3104,"href":"https:\/\/gemeindebuechereikastl.de\/index.php?rest_route=\/wp\/v2\/posts\/3098\/revisions\/3104"}],"wp:featuredmedia":[{"embeddable":true,"href":"https:\/\/gemeindebuechereikastl.de\/index.php?rest_route=\/wp\/v2\/media\/3101"}],"wp:attachment":[{"href":"https:\/\/gemeindebuechereikastl.de\/index.php?rest_route=%2Fwp%2Fv2%2Fmedia&parent=3098"}],"wp:term":[{"taxonomy":"category","embeddable":true,"href":"https:\/\/gemeindebuechereikastl.de\/index.php?rest_route=%2Fwp%2Fv2%2Fcategories&post=3098"},{"taxonomy":"post_tag","embeddable":true,"href":"https:\/\/gemeindebuechereikastl.de\/index.php?rest_route=%2Fwp%2Fv2%2Ftags&post=3098"}],"curies":[{"name":"wp","href":"https:\/\/api.w.org\/{rel}","templated":true}]}}