{"id":3108,"date":"2022-07-14T09:16:17","date_gmt":"2022-07-14T09:16:17","guid":{"rendered":"https:\/\/gemeindebuechereikastl.de\/?p=3108"},"modified":"2022-07-14T09:17:12","modified_gmt":"2022-07-14T09:17:12","slug":"20-jahre-der-kleine-drache-kokosnuss","status":"publish","type":"post","link":"https:\/\/gemeindebuechereikastl.de\/?p=3108","title":{"rendered":"20 Jahre &#8211; Der kleine Drache Kokosnuss"},"content":{"rendered":"<h2 style=\"text-align: center;\"><span style=\"color: #ff6600;\">Seit 20 Jahren gibt es den &#8222;kleinen Drachen Kokosnuss&#8220; <\/span><img loading=\"lazy\" decoding=\"async\" class=\"wp-image-3111 alignleft\" src=\"https:\/\/gemeindebuechereikastl.de\/wp-content\/uploads\/2022\/07\/Geburtstag.jpg\" alt=\"\" width=\"292\" height=\"356\" srcset=\"https:\/\/gemeindebuechereikastl.de\/wp-content\/uploads\/2022\/07\/Geburtstag.jpg 309w, https:\/\/gemeindebuechereikastl.de\/wp-content\/uploads\/2022\/07\/Geburtstag-246x300.jpg 246w\" sizes=\"auto, (max-width: 292px) 100vw, 292px\" \/><span style=\"color: #ff6600;\">&#8211; Diverse B\u00fccher und Medien gibt es in der B\u00fccherei zum Entleihen<\/span><\/h2>\n<p>Mit dem kleinen Feuerdrachen hat der 57-j\u00e4hrige Kinderbuchautor Ingo Siegner einen Kultcharakter geschaffen.<\/p>\n<p>Jede literarische Epoche hat ihren eigenen Drachen und seit 2002 ist es der kleine Drache Kokosnuss, der Kinderherzen h\u00f6her schlagen l\u00e4sst. Der kleine Drache Kokosnuss wird 20 Jahre alt.<br \/>\n<img loading=\"lazy\" decoding=\"async\" class=\"wp-image-3110 alignright\" src=\"https:\/\/gemeindebuechereikastl.de\/wp-content\/uploads\/2022\/07\/20220703_091333-897x1206.jpg\" alt=\"\" width=\"273\" height=\"367\" srcset=\"https:\/\/gemeindebuechereikastl.de\/wp-content\/uploads\/2022\/07\/20220703_091333-897x1206.jpg 897w, https:\/\/gemeindebuechereikastl.de\/wp-content\/uploads\/2022\/07\/20220703_091333-223x300.jpg 223w, https:\/\/gemeindebuechereikastl.de\/wp-content\/uploads\/2022\/07\/20220703_091333-768x1033.jpg 768w, https:\/\/gemeindebuechereikastl.de\/wp-content\/uploads\/2022\/07\/20220703_091333-1142x1536.jpg 1142w, https:\/\/gemeindebuechereikastl.de\/wp-content\/uploads\/2022\/07\/20220703_091333-1523x2048.jpg 1523w, https:\/\/gemeindebuechereikastl.de\/wp-content\/uploads\/2022\/07\/20220703_091333-750x1009.jpg 750w, https:\/\/gemeindebuechereikastl.de\/wp-content\/uploads\/2022\/07\/20220703_091333-scaled.jpg 1903w\" sizes=\"auto, (max-width: 273px) 100vw, 273px\" \/>Seit 2002 der erste Band mit seinen Abenteuern erschienen ist, lieben Kinder den mutigen und neugierigen kleinen Feuerdrachen, der allerlei Abenteuer mit seinen Freunden erlebt.<br \/>\nEgal ob es seine Heimat, die Dracheninsel, zu erkunden gilt, er sich in der Zeitgeschichte umhertreibt oder in fremde L\u00e4nder fliegt. Kokosnuss trifft dabei immer auf interessante Menschen, Tiere und Fabelwesen und hilft stets, wo er kann. Kokosnuss\u2018 Reisen kommen nicht von ungef\u00e4hr: sein Sch\u00f6pfer, der Illustrator Ingo Siegner, reist selbst gerne und l\u00e4sst sich von seinen Erfahrungen inspirieren. Die liebenswerten Geschichten sind so erfolgreich, dass sie verfilmt wurden und es auf die B\u00fchne geschafft haben.<\/p>\n<h4><span style=\"color: #ff0000;\">Weitere Infos gibt es im <\/span><strong>\u00a0<\/strong><strong><a href=\"https:\/\/iopac.gemeindebuechereikastl.de\/\">\u201eOnline-Katalog\u201c\u00a0<\/a><\/strong><strong>\u00a0<\/strong><\/h4>\n","protected":false},"excerpt":{"rendered":"<p>Seit 20 Jahren gibt es den &#8222;kleinen Drachen Kokosnuss&#8220; &#8211; Diverse B\u00fccher und Medien gibt es in der B\u00fccherei zum Entleihen Mit dem kleinen Feuerdrachen hat der 57-j\u00e4hrige Kinderbuchautor Ingo Siegner einen Kultcharakter geschaffen. Jede literarische Epoche hat ihren eigenen Drachen und seit 2002 ist es der kleine Drache Kokosnuss, der Kinderherzen h\u00f6her schlagen l\u00e4sst. &hellip; <\/p>\n<p><a class=\"more-link btn\" href=\"https:\/\/gemeindebuechereikastl.de\/?p=3108\">Weiterlesen<\/a><\/p>\n","protected":false},"author":1,"featured_media":3111,"comment_status":"closed","ping_status":"closed","sticky":false,"template":"","format":"standard","meta":{"footnotes":""},"categories":[5],"tags":[357,192,194,358,359,189],"class_list":["post-3108","post","type-post","status-publish","format-standard","has-post-thumbnail","hentry","category-news","tag-20-jahre","tag-ausstellung","tag-buchausstellung","tag-drache","tag-drache-kokosnuss","tag-jubilaeum","item-wrap"],"_links":{"self":[{"href":"https:\/\/gemeindebuechereikastl.de\/index.php?rest_route=\/wp\/v2\/posts\/3108","targetHints":{"allow":["GET"]}}],"collection":[{"href":"https:\/\/gemeindebuechereikastl.de\/index.php?rest_route=\/wp\/v2\/posts"}],"about":[{"href":"https:\/\/gemeindebuechereikastl.de\/index.php?rest_route=\/wp\/v2\/types\/post"}],"author":[{"embeddable":true,"href":"https:\/\/gemeindebuechereikastl.de\/index.php?rest_route=\/wp\/v2\/users\/1"}],"replies":[{"embeddable":true,"href":"https:\/\/gemeindebuechereikastl.de\/index.php?rest_route=%2Fwp%2Fv2%2Fcomments&post=3108"}],"version-history":[{"count":2,"href":"https:\/\/gemeindebuechereikastl.de\/index.php?rest_route=\/wp\/v2\/posts\/3108\/revisions"}],"predecessor-version":[{"id":3113,"href":"https:\/\/gemeindebuechereikastl.de\/index.php?rest_route=\/wp\/v2\/posts\/3108\/revisions\/3113"}],"wp:featuredmedia":[{"embeddable":true,"href":"https:\/\/gemeindebuechereikastl.de\/index.php?rest_route=\/wp\/v2\/media\/3111"}],"wp:attachment":[{"href":"https:\/\/gemeindebuechereikastl.de\/index.php?rest_route=%2Fwp%2Fv2%2Fmedia&parent=3108"}],"wp:term":[{"taxonomy":"category","embeddable":true,"href":"https:\/\/gemeindebuechereikastl.de\/index.php?rest_route=%2Fwp%2Fv2%2Fcategories&post=3108"},{"taxonomy":"post_tag","embeddable":true,"href":"https:\/\/gemeindebuechereikastl.de\/index.php?rest_route=%2Fwp%2Fv2%2Ftags&post=3108"}],"curies":[{"name":"wp","href":"https:\/\/api.w.org\/{rel}","templated":true}]}}