{"id":3123,"date":"2022-07-19T07:33:40","date_gmt":"2022-07-19T07:33:40","guid":{"rendered":"https:\/\/gemeindebuechereikastl.de\/?p=3123"},"modified":"2022-07-19T07:33:59","modified_gmt":"2022-07-19T07:33:59","slug":"die-kastler-vorschulkinder-sind-jetzt-buechereifuechse","status":"publish","type":"post","link":"https:\/\/gemeindebuechereikastl.de\/?p=3123","title":{"rendered":"Die Kastler Vorschulkinder sind jetzt B\u00fcchereif\u00fcchse"},"content":{"rendered":"<h2 style=\"text-align: center;\"><span style=\"color: #ff6600;\"><strong>Die Vorschulkinder des Kastler Kindergartens sind jetzt B\u00fcchereif\u00fcchse, sie machten in der B\u00fccherei den B\u00fcchereif\u00fchrerschein<\/strong><\/span><\/h2>\n<p style=\"text-align: center;\">Emsiges Treiben herrschte an einigen Vormittagen in der Gemeindeb\u00fccherei Kastl, viele kleine B\u00fcchereif\u00fcchse kennen sich jetzt in der Kastler B\u00fccherei aus. Die Vorschulkinder die \u201eRiesen\u201c des Kindergartens \u201eMarienheim Kastl\u201c besuchte an drei Vormittagen die B\u00fccherei um sich f\u00fcr die B\u00fccherei<br \/>\nfit zu machen <img loading=\"lazy\" decoding=\"async\" class=\"aligncenter wp-image-3124 \" src=\"https:\/\/gemeindebuechereikastl.de\/wp-content\/uploads\/2022\/07\/Lesefuechse-mit-Urkunde-1603x1114.jpg\" alt=\"\" width=\"724\" height=\"503\" srcset=\"https:\/\/gemeindebuechereikastl.de\/wp-content\/uploads\/2022\/07\/Lesefuechse-mit-Urkunde-1603x1114.jpg 1603w, https:\/\/gemeindebuechereikastl.de\/wp-content\/uploads\/2022\/07\/Lesefuechse-mit-Urkunde-300x209.jpg 300w, https:\/\/gemeindebuechereikastl.de\/wp-content\/uploads\/2022\/07\/Lesefuechse-mit-Urkunde-768x534.jpg 768w, https:\/\/gemeindebuechereikastl.de\/wp-content\/uploads\/2022\/07\/Lesefuechse-mit-Urkunde-1536x1068.jpg 1536w, https:\/\/gemeindebuechereikastl.de\/wp-content\/uploads\/2022\/07\/Lesefuechse-mit-Urkunde-2048x1424.jpg 2048w, https:\/\/gemeindebuechereikastl.de\/wp-content\/uploads\/2022\/07\/Lesefuechse-mit-Urkunde-750x521.jpg 750w\" sizes=\"auto, (max-width: 724px) 100vw, 724px\" \/><\/p>\n<p>Beim ersten Besuch in der Gemeindeb\u00fccherei Kastl wurde den Kindern zu Beginn, dass Bilderbuch \u201ePippilothek??? &#8211; Eine Bibliothek wirkt Wunder\u201c vorgestellt und vorgelesen. In dem Buch geht es um einen hungrigen Fuchs, der nach einer Verfolgungsjagd nach einer Maus in der Bibliothek landet. Nach der Geschichte erfolgte eine Rally durch die B\u00fccherei. immer 3 Kinder zusammen, bekamen einem Zettel mit Bildern aus den verschiedenen Rubriken der B\u00fccherei. Die Kinder machten sich im Erdgeschoss im Kinderbuchbereich auf die Suche und stellten dann den anderen Kindern ihre gefundenen Sachen vor. Z.B. Bilderb\u00fccher, Tiptoi \u2013 B\u00fccher, Tonies, CDs und Spiele. Anschlie\u00dfend ging es ins Obergeschoss, wo sich die B\u00fccher f\u00fcr die Erwachsenen befinden. Zum Schluss durfte sich jede Gruppe ein Buch ausleihen.<\/p>\n<p>Beim zweiten Besuch wurde das Bilderbuch \u201eDer B\u00fccherfresser\u201c vorgestellt. Nach der Geschichte mit dem B\u00fccherfresser durften die Kinder erz\u00e4hlen welches Buch sie f\u00fcr die Gruppe ausgeliehen hatten. Sie bekamen die Regeln f\u00fcr einen B\u00fcchereibesuch erkl\u00e4rt, auch das man mit den B\u00fcchern und Medien ordentlich umgehen muss. Das man nur eine bestimmte Anzahl von B\u00fcchern und anderen Medien mitnehmen kann und auch nur eine bestimmte Zeit ausleihen darf.<\/p>\n<p><img loading=\"lazy\" decoding=\"async\" class=\"aligncenter wp-image-3125 size-large\" src=\"https:\/\/gemeindebuechereikastl.de\/wp-content\/uploads\/2022\/07\/Lesefuechse-1603x1087.jpg\" alt=\"\" width=\"750\" height=\"509\" srcset=\"https:\/\/gemeindebuechereikastl.de\/wp-content\/uploads\/2022\/07\/Lesefuechse-1603x1087.jpg 1603w, https:\/\/gemeindebuechereikastl.de\/wp-content\/uploads\/2022\/07\/Lesefuechse-300x203.jpg 300w, https:\/\/gemeindebuechereikastl.de\/wp-content\/uploads\/2022\/07\/Lesefuechse-768x521.jpg 768w, https:\/\/gemeindebuechereikastl.de\/wp-content\/uploads\/2022\/07\/Lesefuechse-1536x1041.jpg 1536w, https:\/\/gemeindebuechereikastl.de\/wp-content\/uploads\/2022\/07\/Lesefuechse-2048x1389.jpg 2048w, https:\/\/gemeindebuechereikastl.de\/wp-content\/uploads\/2022\/07\/Lesefuechse-750x509.jpg 750w\" sizes=\"auto, (max-width: 750px) 100vw, 750px\" \/><\/p>\n<p>Beim dritten Besuch, zum Abschluss der Aktion gab es f\u00fcr die Kinder noch das Bilderbuch \u201eMama Muh liest\u201c zu h\u00f6ren. Ein Bilderbuch aus der Mama-Muh-Reihe \u00fcbers Lesen und was man davon hat. Zum Abschluss der Aktion \u201eIch bin ein B\u00fcchereifuchs\u201c wurden alle Kinder von B\u00fcchereileiter Georg D\u00fcrr jeweils mit einen Schl\u00fcsselanh\u00e4nger, einem T\u00fcr-Schild sowie einen Rucksack f\u00fcr die B\u00fccher beschenkt. Auch eine pers\u00f6nliche Urkunde mit Namen auf, der steht \u201eIch bin ein B\u00fcchereifuchs und kenne mich in der Gemeindeb\u00fccherei Kastl aus\u201c wurde ihnen von den Erzieherinnen Maria D\u00fcrr und Andrea Spallek \u00fcberreicht.<br \/>\nB\u00fcchereileiter D\u00fcrr w\u00fcnschte den B\u00fccherf\u00fcchsen weiterhin viel Spa\u00df am Lesen und freut sich auf viele Besuche in der Gemeindeb\u00fccherei Kastl.<\/p>\n","protected":false},"excerpt":{"rendered":"<p>Die Vorschulkinder des Kastler Kindergartens sind jetzt B\u00fcchereif\u00fcchse, sie machten in der B\u00fccherei den B\u00fcchereif\u00fchrerschein Emsiges Treiben herrschte an einigen Vormittagen in der Gemeindeb\u00fccherei Kastl, viele kleine B\u00fcchereif\u00fcchse kennen sich jetzt in der Kastler B\u00fccherei aus. Die Vorschulkinder die \u201eRiesen\u201c des Kindergartens \u201eMarienheim Kastl\u201c besuchte an drei Vormittagen die B\u00fccherei um sich f\u00fcr die B\u00fccherei &hellip; <\/p>\n<p><a class=\"more-link btn\" href=\"https:\/\/gemeindebuechereikastl.de\/?p=3123\">Weiterlesen<\/a><\/p>\n","protected":false},"author":1,"featured_media":3124,"comment_status":"closed","ping_status":"closed","sticky":false,"template":"","format":"standard","meta":{"footnotes":""},"categories":[5],"tags":[179,180,181],"class_list":["post-3123","post","type-post","status-publish","format-standard","has-post-thumbnail","hentry","category-news","tag-buechereifuchs","tag-buechereifuehrerschein","tag-kindergarten","item-wrap"],"_links":{"self":[{"href":"https:\/\/gemeindebuechereikastl.de\/index.php?rest_route=\/wp\/v2\/posts\/3123","targetHints":{"allow":["GET"]}}],"collection":[{"href":"https:\/\/gemeindebuechereikastl.de\/index.php?rest_route=\/wp\/v2\/posts"}],"about":[{"href":"https:\/\/gemeindebuechereikastl.de\/index.php?rest_route=\/wp\/v2\/types\/post"}],"author":[{"embeddable":true,"href":"https:\/\/gemeindebuechereikastl.de\/index.php?rest_route=\/wp\/v2\/users\/1"}],"replies":[{"embeddable":true,"href":"https:\/\/gemeindebuechereikastl.de\/index.php?rest_route=%2Fwp%2Fv2%2Fcomments&post=3123"}],"version-history":[{"count":1,"href":"https:\/\/gemeindebuechereikastl.de\/index.php?rest_route=\/wp\/v2\/posts\/3123\/revisions"}],"predecessor-version":[{"id":3126,"href":"https:\/\/gemeindebuechereikastl.de\/index.php?rest_route=\/wp\/v2\/posts\/3123\/revisions\/3126"}],"wp:featuredmedia":[{"embeddable":true,"href":"https:\/\/gemeindebuechereikastl.de\/index.php?rest_route=\/wp\/v2\/media\/3124"}],"wp:attachment":[{"href":"https:\/\/gemeindebuechereikastl.de\/index.php?rest_route=%2Fwp%2Fv2%2Fmedia&parent=3123"}],"wp:term":[{"taxonomy":"category","embeddable":true,"href":"https:\/\/gemeindebuechereikastl.de\/index.php?rest_route=%2Fwp%2Fv2%2Fcategories&post=3123"},{"taxonomy":"post_tag","embeddable":true,"href":"https:\/\/gemeindebuechereikastl.de\/index.php?rest_route=%2Fwp%2Fv2%2Ftags&post=3123"}],"curies":[{"name":"wp","href":"https:\/\/api.w.org\/{rel}","templated":true}]}}