{"id":3137,"date":"2022-07-25T12:41:55","date_gmt":"2022-07-25T12:41:55","guid":{"rendered":"https:\/\/gemeindebuechereikastl.de\/?p=3137"},"modified":"2022-07-28T15:07:53","modified_gmt":"2022-07-28T15:07:53","slug":"3137","status":"publish","type":"post","link":"https:\/\/gemeindebuechereikastl.de\/?p=3137","title":{"rendered":"B\u00fcchereiteam informiert \u00fcber interessante Podcasts &#8211; \u00dcber B\u00fccher und mehr&#8230;."},"content":{"rendered":"<h1><img loading=\"lazy\" decoding=\"async\" class=\"wp-image-3131 alignleft\" src=\"https:\/\/gemeindebuechereikastl.de\/wp-content\/uploads\/2022\/07\/podcastlogo-300x289.jpg\" alt=\"\" width=\"360\" height=\"346\" srcset=\"https:\/\/gemeindebuechereikastl.de\/wp-content\/uploads\/2022\/07\/podcastlogo-300x289.jpg 300w, https:\/\/gemeindebuechereikastl.de\/wp-content\/uploads\/2022\/07\/podcastlogo-768x739.jpg 768w, https:\/\/gemeindebuechereikastl.de\/wp-content\/uploads\/2022\/07\/podcastlogo-750x722.jpg 750w, https:\/\/gemeindebuechereikastl.de\/wp-content\/uploads\/2022\/07\/podcastlogo.jpg 1069w\" sizes=\"auto, (max-width: 360px) 100vw, 360px\" \/><\/h1>\n<h1><span style=\"color: #ff6600;\">Podcasts<\/span><\/h1>\n<h4><strong>Ein Podcast \u2013 was ist das?<\/strong><\/h4>\n<p>Als Podcast versteht sich in erster Linie eine Sammlung von einzelnen Medienbeitr\u00e4gen. Podcasts \u2013 k\u00f6nnen im Audio- oder Videoformat vorliegen:<\/p>\n<p><strong>Das Medium \u201ePodcast\u201c wird immer beliebter, jeder dritte Deutsche h\u00f6rt inzwischen zumindest hin und wieder Podcasts<br \/>\n<\/strong><\/p>\n<p>Deshalb m\u00f6chten wir vom B\u00fcchereiteam sie \u00fcber hervorragende Podcasts informieren. Hier auf unserer Homepage unter <strong><a href=\"https:\/\/gemeindebuechereikastl.de\/?page_id=3128\">&#8222;Podcasts&#8220;<\/a> <\/strong>finden sie die Links zu diesen von denen wir meinen f\u00fcr Sie interessant zu sein.<\/p>\n<p>\u2014\u2014\u2014\u2014\u2014\u2014\u2014\u2014\u2014\u2014\u2014\u2014\u2014\u2014\u2014\u2014\u2014\u2014\u2014\u2014\u2014\u2014\u2014\u2014\u2014\u2014\u2014\u2014\u2014\u2014\u2014\u2014\u2014\u2014\u2014\u2014\u2014\u2014\u2014\u2014\u2014\u2014\u2014\u2014\u2014\u2014\u2014\u2014\u2014\u2014\u2014\u2014<\/p>\n<h3><img loading=\"lazy\" decoding=\"async\" class=\"wp-image-3133 alignleft\" src=\"https:\/\/gemeindebuechereikastl.de\/wp-content\/uploads\/2022\/07\/Ein-Buch-300x300.jpg\" sizes=\"auto, (max-width: 212px) 100vw, 212px\" srcset=\"https:\/\/gemeindebuechereikastl.de\/wp-content\/uploads\/2022\/07\/Ein-Buch-300x300.jpg 300w, https:\/\/gemeindebuechereikastl.de\/wp-content\/uploads\/2022\/07\/Ein-Buch-150x150.jpg 150w, https:\/\/gemeindebuechereikastl.de\/wp-content\/uploads\/2022\/07\/Ein-Buch.jpg 590w\" alt=\"\" width=\"136\" height=\"136\" \/><strong><br \/>\nEIN\u00a0 BUCH <\/strong><strong>\u2013 Der Podcast<\/strong><\/h3>\n<h4><strong>Buchempfehlungen Romane und Krimis<\/strong><\/h4>\n<h4><strong><a href=\"https:\/\/www.michaelsbund.de\/themenwelt\/podcasts\/ein-buch-der-podcast\/\"><em>Link zu \u2013 EIN\u00a0 BUCH<\/em><\/a><\/strong><\/h4>\n<p>&nbsp;<\/p>\n<h3><strong><a href=\"https:\/\/www.michaelsbund.de\/themenwelt\/podcasts\/ein-buch-der-podcast\/\"><em><img loading=\"lazy\" decoding=\"async\" class=\"wp-image-3143 alignleft\" src=\"https:\/\/gemeindebuechereikastl.de\/wp-content\/uploads\/2022\/07\/Michl-300x300.jpg\" sizes=\"auto, (max-width: 254px) 100vw, 254px\" srcset=\"https:\/\/gemeindebuechereikastl.de\/wp-content\/uploads\/2022\/07\/Michl-300x300.jpg 300w, https:\/\/gemeindebuechereikastl.de\/wp-content\/uploads\/2022\/07\/Michl-150x150.jpg 150w, https:\/\/gemeindebuechereikastl.de\/wp-content\/uploads\/2022\/07\/Michl.jpg 400w\" alt=\"\" width=\"146\" height=\"146\" \/><\/em><\/a><\/strong><br \/>\nMICHEL \u2013 Der Podcast<\/h3>\n<h4><strong>f\u00fcr Kinder und Jugendliteratur<\/strong><\/h4>\n<h4><a href=\"https:\/\/www.michaelsbund.de\/themenwelt\/podcasts\/podcast-michel\/\"><strong><em> Link zu \u2013 MICHEL<\/em><\/strong><\/a><\/h4>\n<p>&nbsp;<\/p>\n<h3 style=\"text-align: left;\"><span style=\"color: #ff6600;\"><a href=\"https:\/\/gemeindebuechereikastl.de\/?page_id=3128\"><span style=\"color: #ff6600;\"><span style=\"color: #ff0000;\">Weitere Infos zu den einzelnen Podcast Serien hier!<\/span><\/span><\/a><\/span><\/h3>\n","protected":false},"excerpt":{"rendered":"<p>Podcasts Ein Podcast \u2013 was ist das? Als Podcast versteht sich in erster Linie eine Sammlung von einzelnen Medienbeitr\u00e4gen. Podcasts \u2013 k\u00f6nnen im Audio- oder Videoformat vorliegen: Das Medium \u201ePodcast\u201c wird immer beliebter, jeder dritte Deutsche h\u00f6rt inzwischen zumindest hin und wieder Podcasts Deshalb m\u00f6chten wir vom B\u00fcchereiteam sie \u00fcber hervorragende Podcasts informieren. Hier auf &hellip; <\/p>\n<p><a class=\"more-link btn\" href=\"https:\/\/gemeindebuechereikastl.de\/?p=3137\">Weiterlesen<\/a><\/p>\n","protected":false},"author":1,"featured_media":3131,"comment_status":"closed","ping_status":"closed","sticky":false,"template":"","format":"standard","meta":{"footnotes":""},"categories":[5],"tags":[366,315,368,190,364,363,367,362,195],"class_list":["post-3137","post","type-post","status-publish","format-standard","has-post-thumbnail","hentry","category-news","tag-ein-buch","tag-jugendbuecher","tag-jugendliteratur","tag-kinderbuecher","tag-kinderliteratur","tag-krimis","tag-michel","tag-podcast","tag-romane","item-wrap"],"_links":{"self":[{"href":"https:\/\/gemeindebuechereikastl.de\/index.php?rest_route=\/wp\/v2\/posts\/3137","targetHints":{"allow":["GET"]}}],"collection":[{"href":"https:\/\/gemeindebuechereikastl.de\/index.php?rest_route=\/wp\/v2\/posts"}],"about":[{"href":"https:\/\/gemeindebuechereikastl.de\/index.php?rest_route=\/wp\/v2\/types\/post"}],"author":[{"embeddable":true,"href":"https:\/\/gemeindebuechereikastl.de\/index.php?rest_route=\/wp\/v2\/users\/1"}],"replies":[{"embeddable":true,"href":"https:\/\/gemeindebuechereikastl.de\/index.php?rest_route=%2Fwp%2Fv2%2Fcomments&post=3137"}],"version-history":[{"count":19,"href":"https:\/\/gemeindebuechereikastl.de\/index.php?rest_route=\/wp\/v2\/posts\/3137\/revisions"}],"predecessor-version":[{"id":3173,"href":"https:\/\/gemeindebuechereikastl.de\/index.php?rest_route=\/wp\/v2\/posts\/3137\/revisions\/3173"}],"wp:featuredmedia":[{"embeddable":true,"href":"https:\/\/gemeindebuechereikastl.de\/index.php?rest_route=\/wp\/v2\/media\/3131"}],"wp:attachment":[{"href":"https:\/\/gemeindebuechereikastl.de\/index.php?rest_route=%2Fwp%2Fv2%2Fmedia&parent=3137"}],"wp:term":[{"taxonomy":"category","embeddable":true,"href":"https:\/\/gemeindebuechereikastl.de\/index.php?rest_route=%2Fwp%2Fv2%2Fcategories&post=3137"},{"taxonomy":"post_tag","embeddable":true,"href":"https:\/\/gemeindebuechereikastl.de\/index.php?rest_route=%2Fwp%2Fv2%2Ftags&post=3137"}],"curies":[{"name":"wp","href":"https:\/\/api.w.org\/{rel}","templated":true}]}}