{"id":3194,"date":"2022-08-06T09:30:55","date_gmt":"2022-08-06T09:30:55","guid":{"rendered":"https:\/\/gemeindebuechereikastl.de\/?p=3194"},"modified":"2022-08-06T09:42:48","modified_gmt":"2022-08-06T09:42:48","slug":"zwei-neue-interesante-podcasts-in-unserer-rubrik-potcasts-zu-finden","status":"publish","type":"post","link":"https:\/\/gemeindebuechereikastl.de\/?p=3194","title":{"rendered":"Zwei neue interesante Podcasts in unserer Rubrik &#8222;Potcasts&#8220; zu finden"},"content":{"rendered":"<p><a href=\"https:\/\/www.muenchner-kirchenradio.de\/sendungen\/monika-drasch\/\"><img loading=\"lazy\" decoding=\"async\" class=\"size-medium wp-image-3192 alignleft\" src=\"https:\/\/gemeindebuechereikastl.de\/wp-content\/uploads\/2022\/08\/drasch-300x199.jpg\" alt=\"\" width=\"300\" height=\"199\" srcset=\"https:\/\/gemeindebuechereikastl.de\/wp-content\/uploads\/2022\/08\/drasch-300x199.jpg 300w, https:\/\/gemeindebuechereikastl.de\/wp-content\/uploads\/2022\/08\/drasch.jpg 330w\" sizes=\"auto, (max-width: 300px) 100vw, 300px\" \/> <\/a><\/p>\n<h3><a href=\"https:\/\/www.muenchner-kirchenradio.de\/sendungen\/monika-drasch\/\">Monika Drasch &#8211; Lieder zwischen Himmel und Erde<\/a><\/h3>\n<p>Alpenrock-Fans kennen sie als die Frau mit der Gr\u00fcnen Geige. Aber Monika Drasch kann auch anders: Jeden Monat stellt sie ein Lied vor, das sich um das Kirchenjahr dreht &#8211; mal augenzwinkernd, mal frech aber immer zum Seufzen sch\u00f6n.<\/p>\n<p>&nbsp;<\/p>\n<h3><a href=\"https:\/\/www.muenchner-kirchenradio.de\/sendungen\/schiesslers-woche\/\"><strong><img loading=\"lazy\" decoding=\"async\" class=\"size-medium wp-image-3193 alignleft\" src=\"https:\/\/gemeindebuechereikastl.de\/wp-content\/uploads\/2022\/08\/schiessler-300x199.jpg\" alt=\"\" width=\"300\" height=\"199\" srcset=\"https:\/\/gemeindebuechereikastl.de\/wp-content\/uploads\/2022\/08\/schiessler-300x199.jpg 300w, https:\/\/gemeindebuechereikastl.de\/wp-content\/uploads\/2022\/08\/schiessler.jpg 330w\" sizes=\"auto, (max-width: 300px) 100vw, 300px\" \/>Schie\u00dflers Woche<\/strong><\/a><\/h3>\n<p>Pfarrer Rainer Maria Schie\u00dfler aus M\u00fcnchen wartet nicht darauf, dass die Menschen zu ihm kommen. Er geht dorthin, wo die Menschen eh schon sind. Auch in seinem Podcast nimmt er kein Blatt vor den Mund. Er spricht \u00fcber alles: Grunds\u00e4tzliches, Spirituelles, aber auch kirchenpolitische Fragen.<\/p>\n","protected":false},"excerpt":{"rendered":"<p>Monika Drasch &#8211; Lieder zwischen Himmel und Erde Alpenrock-Fans kennen sie als die Frau mit der Gr\u00fcnen Geige. Aber Monika Drasch kann auch anders: Jeden Monat stellt sie ein Lied vor, das sich um das Kirchenjahr dreht &#8211; mal augenzwinkernd, mal frech aber immer zum Seufzen sch\u00f6n. &nbsp; Schie\u00dflers Woche Pfarrer Rainer Maria Schie\u00dfler aus &hellip; <\/p>\n<p><a class=\"more-link btn\" href=\"https:\/\/gemeindebuechereikastl.de\/?p=3194\">Weiterlesen<\/a><\/p>\n","protected":false},"author":1,"featured_media":3198,"comment_status":"closed","ping_status":"closed","sticky":false,"template":"","format":"standard","meta":{"footnotes":""},"categories":[5],"tags":[377,362,378],"class_list":["post-3194","post","type-post","status-publish","format-standard","has-post-thumbnail","hentry","category-news","tag-drasch","tag-podcast","tag-schiessler","item-wrap"],"_links":{"self":[{"href":"https:\/\/gemeindebuechereikastl.de\/index.php?rest_route=\/wp\/v2\/posts\/3194","targetHints":{"allow":["GET"]}}],"collection":[{"href":"https:\/\/gemeindebuechereikastl.de\/index.php?rest_route=\/wp\/v2\/posts"}],"about":[{"href":"https:\/\/gemeindebuechereikastl.de\/index.php?rest_route=\/wp\/v2\/types\/post"}],"author":[{"embeddable":true,"href":"https:\/\/gemeindebuechereikastl.de\/index.php?rest_route=\/wp\/v2\/users\/1"}],"replies":[{"embeddable":true,"href":"https:\/\/gemeindebuechereikastl.de\/index.php?rest_route=%2Fwp%2Fv2%2Fcomments&post=3194"}],"version-history":[{"count":3,"href":"https:\/\/gemeindebuechereikastl.de\/index.php?rest_route=\/wp\/v2\/posts\/3194\/revisions"}],"predecessor-version":[{"id":3200,"href":"https:\/\/gemeindebuechereikastl.de\/index.php?rest_route=\/wp\/v2\/posts\/3194\/revisions\/3200"}],"wp:featuredmedia":[{"embeddable":true,"href":"https:\/\/gemeindebuechereikastl.de\/index.php?rest_route=\/wp\/v2\/media\/3198"}],"wp:attachment":[{"href":"https:\/\/gemeindebuechereikastl.de\/index.php?rest_route=%2Fwp%2Fv2%2Fmedia&parent=3194"}],"wp:term":[{"taxonomy":"category","embeddable":true,"href":"https:\/\/gemeindebuechereikastl.de\/index.php?rest_route=%2Fwp%2Fv2%2Fcategories&post=3194"},{"taxonomy":"post_tag","embeddable":true,"href":"https:\/\/gemeindebuechereikastl.de\/index.php?rest_route=%2Fwp%2Fv2%2Ftags&post=3194"}],"curies":[{"name":"wp","href":"https:\/\/api.w.org\/{rel}","templated":true}]}}