{"id":3201,"date":"2022-08-08T16:27:21","date_gmt":"2022-08-08T16:27:21","guid":{"rendered":"https:\/\/gemeindebuechereikastl.de\/?p=3201"},"modified":"2022-08-08T17:24:39","modified_gmt":"2022-08-08T17:24:39","slug":"einen-schoenen-ferientag-erlebten-die-kinder-auf-der-luisenburg","status":"publish","type":"post","link":"https:\/\/gemeindebuechereikastl.de\/?p=3201","title":{"rendered":"Einen sch\u00f6nen Ferientag erlebten die Kinder auf der Luisenburg"},"content":{"rendered":"<h2 class=\"Presse\" style=\"text-align: center;\"><span style=\"color: #ff6600;\"><strong>Mit den Trollen und im Felsenlabyrinth erlebten die Kastler Ferienkinder einen erlebnisreichen Tag<\/strong><\/span><\/h2>\n<p class=\"Presse\" style=\"text-align: center;\"><span style=\"font-weight: normal; text-decoration: none; text-underline: none;\">Einen sch\u00f6nen Ferientag erlebten die Kinder aus Kastl mit ihren Eltern, Omas und Opas bei der Ferienfahrt, von Gemeindeb\u00fccherei und Kolping die einen Ferientag ins Fichtelgebirge f\u00fchrte.<\/span><\/p>\n<p><img loading=\"lazy\" decoding=\"async\" class=\"wp-image-3215 size-full aligncenter\" src=\"https:\/\/gemeindebuechereikastl.de\/wp-content\/uploads\/2022\/08\/Ferienfahrt-scaled.jpg\" alt=\"\" width=\"2560\" height=\"1819\" srcset=\"https:\/\/gemeindebuechereikastl.de\/wp-content\/uploads\/2022\/08\/Ferienfahrt-scaled.jpg 2560w, https:\/\/gemeindebuechereikastl.de\/wp-content\/uploads\/2022\/08\/Ferienfahrt-300x213.jpg 300w, https:\/\/gemeindebuechereikastl.de\/wp-content\/uploads\/2022\/08\/Ferienfahrt-1603x1139.jpg 1603w, https:\/\/gemeindebuechereikastl.de\/wp-content\/uploads\/2022\/08\/Ferienfahrt-768x546.jpg 768w, https:\/\/gemeindebuechereikastl.de\/wp-content\/uploads\/2022\/08\/Ferienfahrt-1536x1091.jpg 1536w, https:\/\/gemeindebuechereikastl.de\/wp-content\/uploads\/2022\/08\/Ferienfahrt-2048x1455.jpg 2048w, https:\/\/gemeindebuechereikastl.de\/wp-content\/uploads\/2022\/08\/Ferienfahrt-750x533.jpg 750w\" sizes=\"auto, (max-width: 2560px) 100vw, 2560px\" \/><\/p>\n<p class=\"Presse\"><span style=\"font-weight: normal; text-decoration: none; text-underline: none;\">Bereits in der Fr\u00fch ging es mit dem Bus los Richtung Wunsiedel, dort angekommen war man beim Familienst\u00fcck \u201eTrolle unter uns\u201c auf der Luisenburg B\u00fchne live dabei. Ein Familienmusical, das gl\u00e4nzte mit <\/span><span style=\"font-weight: normal; text-decoration: none; text-underline: none;\"><img loading=\"lazy\" decoding=\"async\" class=\"wp-image-3205 alignleft\" src=\"https:\/\/gemeindebuechereikastl.de\/wp-content\/uploads\/2022\/08\/trolle-1-1603x1089.jpg\" alt=\"\" width=\"543\" height=\"369\" srcset=\"https:\/\/gemeindebuechereikastl.de\/wp-content\/uploads\/2022\/08\/trolle-1-1603x1089.jpg 1603w, https:\/\/gemeindebuechereikastl.de\/wp-content\/uploads\/2022\/08\/trolle-1-300x204.jpg 300w, https:\/\/gemeindebuechereikastl.de\/wp-content\/uploads\/2022\/08\/trolle-1-768x522.jpg 768w, https:\/\/gemeindebuechereikastl.de\/wp-content\/uploads\/2022\/08\/trolle-1-1536x1043.jpg 1536w, https:\/\/gemeindebuechereikastl.de\/wp-content\/uploads\/2022\/08\/trolle-1-2048x1391.jpg 2048w, https:\/\/gemeindebuechereikastl.de\/wp-content\/uploads\/2022\/08\/trolle-1-750x509.jpg 750w\" sizes=\"auto, (max-width: 543px) 100vw, 543px\" \/><\/span><span style=\"font-weight: normal; text-decoration: none; text-underline: none;\">vollen schr\u00e4gen Einf\u00e4llen, irrer, fantastischer Figuren und einer Ausstattung, die die Welt der norwegischen Trolle auf die Felsenb\u00fchne zaubert. \u201eTrolle unter uns\u201c war schr\u00e4ges, verr\u00fccktes Musiktheater, das mit hemmungslosem Humor den Zeitgeist auf die Schippe nimmt.<\/span><\/p>\n<p class=\"Presse\"><span style=\"font-weight: normal; text-decoration: none; text-underline: none;\">Im St\u00fcck ging es um den 12-j\u00e4hrigen Computerfreaks Elmar deren r Eltern auf der Fahrt in den Urlaub in der Wildnis Norwegens auf mysteri\u00f6se Weise vom Wald verschluckt werden. Unter Mithilfe der aus dem Nichts a<\/span><span style=\"font-weight: normal; text-decoration: none; text-underline: none;\"><img loading=\"lazy\" decoding=\"async\" class=\"wp-image-3206 alignright\" src=\"https:\/\/gemeindebuechereikastl.de\/wp-content\/uploads\/2022\/08\/trolle-2-1603x944.jpg\" alt=\"\" width=\"524\" height=\"309\" srcset=\"https:\/\/gemeindebuechereikastl.de\/wp-content\/uploads\/2022\/08\/trolle-2-1603x944.jpg 1603w, https:\/\/gemeindebuechereikastl.de\/wp-content\/uploads\/2022\/08\/trolle-2-300x177.jpg 300w, https:\/\/gemeindebuechereikastl.de\/wp-content\/uploads\/2022\/08\/trolle-2-768x452.jpg 768w, https:\/\/gemeindebuechereikastl.de\/wp-content\/uploads\/2022\/08\/trolle-2-1536x905.jpg 1536w, https:\/\/gemeindebuechereikastl.de\/wp-content\/uploads\/2022\/08\/trolle-2-2048x1206.jpg 2048w, https:\/\/gemeindebuechereikastl.de\/wp-content\/uploads\/2022\/08\/trolle-2-750x442.jpg 750w\" sizes=\"auto, (max-width: 524px) 100vw, 524px\" \/><\/span><span style=\"font-weight: normal; text-decoration: none; text-underline: none;\">uftauchenden geheimnisvollen Lena findet er heraus, dass diese wohl in eine Parallelwelt der Trolle, die sogenannte \u201eKehrwelt\u201c geraten sind.<br \/>\n<\/span><span style=\"font-weight: normal; text-decoration: none; text-underline: none;\">Auf der abenteuerlichen Suche nach seinen Eltern treffen Elmar und Lena auf den steinfressenden Troll Pelle und die verr\u00fcckte Klimaretterin Professor Dilldall, die sich ihnen anschlie\u00dfen. Gemeinsam trotzen sie der Gefahr bei den autokratischen Herrschern \u00fcber die Trollwelt, dem furzenden King Burger und dem sadistischen King Coal.<\/span><\/p>\n<p class=\"Presse\"><span style=\"font-weight: normal; text-decoration: none; text-underline: none;\"><img loading=\"lazy\" decoding=\"async\" class=\"wp-image-3204 alignleft\" src=\"https:\/\/gemeindebuechereikastl.de\/wp-content\/uploads\/2022\/08\/Felsen-2-1603x1202.jpg\" alt=\"\" width=\"388\" height=\"291\" srcset=\"https:\/\/gemeindebuechereikastl.de\/wp-content\/uploads\/2022\/08\/Felsen-2-1603x1202.jpg 1603w, https:\/\/gemeindebuechereikastl.de\/wp-content\/uploads\/2022\/08\/Felsen-2-300x225.jpg 300w, https:\/\/gemeindebuechereikastl.de\/wp-content\/uploads\/2022\/08\/Felsen-2-768x576.jpg 768w, https:\/\/gemeindebuechereikastl.de\/wp-content\/uploads\/2022\/08\/Felsen-2-1536x1152.jpg 1536w, https:\/\/gemeindebuechereikastl.de\/wp-content\/uploads\/2022\/08\/Felsen-2-750x563.jpg 750w, https:\/\/gemeindebuechereikastl.de\/wp-content\/uploads\/2022\/08\/Felsen-2.jpg 2048w\" sizes=\"auto, (max-width: 388px) 100vw, 388px\" \/><\/span><span style=\"font-weight: normal; text-decoration: none; text-underline: none;\">Nach dem St\u00fcck \u201eTrolle unter uns\u201c mit den nordischen <\/span><span style=\"font-weight: normal; text-decoration: none; text-underline: none;\">Fabelwesen, ging es dann am Nachmittag noch ins Felsenlabyrinth. Das Luisenburg-Felsenlabyrinth ist ein Felsenmeer aus Granitbl\u00f6cken mit Ausma\u00dfen von mehreren Metern und Teil des Naturschutzgebietes. Riesige Felsbrocken, umrandet von H\u00f6hlen und Schluchten, bestimmen diesen einzigartigen Landschaftsgarten. Hier hatten die Kinder an der Krabbelei und Kletterei sowie beim Verstecken zwischen den Felsen ihre Freude.<\/span><\/p>\n","protected":false},"excerpt":{"rendered":"<p>Mit den Trollen und im Felsenlabyrinth erlebten die Kastler Ferienkinder einen erlebnisreichen Tag Einen sch\u00f6nen Ferientag erlebten die Kinder aus Kastl mit ihren Eltern, Omas und Opas bei der Ferienfahrt, von Gemeindeb\u00fccherei und Kolping die einen Ferientag ins Fichtelgebirge f\u00fchrte. Bereits in der Fr\u00fch ging es mit dem Bus los Richtung Wunsiedel, dort angekommen war &hellip; <\/p>\n<p><a class=\"more-link btn\" href=\"https:\/\/gemeindebuechereikastl.de\/?p=3201\">Weiterlesen<\/a><\/p>\n","protected":false},"author":1,"featured_media":3205,"comment_status":"closed","ping_status":"closed","sticky":false,"template":"","format":"standard","meta":{"footnotes":""},"categories":[5],"tags":[361,51,52,70,247,360,53],"class_list":["post-3201","post","type-post","status-publish","format-standard","has-post-thumbnail","hentry","category-news","tag-felsenlabyrinth","tag-ferien","tag-ferienfahrt","tag-luisenburg","tag-luisenburg-festspiele","tag-trolle","tag-wunsiedel","item-wrap"],"_links":{"self":[{"href":"https:\/\/gemeindebuechereikastl.de\/index.php?rest_route=\/wp\/v2\/posts\/3201","targetHints":{"allow":["GET"]}}],"collection":[{"href":"https:\/\/gemeindebuechereikastl.de\/index.php?rest_route=\/wp\/v2\/posts"}],"about":[{"href":"https:\/\/gemeindebuechereikastl.de\/index.php?rest_route=\/wp\/v2\/types\/post"}],"author":[{"embeddable":true,"href":"https:\/\/gemeindebuechereikastl.de\/index.php?rest_route=\/wp\/v2\/users\/1"}],"replies":[{"embeddable":true,"href":"https:\/\/gemeindebuechereikastl.de\/index.php?rest_route=%2Fwp%2Fv2%2Fcomments&post=3201"}],"version-history":[{"count":6,"href":"https:\/\/gemeindebuechereikastl.de\/index.php?rest_route=\/wp\/v2\/posts\/3201\/revisions"}],"predecessor-version":[{"id":3216,"href":"https:\/\/gemeindebuechereikastl.de\/index.php?rest_route=\/wp\/v2\/posts\/3201\/revisions\/3216"}],"wp:featuredmedia":[{"embeddable":true,"href":"https:\/\/gemeindebuechereikastl.de\/index.php?rest_route=\/wp\/v2\/media\/3205"}],"wp:attachment":[{"href":"https:\/\/gemeindebuechereikastl.de\/index.php?rest_route=%2Fwp%2Fv2%2Fmedia&parent=3201"}],"wp:term":[{"taxonomy":"category","embeddable":true,"href":"https:\/\/gemeindebuechereikastl.de\/index.php?rest_route=%2Fwp%2Fv2%2Fcategories&post=3201"},{"taxonomy":"post_tag","embeddable":true,"href":"https:\/\/gemeindebuechereikastl.de\/index.php?rest_route=%2Fwp%2Fv2%2Ftags&post=3201"}],"curies":[{"name":"wp","href":"https:\/\/api.w.org\/{rel}","templated":true}]}}