{"id":3218,"date":"2022-08-10T06:55:24","date_gmt":"2022-08-10T06:55:24","guid":{"rendered":"https:\/\/gemeindebuechereikastl.de\/?p=3218"},"modified":"2022-08-13T18:02:34","modified_gmt":"2022-08-13T18:02:34","slug":"buechereiteam-wieder-mit-buecherflohmarkt-beim-markt-im-markt-kastl-vertreten","status":"publish","type":"post","link":"https:\/\/gemeindebuechereikastl.de\/?p=3218","title":{"rendered":"B\u00fccherflohmarkt des B\u00fcchereiteams bei den Marktbesuchern sehr beliebt"},"content":{"rendered":"<div class=\"entry-content clearfix\">\n<h2 style=\"text-align: center;\"><span style=\"color: #ff6600;\">Das Team der Gemeindeb\u00fccherei Kastl war mit ihrem B\u00fccherflohmarkt\u00a0 auch im August beim<\/span><br \/>\n<span style=\"color: #ff6600;\"><strong> &#8222;Markt im Markt Kastl&#8220; <\/strong>mit vertreten.<\/span><\/h2>\n<p style=\"text-align: left;\"><strong> <img loading=\"lazy\" decoding=\"async\" class=\"aligncenter wp-image-3235 size-large\" src=\"https:\/\/gemeindebuechereikastl.de\/wp-content\/uploads\/2022\/08\/August-1-1603x1098.jpg\" alt=\"\" width=\"750\" height=\"514\" srcset=\"https:\/\/gemeindebuechereikastl.de\/wp-content\/uploads\/2022\/08\/August-1-1603x1098.jpg 1603w, https:\/\/gemeindebuechereikastl.de\/wp-content\/uploads\/2022\/08\/August-1-300x206.jpg 300w, https:\/\/gemeindebuechereikastl.de\/wp-content\/uploads\/2022\/08\/August-1-768x526.jpg 768w, https:\/\/gemeindebuechereikastl.de\/wp-content\/uploads\/2022\/08\/August-1-1536x1052.jpg 1536w, https:\/\/gemeindebuechereikastl.de\/wp-content\/uploads\/2022\/08\/August-1-2048x1403.jpg 2048w, https:\/\/gemeindebuechereikastl.de\/wp-content\/uploads\/2022\/08\/August-1-750x514.jpg 750w\" sizes=\"auto, (max-width: 750px) 100vw, 750px\" \/><\/strong><\/p>\n<p style=\"text-align: left;\">Beim Augustmarkt konnte das Team viele neue gut erhaltene B\u00fccher anbieten. Weil zum einen die Best\u00e4nde in der B\u00fccherei gesichtet wurden und zum Anderen wir auch wieder einige private Buchspenden erhalten <img loading=\"lazy\" decoding=\"async\" class=\"alignleft wp-image-3236 \" src=\"https:\/\/gemeindebuechereikastl.de\/wp-content\/uploads\/2022\/08\/August-2-1603x995.jpg\" alt=\"\" width=\"377\" height=\"234\" srcset=\"https:\/\/gemeindebuechereikastl.de\/wp-content\/uploads\/2022\/08\/August-2-1603x995.jpg 1603w, https:\/\/gemeindebuechereikastl.de\/wp-content\/uploads\/2022\/08\/August-2-300x186.jpg 300w, https:\/\/gemeindebuechereikastl.de\/wp-content\/uploads\/2022\/08\/August-2-768x477.jpg 768w, https:\/\/gemeindebuechereikastl.de\/wp-content\/uploads\/2022\/08\/August-2-1536x954.jpg 1536w, https:\/\/gemeindebuechereikastl.de\/wp-content\/uploads\/2022\/08\/August-2-2048x1272.jpg 2048w, https:\/\/gemeindebuechereikastl.de\/wp-content\/uploads\/2022\/08\/August-2-750x466.jpg 750w\" sizes=\"auto, (max-width: 377px) 100vw, 377px\" \/>haben, die wir am August-Flohmarkt mit anboten.<\/p>\n<p>Der B\u00fccherflohmarkt war sehr beliebt und immer von Besuchern umlagert, die aus dem gro\u00dfen Angebot ihre Liebelingsb\u00fccher fanden. Bei der Schn\u00e4ppchenjagd bestimmten die Buchliebhaber ihren Preis selbst. und spendeten einfach den Betrag, was ihnen die B\u00fccher bzw. die DVDs, Spiele und H\u00f6rb\u00fccher wert waren.<\/p>\n<h4 style=\"text-align: center;\"><span style=\"color: #ff6600;\"><strong>Das Team m\u00f6chte sich bei allen Spendern f\u00fcr die gro\u00dfz\u00fcgigen Spenden<\/strong><strong> recht herzlich bedanken, auch f\u00fcr die diversen Buchspenden!<\/strong><\/span><\/h4>\n<h4 style=\"text-align: center;\"><span style=\"color: #ff6600;\"><strong>Der Erl\u00f6s aus den Geldspenden wird komplett f\u00fcr den Neuerwerb von\u00a0 B\u00fcchern und Medien verwendet und kommt somit allen Leserrinnen und Lesern der Kastler Gemeindeb\u00fccherei zugute. \u00a0<\/strong><\/span><\/h4>\n<\/div>\n","protected":false},"excerpt":{"rendered":"<p>Das Team der Gemeindeb\u00fccherei Kastl war mit ihrem B\u00fccherflohmarkt\u00a0 auch im August beim &#8222;Markt im Markt Kastl&#8220; mit vertreten. Beim Augustmarkt konnte das Team viele neue gut erhaltene B\u00fccher anbieten. Weil zum einen die Best\u00e4nde in der B\u00fccherei gesichtet wurden und zum Anderen wir auch wieder einige private Buchspenden erhalten haben, die wir am August-Flohmarkt &hellip; <\/p>\n<p><a class=\"more-link btn\" href=\"https:\/\/gemeindebuechereikastl.de\/?p=3218\">Weiterlesen<\/a><\/p>\n","protected":false},"author":1,"featured_media":3235,"comment_status":"closed","ping_status":"closed","sticky":false,"template":"","format":"standard","meta":{"footnotes":""},"categories":[5],"tags":[60,59,197],"class_list":["post-3218","post","type-post","status-publish","format-standard","has-post-thumbnail","hentry","category-news","tag-buecherflohmarkt","tag-flohmarkt","tag-markt-im-markt-kastl","item-wrap"],"_links":{"self":[{"href":"https:\/\/gemeindebuechereikastl.de\/index.php?rest_route=\/wp\/v2\/posts\/3218","targetHints":{"allow":["GET"]}}],"collection":[{"href":"https:\/\/gemeindebuechereikastl.de\/index.php?rest_route=\/wp\/v2\/posts"}],"about":[{"href":"https:\/\/gemeindebuechereikastl.de\/index.php?rest_route=\/wp\/v2\/types\/post"}],"author":[{"embeddable":true,"href":"https:\/\/gemeindebuechereikastl.de\/index.php?rest_route=\/wp\/v2\/users\/1"}],"replies":[{"embeddable":true,"href":"https:\/\/gemeindebuechereikastl.de\/index.php?rest_route=%2Fwp%2Fv2%2Fcomments&post=3218"}],"version-history":[{"count":11,"href":"https:\/\/gemeindebuechereikastl.de\/index.php?rest_route=\/wp\/v2\/posts\/3218\/revisions"}],"predecessor-version":[{"id":3239,"href":"https:\/\/gemeindebuechereikastl.de\/index.php?rest_route=\/wp\/v2\/posts\/3218\/revisions\/3239"}],"wp:featuredmedia":[{"embeddable":true,"href":"https:\/\/gemeindebuechereikastl.de\/index.php?rest_route=\/wp\/v2\/media\/3235"}],"wp:attachment":[{"href":"https:\/\/gemeindebuechereikastl.de\/index.php?rest_route=%2Fwp%2Fv2%2Fmedia&parent=3218"}],"wp:term":[{"taxonomy":"category","embeddable":true,"href":"https:\/\/gemeindebuechereikastl.de\/index.php?rest_route=%2Fwp%2Fv2%2Fcategories&post=3218"},{"taxonomy":"post_tag","embeddable":true,"href":"https:\/\/gemeindebuechereikastl.de\/index.php?rest_route=%2Fwp%2Fv2%2Ftags&post=3218"}],"curies":[{"name":"wp","href":"https:\/\/api.w.org\/{rel}","templated":true}]}}