{"id":3247,"date":"2022-08-22T12:06:18","date_gmt":"2022-08-22T12:06:18","guid":{"rendered":"https:\/\/gemeindebuechereikastl.de\/?p=3247"},"modified":"2022-08-22T12:15:55","modified_gmt":"2022-08-22T12:15:55","slug":"wer-mag-uns-lesen-tolle-kinderbuecher-zum-entdecken","status":"publish","type":"post","link":"https:\/\/gemeindebuechereikastl.de\/?p=3247","title":{"rendered":"Wer mag uns lesen? &#8211; Tolle Kinderb\u00fccher zum Entdecken"},"content":{"rendered":"<h2 style=\"text-align: center;\"><img loading=\"lazy\" decoding=\"async\" class=\"wp-image-3248 alignleft\" src=\"https:\/\/gemeindebuechereikastl.de\/wp-content\/uploads\/2022\/08\/wer-mag-uns-lesen-679x1206.jpg\" alt=\"\" width=\"369\" height=\"655\" srcset=\"https:\/\/gemeindebuechereikastl.de\/wp-content\/uploads\/2022\/08\/wer-mag-uns-lesen-679x1206.jpg 679w, https:\/\/gemeindebuechereikastl.de\/wp-content\/uploads\/2022\/08\/wer-mag-uns-lesen-169x300.jpg 169w, https:\/\/gemeindebuechereikastl.de\/wp-content\/uploads\/2022\/08\/wer-mag-uns-lesen-768x1364.jpg 768w, https:\/\/gemeindebuechereikastl.de\/wp-content\/uploads\/2022\/08\/wer-mag-uns-lesen-865x1536.jpg 865w, https:\/\/gemeindebuechereikastl.de\/wp-content\/uploads\/2022\/08\/wer-mag-uns-lesen-1153x2048.jpg 1153w, https:\/\/gemeindebuechereikastl.de\/wp-content\/uploads\/2022\/08\/wer-mag-uns-lesen-750x1332.jpg 750w, https:\/\/gemeindebuechereikastl.de\/wp-content\/uploads\/2022\/08\/wer-mag-uns-lesen-scaled.jpg 1441w\" sizes=\"auto, (max-width: 369px) 100vw, 369px\" \/><span style=\"color: #ff6600;\">Wer mag uns lesen? &#8211; Buchausstellungen mit interessanten Kinderb\u00fcchern<\/span><\/h2>\n<p style=\"text-align: left;\">Wie vielf\u00e4ltig das Angebot der Kastler Gemeindeb\u00fccherei im Bereich der Kinderliteratur ist, f\u00e4llt einen bei den monatlichen Buchausstellungen im Eingangsberiech auf, wo wir Interessante Kinderb\u00fccher aus den verschiedensten Bereichen herausstellen und auf dem B\u00fcchertisch pr\u00e4sentieren.<\/p>\n<p style=\"text-align: left;\">In der aktuellen Ausstellung stellen wir interessante und gro\u00dfartige Kinderb\u00fccher und Kindersachb\u00fccher vor, die zwar schon etwas in die Jahre gekommen sind, aber dennoch Wert sind entdeckt und nat\u00fcrlich auch gelesen zu werden.<\/p>\n<p style=\"text-align: left;\">Weitere tolle, aktuelle und lesenswerte Kinderb\u00fccher gibt es bei einem Besuch in der Gemeindeb\u00fccherei oder auch in unserem <strong><a href=\"https:\/\/iopac.gemeindebuechereikastl.de\/\">\u201eOnline-Katalog\u201c\u00a0<\/a><\/strong>zu entdecken.<\/p>\n<h4 style=\"text-align: left;\">Viel Spa\u00df beim St\u00f6bern &#8211; Ihr B\u00fcchereiteam<\/h4>\n","protected":false},"excerpt":{"rendered":"<p>Wer mag uns lesen? &#8211; Buchausstellungen mit interessanten Kinderb\u00fcchern Wie vielf\u00e4ltig das Angebot der Kastler Gemeindeb\u00fccherei im Bereich der Kinderliteratur ist, f\u00e4llt einen bei den monatlichen Buchausstellungen im Eingangsberiech auf, wo wir Interessante Kinderb\u00fccher aus den verschiedensten Bereichen herausstellen und auf dem B\u00fcchertisch pr\u00e4sentieren. In der aktuellen Ausstellung stellen wir interessante und gro\u00dfartige Kinderb\u00fccher und &hellip; <\/p>\n<p><a class=\"more-link btn\" href=\"https:\/\/gemeindebuechereikastl.de\/?p=3247\">Weiterlesen<\/a><\/p>\n","protected":false},"author":1,"featured_media":3248,"comment_status":"closed","ping_status":"closed","sticky":false,"template":"","format":"standard","meta":{"footnotes":""},"categories":[5],"tags":[192,194,190],"class_list":["post-3247","post","type-post","status-publish","format-standard","has-post-thumbnail","hentry","category-news","tag-ausstellung","tag-buchausstellung","tag-kinderbuecher","item-wrap"],"_links":{"self":[{"href":"https:\/\/gemeindebuechereikastl.de\/index.php?rest_route=\/wp\/v2\/posts\/3247","targetHints":{"allow":["GET"]}}],"collection":[{"href":"https:\/\/gemeindebuechereikastl.de\/index.php?rest_route=\/wp\/v2\/posts"}],"about":[{"href":"https:\/\/gemeindebuechereikastl.de\/index.php?rest_route=\/wp\/v2\/types\/post"}],"author":[{"embeddable":true,"href":"https:\/\/gemeindebuechereikastl.de\/index.php?rest_route=\/wp\/v2\/users\/1"}],"replies":[{"embeddable":true,"href":"https:\/\/gemeindebuechereikastl.de\/index.php?rest_route=%2Fwp%2Fv2%2Fcomments&post=3247"}],"version-history":[{"count":5,"href":"https:\/\/gemeindebuechereikastl.de\/index.php?rest_route=\/wp\/v2\/posts\/3247\/revisions"}],"predecessor-version":[{"id":3251,"href":"https:\/\/gemeindebuechereikastl.de\/index.php?rest_route=\/wp\/v2\/posts\/3247\/revisions\/3251"}],"wp:featuredmedia":[{"embeddable":true,"href":"https:\/\/gemeindebuechereikastl.de\/index.php?rest_route=\/wp\/v2\/media\/3248"}],"wp:attachment":[{"href":"https:\/\/gemeindebuechereikastl.de\/index.php?rest_route=%2Fwp%2Fv2%2Fmedia&parent=3247"}],"wp:term":[{"taxonomy":"category","embeddable":true,"href":"https:\/\/gemeindebuechereikastl.de\/index.php?rest_route=%2Fwp%2Fv2%2Fcategories&post=3247"},{"taxonomy":"post_tag","embeddable":true,"href":"https:\/\/gemeindebuechereikastl.de\/index.php?rest_route=%2Fwp%2Fv2%2Ftags&post=3247"}],"curies":[{"name":"wp","href":"https:\/\/api.w.org\/{rel}","templated":true}]}}