{"id":3255,"date":"2022-08-29T13:10:38","date_gmt":"2022-08-29T13:10:38","guid":{"rendered":"https:\/\/gemeindebuechereikastl.de\/?p=3255"},"modified":"2022-08-29T13:11:59","modified_gmt":"2022-08-29T13:11:59","slug":"60-jahre-raeuber-hotzenplotz-ausstellung-mit-buechern-cds-und-tonies","status":"publish","type":"post","link":"https:\/\/gemeindebuechereikastl.de\/?p=3255","title":{"rendered":"60 Jahre R\u00e4uber Hotzenplotz &#8211; Ausstellung mit B\u00fcchern, CDs und Tonies"},"content":{"rendered":"<p><img loading=\"lazy\" decoding=\"async\" class=\"size-medium wp-image-3259 alignleft\" src=\"https:\/\/gemeindebuechereikastl.de\/wp-content\/uploads\/2022\/08\/Raeuber-Hotzenplotz-202x300.jpg\" alt=\"\" width=\"202\" height=\"300\" srcset=\"https:\/\/gemeindebuechereikastl.de\/wp-content\/uploads\/2022\/08\/Raeuber-Hotzenplotz-202x300.jpg 202w, https:\/\/gemeindebuechereikastl.de\/wp-content\/uploads\/2022\/08\/Raeuber-Hotzenplotz.jpg 283w\" sizes=\"auto, (max-width: 202px) 100vw, 202px\" \/>Am 1. August 1962 erschien der Kinderbuchklassiker &#8222;Der R\u00e4uber Hotzenplotz&#8220;. Otfried Preu\u00dfler schuf damit eine Fantasiewelt, die zum kollektiven Ged\u00e4chtnis unserer Kindheit geh\u00f6rt. Hotzenplotz, Zwackelmann, Dimpfelmoser und nat\u00fcrlich der findige Kasperl erobern Kinderherzen im Sturm &#8211; seit nunmehr 60 Jahren.<\/p>\n<p><img loading=\"lazy\" decoding=\"async\" class=\"wp-image-3257  alignright\" src=\"https:\/\/gemeindebuechereikastl.de\/wp-content\/uploads\/2022\/08\/60-Jahre-Raeuber-639x1206.jpg\" alt=\"\" width=\"316\" height=\"597\" srcset=\"https:\/\/gemeindebuechereikastl.de\/wp-content\/uploads\/2022\/08\/60-Jahre-Raeuber-639x1206.jpg 639w, https:\/\/gemeindebuechereikastl.de\/wp-content\/uploads\/2022\/08\/60-Jahre-Raeuber-159x300.jpg 159w, https:\/\/gemeindebuechereikastl.de\/wp-content\/uploads\/2022\/08\/60-Jahre-Raeuber-768x1449.jpg 768w, https:\/\/gemeindebuechereikastl.de\/wp-content\/uploads\/2022\/08\/60-Jahre-Raeuber-814x1536.jpg 814w, https:\/\/gemeindebuechereikastl.de\/wp-content\/uploads\/2022\/08\/60-Jahre-Raeuber-1086x2048.jpg 1086w, https:\/\/gemeindebuechereikastl.de\/wp-content\/uploads\/2022\/08\/60-Jahre-Raeuber-750x1415.jpg 750w, https:\/\/gemeindebuechereikastl.de\/wp-content\/uploads\/2022\/08\/60-Jahre-Raeuber-scaled.jpg 1357w\" sizes=\"auto, (max-width: 316px) 100vw, 316px\" \/>Er wird nicht grau, der struppige schwarze Bart unter der &#8222;schrecklichen Hakennase&#8220;. Seit 60 Jahren rauscht die Zeit an R\u00e4uber Hotzenplotz vorbei, w\u00e4hrend er Omas Kaffeem\u00fchle raubt oder andere Frechheiten ersinnt. Damals wie heute lieben Kinder die Scharm\u00fctzel zwischen ihm und dem schlauen Kasperl. Chancen hat der kindgerechte B\u00f6sewicht dabei eigentlich nie. Das Gute siegt immer, denn das geh\u00f6rt sich so in einem ordentlichen Kasperletheaterst\u00fcck.<\/p>\n<p style=\"text-align: left;\">Nat\u00fcrlich ist der R\u00e4uber Hotzenplotz auch in der Gemeindeb\u00fccherei Kastl vorhanden mit Zwackelmann, Dimpfelmoser und dem Kasperl. Neben den bekannten B\u00fcchern kann man die Geschichten des R\u00e4ubers Hotzenplotz auch als H\u00f6rbuch oder Tonie erleben.<\/p>\n<p style=\"text-align: center;\"><strong>Das Team hat hierzu eine kleine Ausstellung zusammengestellt. <\/strong><strong>Alle B\u00fccher, H\u00f6rb\u00fccher (CDs) und Tonies vom R\u00e4uber Hotzenplotz gibt es auch in unserem<br \/>\n<a href=\"https:\/\/iopac.gemeindebuechereikastl.de\/\">\u201eOnline-Katalog\u201c\u00a0<\/a>zu entdecken.<\/strong><\/p>\n<p>&#8212;&#8212;&#8212;&#8212;&#8212;&#8212;&#8212;&#8212;&#8212;&#8212;&#8212;&#8212;&#8212;&#8212;&#8212;&#8212;&#8212;&#8212;&#8212;&#8212;&#8212;&#8212;&#8212;&#8212;&#8212;&#8212;&#8212;&#8212;&#8212;&#8211;<\/p>\n<h3><img loading=\"lazy\" decoding=\"async\" class=\"wp-image-3260 alignleft\" src=\"https:\/\/gemeindebuechereikastl.de\/wp-content\/uploads\/2022\/08\/Preussler.jpg\" alt=\"\" width=\"132\" height=\"202\" srcset=\"https:\/\/gemeindebuechereikastl.de\/wp-content\/uploads\/2022\/08\/Preussler.jpg 274w, https:\/\/gemeindebuechereikastl.de\/wp-content\/uploads\/2022\/08\/Preussler-196x300.jpg 196w\" sizes=\"auto, (max-width: 132px) 100vw, 132px\" \/><\/h3>\n<h3><strong>Buch \u00fcber Otfried Preu\u00dflers fr\u00fche Jahre enth\u00fcllt Erstaunliches<\/strong><\/h3>\n<p><strong>Kindheit, Jugend und Kriegserlebnisse des ber\u00fchmten Kinderbuchautors.<\/strong><\/p>\n<p>&#8222;Krabat&#8220;, &#8222;Der R\u00e4uber Hotzenplotz&#8220;, &#8222;Das kleine Gespenst&#8220; und &#8222;Die kleine Hexe&#8220; &#8211; mit diesen Kinder- und Jugendb\u00fcchern wurde Otfried Preu\u00dfler weltber\u00fchmt. Dass er in diesen B\u00fcchern auch seine Traumata verarbeitete und bereits als Jugendlicher im Zweiten Weltkrieg sowie in sowjetischer Kriegsgefangenschaft Gedichte und Theaterst\u00fccke schrieb, ist erst jetzt &#8211; durch eine neue Biografie &#8211; bekannt geworden<\/p>\n<h4>Diese Biografie &#8222;Kind einer schwierigen Zeit&#8220; \u00fcber Otfried Preu\u00dfler gibt es ab dem<br \/>\n&#8222;Tag der offenen T\u00fcr&#8220; am 9. Oktober bei uns in der B\u00fccherei zum Entleihen!<\/h4>\n","protected":false},"excerpt":{"rendered":"<p>Am 1. August 1962 erschien der Kinderbuchklassiker &#8222;Der R\u00e4uber Hotzenplotz&#8220;. Otfried Preu\u00dfler schuf damit eine Fantasiewelt, die zum kollektiven Ged\u00e4chtnis unserer Kindheit geh\u00f6rt. Hotzenplotz, Zwackelmann, Dimpfelmoser und nat\u00fcrlich der findige Kasperl erobern Kinderherzen im Sturm &#8211; seit nunmehr 60 Jahren. Er wird nicht grau, der struppige schwarze Bart unter der &#8222;schrecklichen Hakennase&#8220;. Seit 60 Jahren &hellip; <\/p>\n<p><a class=\"more-link btn\" href=\"https:\/\/gemeindebuechereikastl.de\/?p=3255\">Weiterlesen<\/a><\/p>\n","protected":false},"author":1,"featured_media":3259,"comment_status":"closed","ping_status":"closed","sticky":false,"template":"","format":"standard","meta":{"footnotes":""},"categories":[1],"tags":[380,194,381,382,379],"class_list":["post-3255","post","type-post","status-publish","format-standard","has-post-thumbnail","hentry","category-team","tag-60-jahre","tag-buchausstellung","tag-kinderbuch","tag-preussler-otfried","tag-raeuber-hotzenplotz","item-wrap"],"_links":{"self":[{"href":"https:\/\/gemeindebuechereikastl.de\/index.php?rest_route=\/wp\/v2\/posts\/3255","targetHints":{"allow":["GET"]}}],"collection":[{"href":"https:\/\/gemeindebuechereikastl.de\/index.php?rest_route=\/wp\/v2\/posts"}],"about":[{"href":"https:\/\/gemeindebuechereikastl.de\/index.php?rest_route=\/wp\/v2\/types\/post"}],"author":[{"embeddable":true,"href":"https:\/\/gemeindebuechereikastl.de\/index.php?rest_route=\/wp\/v2\/users\/1"}],"replies":[{"embeddable":true,"href":"https:\/\/gemeindebuechereikastl.de\/index.php?rest_route=%2Fwp%2Fv2%2Fcomments&post=3255"}],"version-history":[{"count":3,"href":"https:\/\/gemeindebuechereikastl.de\/index.php?rest_route=\/wp\/v2\/posts\/3255\/revisions"}],"predecessor-version":[{"id":3263,"href":"https:\/\/gemeindebuechereikastl.de\/index.php?rest_route=\/wp\/v2\/posts\/3255\/revisions\/3263"}],"wp:featuredmedia":[{"embeddable":true,"href":"https:\/\/gemeindebuechereikastl.de\/index.php?rest_route=\/wp\/v2\/media\/3259"}],"wp:attachment":[{"href":"https:\/\/gemeindebuechereikastl.de\/index.php?rest_route=%2Fwp%2Fv2%2Fmedia&parent=3255"}],"wp:term":[{"taxonomy":"category","embeddable":true,"href":"https:\/\/gemeindebuechereikastl.de\/index.php?rest_route=%2Fwp%2Fv2%2Fcategories&post=3255"},{"taxonomy":"post_tag","embeddable":true,"href":"https:\/\/gemeindebuechereikastl.de\/index.php?rest_route=%2Fwp%2Fv2%2Ftags&post=3255"}],"curies":[{"name":"wp","href":"https:\/\/api.w.org\/{rel}","templated":true}]}}