{"id":3264,"date":"2022-08-30T07:35:14","date_gmt":"2022-08-30T07:35:14","guid":{"rendered":"https:\/\/gemeindebuechereikastl.de\/?p=3264"},"modified":"2022-08-30T09:05:03","modified_gmt":"2022-08-30T09:05:03","slug":"neuer-podcast-kitaraadio","status":"publish","type":"post","link":"https:\/\/gemeindebuechereikastl.de\/?p=3264","title":{"rendered":"Neuer Podcast &#8211; Kitaradio"},"content":{"rendered":"<h3><strong><a href=\"https:\/\/www.michaelsbund.de\/themenwelt\/podcasts\/kitaradio\/\"><img loading=\"lazy\" decoding=\"async\" class=\"size-medium wp-image-3265 alignleft\" src=\"https:\/\/gemeindebuechereikastl.de\/wp-content\/uploads\/2022\/08\/kitaradio-300x180.jpg\" alt=\"\" width=\"300\" height=\"180\" srcset=\"https:\/\/gemeindebuechereikastl.de\/wp-content\/uploads\/2022\/08\/kitaradio-300x180.jpg 300w, https:\/\/gemeindebuechereikastl.de\/wp-content\/uploads\/2022\/08\/kitaradio-768x460.jpg 768w, https:\/\/gemeindebuechereikastl.de\/wp-content\/uploads\/2022\/08\/kitaradio-750x449.jpg 750w, https:\/\/gemeindebuechereikastl.de\/wp-content\/uploads\/2022\/08\/kitaradio.jpg 1000w\" sizes=\"auto, (max-width: 300px) 100vw, 300px\" \/><\/a>Jede Woche neu! &#8211; Kitaradio als Podcast<br \/>\n<\/strong><\/h3>\n<p>Wir pr\u00e4sentieren w\u00f6chentlich neue Buchtipps des &#8222;Kitaradios&#8220; (M\u00fcnchner Kirchenradio) &#8211; zu aktuellen Themen rund um Kita, Erziehung, Bildung und vieles mehr. F\u00fcr Eltern, Gro\u00dfeltern, Erzieher und alle, die mit Kindern in Krippe, Kindergarten und Hort zu tun haben.<\/p>\n<p>Die Kitaradio-Sendung gibt es \u00fcbrigens auch als Podast auf Spotify, Apple Podcasts, Deezer &amp; Podimo.<\/p>\n<h4><strong>Auf der Seite des <span style=\"color: #ff00ff;\"><a style=\"color: #ff00ff;\" href=\"https:\/\/www.michaelsbund.de\/themenwelt\/podcasts\/kitaradio\/\">Kitaradio<\/a> <\/span>finden Sie auch Buchtipps zu jeder aktuellen Sendung!<\/strong><\/h4>\n<h4><strong>Weitere Podcast hier auf der Homepage unter <span style=\"color: #ff0000;\"><a style=\"color: #ff0000;\" href=\"https:\/\/gemeindebuechereikastl.de\/?page_id=3128\">Podcasts<\/a><\/span><\/strong><\/h4>\n","protected":false},"excerpt":{"rendered":"<p>Jede Woche neu! &#8211; Kitaradio als Podcast Wir pr\u00e4sentieren w\u00f6chentlich neue Buchtipps des &#8222;Kitaradios&#8220; (M\u00fcnchner Kirchenradio) &#8211; zu aktuellen Themen rund um Kita, Erziehung, Bildung und vieles mehr. F\u00fcr Eltern, Gro\u00dfeltern, Erzieher und alle, die mit Kindern in Krippe, Kindergarten und Hort zu tun haben. Die Kitaradio-Sendung gibt es \u00fcbrigens auch als Podast auf Spotify, &hellip; <\/p>\n<p><a class=\"more-link btn\" href=\"https:\/\/gemeindebuechereikastl.de\/?p=3264\">Weiterlesen<\/a><\/p>\n","protected":false},"author":1,"featured_media":3265,"comment_status":"closed","ping_status":"closed","sticky":false,"template":"","format":"standard","meta":{"footnotes":""},"categories":[1],"tags":[383,362],"class_list":["post-3264","post","type-post","status-publish","format-standard","has-post-thumbnail","hentry","category-team","tag-kitaradio","tag-podcast","item-wrap"],"_links":{"self":[{"href":"https:\/\/gemeindebuechereikastl.de\/index.php?rest_route=\/wp\/v2\/posts\/3264","targetHints":{"allow":["GET"]}}],"collection":[{"href":"https:\/\/gemeindebuechereikastl.de\/index.php?rest_route=\/wp\/v2\/posts"}],"about":[{"href":"https:\/\/gemeindebuechereikastl.de\/index.php?rest_route=\/wp\/v2\/types\/post"}],"author":[{"embeddable":true,"href":"https:\/\/gemeindebuechereikastl.de\/index.php?rest_route=\/wp\/v2\/users\/1"}],"replies":[{"embeddable":true,"href":"https:\/\/gemeindebuechereikastl.de\/index.php?rest_route=%2Fwp%2Fv2%2Fcomments&post=3264"}],"version-history":[{"count":2,"href":"https:\/\/gemeindebuechereikastl.de\/index.php?rest_route=\/wp\/v2\/posts\/3264\/revisions"}],"predecessor-version":[{"id":3268,"href":"https:\/\/gemeindebuechereikastl.de\/index.php?rest_route=\/wp\/v2\/posts\/3264\/revisions\/3268"}],"wp:featuredmedia":[{"embeddable":true,"href":"https:\/\/gemeindebuechereikastl.de\/index.php?rest_route=\/wp\/v2\/media\/3265"}],"wp:attachment":[{"href":"https:\/\/gemeindebuechereikastl.de\/index.php?rest_route=%2Fwp%2Fv2%2Fmedia&parent=3264"}],"wp:term":[{"taxonomy":"category","embeddable":true,"href":"https:\/\/gemeindebuechereikastl.de\/index.php?rest_route=%2Fwp%2Fv2%2Fcategories&post=3264"},{"taxonomy":"post_tag","embeddable":true,"href":"https:\/\/gemeindebuechereikastl.de\/index.php?rest_route=%2Fwp%2Fv2%2Ftags&post=3264"}],"curies":[{"name":"wp","href":"https:\/\/api.w.org\/{rel}","templated":true}]}}