{"id":3297,"date":"2022-09-16T15:24:52","date_gmt":"2022-09-16T15:24:52","guid":{"rendered":"https:\/\/gemeindebuechereikastl.de\/?p=3297"},"modified":"2022-09-16T16:03:20","modified_gmt":"2022-09-16T16:03:20","slug":"buechereiwochende-mit-autorenlesung-und-tag-der-offenen-tuer-mit-kasperltheater","status":"publish","type":"post","link":"https:\/\/gemeindebuechereikastl.de\/?p=3297","title":{"rendered":"B\u00fcchereiwochende mit Autorenlesung von Fabian Borkner am Freitag, 7. Oktober"},"content":{"rendered":"<h2 style=\"text-align: center;\"><span style=\"color: #ff6600;\">Autorenlesung von Fabian Borkner am <\/span><span style=\"color: #ff6600;\" data-wp-editing=\"1\">Freitag,<br \/>\n7. Oktober um 19.30 Uhr im Obergeschoss der B\u00fccherei<\/span><\/h2>\n<p class=\"text-align-center\"><img loading=\"lazy\" decoding=\"async\" class=\"wp-image-3300 alignleft\" src=\"https:\/\/gemeindebuechereikastl.de\/wp-content\/uploads\/2022\/09\/Fabian-Borkner-Presse-1080x1206.jpg\" alt=\"\" width=\"327\" height=\"366\" srcset=\"https:\/\/gemeindebuechereikastl.de\/wp-content\/uploads\/2022\/09\/Fabian-Borkner-Presse-1080x1206.jpg 1080w, https:\/\/gemeindebuechereikastl.de\/wp-content\/uploads\/2022\/09\/Fabian-Borkner-Presse-269x300.jpg 269w, https:\/\/gemeindebuechereikastl.de\/wp-content\/uploads\/2022\/09\/Fabian-Borkner-Presse-768x858.jpg 768w, https:\/\/gemeindebuechereikastl.de\/wp-content\/uploads\/2022\/09\/Fabian-Borkner-Presse-1375x1536.jpg 1375w, https:\/\/gemeindebuechereikastl.de\/wp-content\/uploads\/2022\/09\/Fabian-Borkner-Presse-750x838.jpg 750w, https:\/\/gemeindebuechereikastl.de\/wp-content\/uploads\/2022\/09\/Fabian-Borkner-Presse.jpg 1769w\" sizes=\"auto, (max-width: 327px) 100vw, 327px\" \/><br \/>\nDen Lesern der Gemeindeb\u00fccherei Kastl ist er mit seinen Oberpfalzkrimis aus der Region bestens bekannt. Im Jahr 2017 erschien sein Deb\u00fct-Roman &#8222;Kirwatanz&#8220; beim Emons-Verlag K\u00f6ln. Es folgten 2018 \u201eBerg, Fest, Mord\u201c, dessen Handlung auf dem Annabergfest in Sulzbach-Rosenberg spielt. 2019 erschien dann \u201eA Hochzeit und a Leich\u201c und 2020 folgte &#8220; Groumdeifl&#8220;. Vor kurzem, Ende Juni 2022 kam sein neuester Krimi \u201eZoigltod\u201c heraus, aus diesen wird er auch bei uns lesen.<\/p>\n<p>Die Hauptakteure in seinen Oberpfalz Krimis sind ein ungleiches Gespann, zwei Versicherungsdetektive, die im Raum Schwandorf Schadensf\u00e4llen auf die Spur kommen sollen. Der &#8222;Schadensfall&#8220;, um den sich Nordlicht Agathe Viersen und der &#8222;Eingeborene&#8220; Gerhard Leitner zu k\u00fcmmern haben, ist allerdings h\u00f6chst makaber.<\/p>\n<h4 class=\"text-align-center\" style=\"text-align: center;\">Alle diese bis heute erschienen Oberpfalz-Krimis aus der Feder von Fabian Borkner gibt es bei uns in der Gemeindeb\u00fccherei Kastl zum Entleihen.<\/h4>\n<h5 class=\"text-align-center\"><img loading=\"lazy\" decoding=\"async\" class=\"wp-image-3301 aligncenter\" src=\"https:\/\/gemeindebuechereikastl.de\/wp-content\/uploads\/2022\/09\/Buecher-Borkner-1603x431.jpg\" alt=\"\" width=\"679\" height=\"183\" srcset=\"https:\/\/gemeindebuechereikastl.de\/wp-content\/uploads\/2022\/09\/Buecher-Borkner-1603x431.jpg 1603w, https:\/\/gemeindebuechereikastl.de\/wp-content\/uploads\/2022\/09\/Buecher-Borkner-300x81.jpg 300w, https:\/\/gemeindebuechereikastl.de\/wp-content\/uploads\/2022\/09\/Buecher-Borkner-768x206.jpg 768w, https:\/\/gemeindebuechereikastl.de\/wp-content\/uploads\/2022\/09\/Buecher-Borkner-1536x413.jpg 1536w, https:\/\/gemeindebuechereikastl.de\/wp-content\/uploads\/2022\/09\/Buecher-Borkner-750x202.jpg 750w, https:\/\/gemeindebuechereikastl.de\/wp-content\/uploads\/2022\/09\/Buecher-Borkner.jpg 1637w\" sizes=\"auto, (max-width: 679px) 100vw, 679px\" \/><\/h5>\n<h4 style=\"text-align: center;\">Weiter Infos zu den einzelnen B\u00fcchern sind in unserem <strong><a href=\"https:\/\/iopac.gemeindebuechereikastl.de\/\">\u201eOnline-Katalog\u201c <\/a><\/strong>zu finden!<\/h4>\n","protected":false},"excerpt":{"rendered":"<p>Autorenlesung von Fabian Borkner am Freitag, 7. Oktober um 19.30 Uhr im Obergeschoss der B\u00fccherei Den Lesern der Gemeindeb\u00fccherei Kastl ist er mit seinen Oberpfalzkrimis aus der Region bestens bekannt. Im Jahr 2017 erschien sein Deb\u00fct-Roman &#8222;Kirwatanz&#8220; beim Emons-Verlag K\u00f6ln. Es folgten 2018 \u201eBerg, Fest, Mord\u201c, dessen Handlung auf dem Annabergfest in Sulzbach-Rosenberg spielt. 2019 &hellip; <\/p>\n<p><a class=\"more-link btn\" href=\"https:\/\/gemeindebuechereikastl.de\/?p=3297\">Weiterlesen<\/a><\/p>\n","protected":false},"author":1,"featured_media":3301,"comment_status":"closed","ping_status":"closed","sticky":false,"template":"","format":"standard","meta":{"footnotes":""},"categories":[5],"tags":[386,363,263,294],"class_list":["post-3297","post","type-post","status-publish","format-standard","has-post-thumbnail","hentry","category-news","tag-autorenlesung","tag-krimis","tag-oberpfalz","tag-regionalkrimis","item-wrap"],"_links":{"self":[{"href":"https:\/\/gemeindebuechereikastl.de\/index.php?rest_route=\/wp\/v2\/posts\/3297","targetHints":{"allow":["GET"]}}],"collection":[{"href":"https:\/\/gemeindebuechereikastl.de\/index.php?rest_route=\/wp\/v2\/posts"}],"about":[{"href":"https:\/\/gemeindebuechereikastl.de\/index.php?rest_route=\/wp\/v2\/types\/post"}],"author":[{"embeddable":true,"href":"https:\/\/gemeindebuechereikastl.de\/index.php?rest_route=\/wp\/v2\/users\/1"}],"replies":[{"embeddable":true,"href":"https:\/\/gemeindebuechereikastl.de\/index.php?rest_route=%2Fwp%2Fv2%2Fcomments&post=3297"}],"version-history":[{"count":7,"href":"https:\/\/gemeindebuechereikastl.de\/index.php?rest_route=\/wp\/v2\/posts\/3297\/revisions"}],"predecessor-version":[{"id":3306,"href":"https:\/\/gemeindebuechereikastl.de\/index.php?rest_route=\/wp\/v2\/posts\/3297\/revisions\/3306"}],"wp:featuredmedia":[{"embeddable":true,"href":"https:\/\/gemeindebuechereikastl.de\/index.php?rest_route=\/wp\/v2\/media\/3301"}],"wp:attachment":[{"href":"https:\/\/gemeindebuechereikastl.de\/index.php?rest_route=%2Fwp%2Fv2%2Fmedia&parent=3297"}],"wp:term":[{"taxonomy":"category","embeddable":true,"href":"https:\/\/gemeindebuechereikastl.de\/index.php?rest_route=%2Fwp%2Fv2%2Fcategories&post=3297"},{"taxonomy":"post_tag","embeddable":true,"href":"https:\/\/gemeindebuechereikastl.de\/index.php?rest_route=%2Fwp%2Fv2%2Ftags&post=3297"}],"curies":[{"name":"wp","href":"https:\/\/api.w.org\/{rel}","templated":true}]}}