{"id":3307,"date":"2022-09-20T11:32:18","date_gmt":"2022-09-20T11:32:18","guid":{"rendered":"https:\/\/gemeindebuechereikastl.de\/?p=3307"},"modified":"2022-09-20T16:11:15","modified_gmt":"2022-09-20T16:11:15","slug":"tag-der-offenen-tuer-mit-kasperltheater-am-sonntag-9-oktober","status":"publish","type":"post","link":"https:\/\/gemeindebuechereikastl.de\/?p=3307","title":{"rendered":"Tag der offenen T\u00fcr mit vielen neuen B\u00fcchern und einem Kasperltheater am Sonntag, 9. Oktober in der B\u00fccherei"},"content":{"rendered":"<h2 style=\"text-align: center;\"><span style=\"color: #ff6600;\"><strong>Sonntag, 9. Oktober von 13.00 bis 17.00 Uhr\u00a0 &#8211; Tag der <img loading=\"lazy\" decoding=\"async\" class=\"alignleft wp-image-1347 \" src=\"https:\/\/gemeindebuechereikastl.de\/wp-content\/uploads\/2020\/05\/B\u00fccherei\u00f6ffnung-scaled-e1589127288687-829x1024.jpg\" alt=\"\" width=\"342\" height=\"422\" srcset=\"https:\/\/gemeindebuechereikastl.de\/wp-content\/uploads\/2020\/05\/B\u00fccherei\u00f6ffnung-scaled-e1589127288687-829x1024.jpg 829w, https:\/\/gemeindebuechereikastl.de\/wp-content\/uploads\/2020\/05\/B\u00fccherei\u00f6ffnung-scaled-e1589127288687-243x300.jpg 243w, https:\/\/gemeindebuechereikastl.de\/wp-content\/uploads\/2020\/05\/B\u00fccherei\u00f6ffnung-scaled-e1589127288687-768x949.jpg 768w, https:\/\/gemeindebuechereikastl.de\/wp-content\/uploads\/2020\/05\/B\u00fccherei\u00f6ffnung-scaled-e1589127288687.jpg 1062w\" sizes=\"auto, (max-width: 342px) 100vw, 342px\" \/>offenen T\u00fcr mit Vorstellung der neuen B\u00fccher und Medien sowei einem Kasperltheater f\u00fcr Kinder<\/strong><\/span><\/h2>\n<p>Das B\u00fcchereiteam pr\u00e4sentiert an diesem Nachmittag allen Besuchern die neu erworbenen B\u00fccher und Medien. Es wurden f\u00fcr alle Altersgruppen neue B\u00fccher angeschafft. (Bilderb\u00fcchern f\u00fcr die kleinsten ab 2 Jahre, Kinder \u2013 und Jugendb\u00fccher bis hin zu Romanen und aktueller Sachliteratur f\u00fcr Kinder und Erwachsene). Nat\u00fcrlich sind auch diverse aktuelle Bestseller dabei. <img loading=\"lazy\" decoding=\"async\" class=\" wp-image-1087 alignright\" src=\"https:\/\/gemeindebuechereikastl.de\/wp-content\/uploads\/2019\/10\/interessiere-Besucher-300x169.jpg\" alt=\"\" width=\"329\" height=\"185\" srcset=\"https:\/\/gemeindebuechereikastl.de\/wp-content\/uploads\/2019\/10\/interessiere-Besucher-300x169.jpg 300w, https:\/\/gemeindebuechereikastl.de\/wp-content\/uploads\/2019\/10\/interessiere-Besucher-768x432.jpg 768w, https:\/\/gemeindebuechereikastl.de\/wp-content\/uploads\/2019\/10\/interessiere-Besucher-1024x576.jpg 1024w\" sizes=\"auto, (max-width: 329px) 100vw, 329px\" \/>Bei den Nichtbuchmedien gibt es auch neues in den Bereichen der DVDs, Spiele H\u00f6rb\u00fccher f\u00fcr Kinder und nat\u00fcrlich auch bei den Tonies.<\/p>\n<p>Es besteht den gesamten Nachmittag \u00fcber die M\u00f6glichkeit in den vielen Neuerwerbungen zu st\u00f6bern und in den neuen B\u00fcchern zu schm\u00f6kern. Au\u00dferdem bietet das B\u00fcchereiteam Kaffee und selbstgebackenen Kuchen w\u00e4hrend der gesamten \u00d6ffnungszeit an. <span style=\"color: #ff0000;\"><strong>Bei sch\u00f6nem Wetter auch im Garten der B\u00fccherei.<\/strong><\/span><\/p>\n<p><img loading=\"lazy\" decoding=\"async\" class=\"wp-image-3308 alignleft\" src=\"https:\/\/gemeindebuechereikastl.de\/wp-content\/uploads\/2022\/09\/Kasperltheater-1564x1206.jpg\" alt=\"\" width=\"348\" height=\"268\" srcset=\"https:\/\/gemeindebuechereikastl.de\/wp-content\/uploads\/2022\/09\/Kasperltheater-1564x1206.jpg 1564w, https:\/\/gemeindebuechereikastl.de\/wp-content\/uploads\/2022\/09\/Kasperltheater-300x231.jpg 300w, https:\/\/gemeindebuechereikastl.de\/wp-content\/uploads\/2022\/09\/Kasperltheater-768x592.jpg 768w, https:\/\/gemeindebuechereikastl.de\/wp-content\/uploads\/2022\/09\/Kasperltheater-1536x1185.jpg 1536w, https:\/\/gemeindebuechereikastl.de\/wp-content\/uploads\/2022\/09\/Kasperltheater-2048x1579.jpg 2048w, https:\/\/gemeindebuechereikastl.de\/wp-content\/uploads\/2022\/09\/Kasperltheater-750x578.jpg 750w\" sizes=\"auto, (max-width: 348px) 100vw, 348px\" \/><\/p>\n<p><span style=\"color: #000000;\"><strong>F\u00fcr die Kinder findet am Sonntagnachmittag ein Kasperltheater mit dem Titel \u201cKasperl und Seppel auf Schatzsuche\u201c statt<\/strong><\/span>.<br \/>\nKasperl und sein Freund Seppel haben von einem riesigen und wertvollen Schatz getr\u00e4umt und machen sich gleich auf den Weg, diesen Schatz zu finden. Leider kommt den beiden die Hexe in die Quere, sie zaubert den armen Seppel weg und fordert von Kasper den Schatz.<\/p>\n<h4 style=\"text-align: center;\"><strong>\u00a0<span style=\"color: #ff6600;\">Das Raitenbucher Kasperltheater spielt um 14.00 Uhr und eventuell um 15.30 Uhr nochmals das St\u00fcck. &#8211; Der Eintritt ist frei.<\/span><\/strong><\/h4>\n","protected":false},"excerpt":{"rendered":"<p>Sonntag, 9. Oktober von 13.00 bis 17.00 Uhr\u00a0 &#8211; Tag der offenen T\u00fcr mit Vorstellung der neuen B\u00fccher und Medien sowei einem Kasperltheater f\u00fcr Kinder Das B\u00fcchereiteam pr\u00e4sentiert an diesem Nachmittag allen Besuchern die neu erworbenen B\u00fccher und Medien. Es wurden f\u00fcr alle Altersgruppen neue B\u00fccher angeschafft. (Bilderb\u00fcchern f\u00fcr die kleinsten ab 2 Jahre, Kinder &hellip; <\/p>\n<p><a class=\"more-link btn\" href=\"https:\/\/gemeindebuechereikastl.de\/?p=3307\">Weiterlesen<\/a><\/p>\n","protected":false},"author":1,"featured_media":3308,"comment_status":"closed","ping_status":"closed","sticky":false,"template":"","format":"standard","meta":{"footnotes":""},"categories":[5],"tags":[387,85,86,88],"class_list":["post-3307","post","type-post","status-publish","format-standard","has-post-thumbnail","hentry","category-news","tag-kaspertheater","tag-neue-buecher","tag-neue-medien","tag-tag-der-offenen-tuer","item-wrap"],"_links":{"self":[{"href":"https:\/\/gemeindebuechereikastl.de\/index.php?rest_route=\/wp\/v2\/posts\/3307","targetHints":{"allow":["GET"]}}],"collection":[{"href":"https:\/\/gemeindebuechereikastl.de\/index.php?rest_route=\/wp\/v2\/posts"}],"about":[{"href":"https:\/\/gemeindebuechereikastl.de\/index.php?rest_route=\/wp\/v2\/types\/post"}],"author":[{"embeddable":true,"href":"https:\/\/gemeindebuechereikastl.de\/index.php?rest_route=\/wp\/v2\/users\/1"}],"replies":[{"embeddable":true,"href":"https:\/\/gemeindebuechereikastl.de\/index.php?rest_route=%2Fwp%2Fv2%2Fcomments&post=3307"}],"version-history":[{"count":8,"href":"https:\/\/gemeindebuechereikastl.de\/index.php?rest_route=\/wp\/v2\/posts\/3307\/revisions"}],"predecessor-version":[{"id":3316,"href":"https:\/\/gemeindebuechereikastl.de\/index.php?rest_route=\/wp\/v2\/posts\/3307\/revisions\/3316"}],"wp:featuredmedia":[{"embeddable":true,"href":"https:\/\/gemeindebuechereikastl.de\/index.php?rest_route=\/wp\/v2\/media\/3308"}],"wp:attachment":[{"href":"https:\/\/gemeindebuechereikastl.de\/index.php?rest_route=%2Fwp%2Fv2%2Fmedia&parent=3307"}],"wp:term":[{"taxonomy":"category","embeddable":true,"href":"https:\/\/gemeindebuechereikastl.de\/index.php?rest_route=%2Fwp%2Fv2%2Fcategories&post=3307"},{"taxonomy":"post_tag","embeddable":true,"href":"https:\/\/gemeindebuechereikastl.de\/index.php?rest_route=%2Fwp%2Fv2%2Ftags&post=3307"}],"curies":[{"name":"wp","href":"https:\/\/api.w.org\/{rel}","templated":true}]}}