{"id":3318,"date":"2022-09-26T11:33:08","date_gmt":"2022-09-26T11:33:08","guid":{"rendered":"https:\/\/gemeindebuechereikastl.de\/?p=3318"},"modified":"2022-10-14T14:47:04","modified_gmt":"2022-10-14T14:47:04","slug":"neue-buecher-und-medien-sind-eingetroffen","status":"publish","type":"post","link":"https:\/\/gemeindebuechereikastl.de\/?p=3318","title":{"rendered":"Neue B\u00fccher und Medien sind eingetroffen"},"content":{"rendered":"<h2 style=\"text-align: center;\"><span style=\"color: #ff6600;\"><strong>Alle neuen Herbstnovit\u00e4ten an B\u00fcchern und Medien sind da und werden vom B\u00fcchereiteam f\u00fcr den \u201eTag der offenen T\u00fcr\u201c ausleihfertig bearbeitet!<\/strong><\/span><\/h2>\n<p><img loading=\"lazy\" decoding=\"async\" class=\"wp-image-3320 size-large alignnone\" src=\"https:\/\/gemeindebuechereikastl.de\/wp-content\/uploads\/2022\/09\/Neue-Buecher-Herbst-2022-1603x1202.jpg\" alt=\"\" width=\"750\" height=\"562\" srcset=\"https:\/\/gemeindebuechereikastl.de\/wp-content\/uploads\/2022\/09\/Neue-Buecher-Herbst-2022-1603x1202.jpg 1603w, https:\/\/gemeindebuechereikastl.de\/wp-content\/uploads\/2022\/09\/Neue-Buecher-Herbst-2022-300x225.jpg 300w, https:\/\/gemeindebuechereikastl.de\/wp-content\/uploads\/2022\/09\/Neue-Buecher-Herbst-2022-768x576.jpg 768w, https:\/\/gemeindebuechereikastl.de\/wp-content\/uploads\/2022\/09\/Neue-Buecher-Herbst-2022-1536x1152.jpg 1536w, https:\/\/gemeindebuechereikastl.de\/wp-content\/uploads\/2022\/09\/Neue-Buecher-Herbst-2022-2048x1536.jpg 2048w, https:\/\/gemeindebuechereikastl.de\/wp-content\/uploads\/2022\/09\/Neue-Buecher-Herbst-2022-750x563.jpg 750w\" sizes=\"auto, (max-width: 750px) 100vw, 750px\" \/><\/p>\n<p>Es wurden f\u00fcr alle Altersgruppen neue B\u00fccher angeschafft. (Bilderb\u00fcchern f\u00fcr die kleinsten ab 2 Jahre, Kinder \u2013 und Jugendb\u00fccher bis hin zu Romanen und aktueller Sachliteratur f\u00fcr Kinder und Erwachsene). Nat\u00fcrlich sind auch diverse aktuelle Bestseller dabei und viele neue B\u00fccher Highlights bei den Kinderbuchserien.<br \/>\nBei den Nichtbuchmedien gibt es auch neues in den Bereichen der DVDs, Spiele H\u00f6rb\u00fccher f\u00fcr Kinder und Erwachsene und nat\u00fcrlich auch bei den Tonies.<\/p>\n<h4 style=\"text-align: center;\"><a href=\"https:\/\/iopac.gemeindebuechereikastl.de\/iopac\/\"><strong><img loading=\"lazy\" decoding=\"async\" class=\"wp-image-1970 alignright\" src=\"https:\/\/gemeindebuechereikastl.de\/wp-content\/uploads\/2021\/03\/Online-Katalog.jpg\" alt=\"\" width=\"258\" height=\"254\" srcset=\"https:\/\/gemeindebuechereikastl.de\/wp-content\/uploads\/2021\/03\/Online-Katalog.jpg 818w, https:\/\/gemeindebuechereikastl.de\/wp-content\/uploads\/2021\/03\/Online-Katalog-300x295.jpg 300w, https:\/\/gemeindebuechereikastl.de\/wp-content\/uploads\/2021\/03\/Online-Katalog-768x756.jpg 768w, https:\/\/gemeindebuechereikastl.de\/wp-content\/uploads\/2021\/03\/Online-Katalog-750x738.jpg 750w\" sizes=\"auto, (max-width: 258px) 100vw, 258px\" \/><\/strong><\/a><span style=\"color: #ff0000;\"><strong>F\u00fcr alle die nicht bis zum Tag der offenen T\u00fcr warten wollen, k\u00f6nnen alle neuen B\u00fccher und Medien ab sofort hier auf unserer Homepage im <span style=\"color: #800080;\"><a style=\"color: #800080;\" href=\"https:\/\/iopac.gemeindebuechereikastl.de\/iopac\/\">Online-Katalog<\/a> <\/span>unter &#8222;Neue Titel&#8220; beschnuppert werden.<\/strong><\/span><\/h4>\n<p>Am Tag der offenen T\u00fcr besteht den gesamten Nachmittag \u00fcber von 13.00 bis 17.00 Uhr die M\u00f6glichkeit, in den vielen Neuerwerbungen zu st\u00f6bern und vielleicht manches Highlight in unserm gro\u00dfen und aktuellen B\u00fccher- und Medienbestand\u00a0 finden.<br \/>\n<img loading=\"lazy\" decoding=\"async\" class=\"wp-image-770 alignleft\" src=\"https:\/\/gemeindebuechereikastl.de\/wp-content\/uploads\/2018\/12\/offene-T\u00fcr-300x215.jpg\" alt=\"\" width=\"212\" height=\"152\" srcset=\"https:\/\/gemeindebuechereikastl.de\/wp-content\/uploads\/2018\/12\/offene-T\u00fcr-300x215.jpg 300w, https:\/\/gemeindebuechereikastl.de\/wp-content\/uploads\/2018\/12\/offene-T\u00fcr-768x551.jpg 768w, https:\/\/gemeindebuechereikastl.de\/wp-content\/uploads\/2018\/12\/offene-T\u00fcr-1024x734.jpg 1024w\" sizes=\"auto, (max-width: 212px) 100vw, 212px\" \/><br \/>\nAu\u00dferdem bietet das B\u00fcchereiteam w\u00e4hrend der gesamten Nachmittags-\u00f6ffnungszeit, Kaffee und selbstgebackenen Kuchen\u00a0 an.<br \/>\n<strong><span style=\"color: #ff0000;\">Bei sch\u00f6nem Wetter auch im Garten der B\u00fccherei!<\/span><\/strong><\/p>\n","protected":false},"excerpt":{"rendered":"<p>Alle neuen Herbstnovit\u00e4ten an B\u00fcchern und Medien sind da und werden vom B\u00fcchereiteam f\u00fcr den \u201eTag der offenen T\u00fcr\u201c ausleihfertig bearbeitet! Es wurden f\u00fcr alle Altersgruppen neue B\u00fccher angeschafft. (Bilderb\u00fcchern f\u00fcr die kleinsten ab 2 Jahre, Kinder \u2013 und Jugendb\u00fccher bis hin zu Romanen und aktueller Sachliteratur f\u00fcr Kinder und Erwachsene). Nat\u00fcrlich sind auch diverse &hellip; <\/p>\n<p><a class=\"more-link btn\" href=\"https:\/\/gemeindebuechereikastl.de\/?p=3318\">Weiterlesen<\/a><\/p>\n","protected":false},"author":1,"featured_media":3320,"comment_status":"closed","ping_status":"closed","sticky":false,"template":"","format":"standard","meta":{"footnotes":""},"categories":[5],"tags":[85,86,222,88],"class_list":["post-3318","post","type-post","status-publish","format-standard","has-post-thumbnail","hentry","category-news","tag-neue-buecher","tag-neue-medien","tag-online-katalog","tag-tag-der-offenen-tuer","item-wrap"],"_links":{"self":[{"href":"https:\/\/gemeindebuechereikastl.de\/index.php?rest_route=\/wp\/v2\/posts\/3318","targetHints":{"allow":["GET"]}}],"collection":[{"href":"https:\/\/gemeindebuechereikastl.de\/index.php?rest_route=\/wp\/v2\/posts"}],"about":[{"href":"https:\/\/gemeindebuechereikastl.de\/index.php?rest_route=\/wp\/v2\/types\/post"}],"author":[{"embeddable":true,"href":"https:\/\/gemeindebuechereikastl.de\/index.php?rest_route=\/wp\/v2\/users\/1"}],"replies":[{"embeddable":true,"href":"https:\/\/gemeindebuechereikastl.de\/index.php?rest_route=%2Fwp%2Fv2%2Fcomments&post=3318"}],"version-history":[{"count":5,"href":"https:\/\/gemeindebuechereikastl.de\/index.php?rest_route=\/wp\/v2\/posts\/3318\/revisions"}],"predecessor-version":[{"id":3408,"href":"https:\/\/gemeindebuechereikastl.de\/index.php?rest_route=\/wp\/v2\/posts\/3318\/revisions\/3408"}],"wp:featuredmedia":[{"embeddable":true,"href":"https:\/\/gemeindebuechereikastl.de\/index.php?rest_route=\/wp\/v2\/media\/3320"}],"wp:attachment":[{"href":"https:\/\/gemeindebuechereikastl.de\/index.php?rest_route=%2Fwp%2Fv2%2Fmedia&parent=3318"}],"wp:term":[{"taxonomy":"category","embeddable":true,"href":"https:\/\/gemeindebuechereikastl.de\/index.php?rest_route=%2Fwp%2Fv2%2Fcategories&post=3318"},{"taxonomy":"post_tag","embeddable":true,"href":"https:\/\/gemeindebuechereikastl.de\/index.php?rest_route=%2Fwp%2Fv2%2Ftags&post=3318"}],"curies":[{"name":"wp","href":"https:\/\/api.w.org\/{rel}","templated":true}]}}