{"id":3325,"date":"2022-09-27T12:00:03","date_gmt":"2022-09-27T12:00:03","guid":{"rendered":"https:\/\/gemeindebuechereikastl.de\/?p=3325"},"modified":"2022-09-27T12:14:32","modified_gmt":"2022-09-27T12:14:32","slug":"tagesausflug-der-buechereimitarbeiter-innen-nach-muenchen-mit-besuch-des-bayerischen-landtages","status":"publish","type":"post","link":"https:\/\/gemeindebuechereikastl.de\/?p=3325","title":{"rendered":"Tagesausflug der B\u00fcchereimitarbeiter\/innen nach M\u00fcnchen mit Besuch des Bayerischen Landtages"},"content":{"rendered":"<h2 style=\"text-align: center;\"><span style=\"color: #ff6600;\"><strong>Als Dank f\u00fcr Ihr ehrenamtliches Engagement wurden die Mitarbeiterinnen und Mitarbeiter in den B\u00fcchereien des Landkreises Amberg-Sulzbach zu einem Besuch in den Bayerischen Landtag eingeladen.<\/strong><\/span><\/h2>\n<p><img loading=\"lazy\" decoding=\"async\" class=\"aligncenter wp-image-3330 size-large\" src=\"https:\/\/gemeindebuechereikastl.de\/wp-content\/uploads\/2022\/09\/maximilianeum-1603x956.jpg\" alt=\"\" width=\"750\" height=\"447\" srcset=\"https:\/\/gemeindebuechereikastl.de\/wp-content\/uploads\/2022\/09\/maximilianeum-1603x956.jpg 1603w, https:\/\/gemeindebuechereikastl.de\/wp-content\/uploads\/2022\/09\/maximilianeum-300x179.jpg 300w, https:\/\/gemeindebuechereikastl.de\/wp-content\/uploads\/2022\/09\/maximilianeum-768x458.jpg 768w, https:\/\/gemeindebuechereikastl.de\/wp-content\/uploads\/2022\/09\/maximilianeum-1536x916.jpg 1536w, https:\/\/gemeindebuechereikastl.de\/wp-content\/uploads\/2022\/09\/maximilianeum-2048x1221.jpg 2048w, https:\/\/gemeindebuechereikastl.de\/wp-content\/uploads\/2022\/09\/maximilianeum-750x447.jpg 750w\" sizes=\"auto, (max-width: 750px) 100vw, 750px\" \/><br \/>\nBereits um 6.00 Uhr ging es von Amberg aus mit dem Bus nach M\u00fcnchen. Am Maximilianeum angekommen konnte man im imposanten Treppenhaus den besonderen &#8222;Flair&#8220; des Regierungsgeb\u00e4udes genie\u00dfen. Ein 30min\u00fctiger Film \u00fcber den Bayerischen Landtag brachte uns viele interessante Informationen zum historischen Geb\u00e4ude und die Arbeit im Parlament n\u00e4her. Anschlie\u00dfend wurden wir durch den historischen Steinernen Saal mit wertvollen Gem\u00e4lden und einer beeindruckenden Aussicht auf die Silhouette der <img loading=\"lazy\" decoding=\"async\" class=\"wp-image-3331 alignright\" src=\"https:\/\/gemeindebuechereikastl.de\/wp-content\/uploads\/2022\/09\/Diskussion-1603x902.jpg\" alt=\"\" width=\"349\" height=\"196\" srcset=\"https:\/\/gemeindebuechereikastl.de\/wp-content\/uploads\/2022\/09\/Diskussion-1603x902.jpg 1603w, https:\/\/gemeindebuechereikastl.de\/wp-content\/uploads\/2022\/09\/Diskussion-300x169.jpg 300w, https:\/\/gemeindebuechereikastl.de\/wp-content\/uploads\/2022\/09\/Diskussion-768x432.jpg 768w, https:\/\/gemeindebuechereikastl.de\/wp-content\/uploads\/2022\/09\/Diskussion-1536x865.jpg 1536w, https:\/\/gemeindebuechereikastl.de\/wp-content\/uploads\/2022\/09\/Diskussion-2048x1153.jpg 2048w, https:\/\/gemeindebuechereikastl.de\/wp-content\/uploads\/2022\/09\/Diskussion-750x422.jpg 750w\" sizes=\"auto, (max-width: 349px) 100vw, 349px\" \/>Landeshauptstadt gef\u00fchrt. Im Fraktionssaal der CSU-Fraktion wurden wir von unserem Abgeordneten Dr. Harald Schwarz empfangen und es folgte eine Diskussionsrunde.<\/p>\n<p>Hier nahm Georg D\u00fcrr als Vorsitzender der B\u00fcchereiarbeitsgemeinschaft im Landkreis Amberg-Sulzbach,\u00a0 zu der Situation der \u00f6ffentlichen B\u00fcchereien Stellung. So zitierte er zu Beginn ein Statement von Direktor des Sankt Michaelesbund in M\u00fcnchen Herrn Stefan E\u00df, dass <span style=\"color: #ff9900;\"><strong>\u201eB\u00fcchereien wichtig sind wie nie\u201c &#8211; <\/strong><strong><img loading=\"lazy\" decoding=\"async\" class=\"wp-image-3327 alignleft\" src=\"https:\/\/gemeindebuechereikastl.de\/wp-content\/uploads\/2022\/09\/20220923_104651-1603x902.jpg\" alt=\"\" width=\"547\" height=\"308\" srcset=\"https:\/\/gemeindebuechereikastl.de\/wp-content\/uploads\/2022\/09\/20220923_104651-1603x902.jpg 1603w, https:\/\/gemeindebuechereikastl.de\/wp-content\/uploads\/2022\/09\/20220923_104651-300x169.jpg 300w, https:\/\/gemeindebuechereikastl.de\/wp-content\/uploads\/2022\/09\/20220923_104651-768x432.jpg 768w, https:\/\/gemeindebuechereikastl.de\/wp-content\/uploads\/2022\/09\/20220923_104651-1536x865.jpg 1536w, https:\/\/gemeindebuechereikastl.de\/wp-content\/uploads\/2022\/09\/20220923_104651-2048x1153.jpg 2048w, https:\/\/gemeindebuechereikastl.de\/wp-content\/uploads\/2022\/09\/20220923_104651-750x422.jpg 750w\" sizes=\"auto, (max-width: 547px) 100vw, 547px\" \/><\/strong><\/span><strong><span style=\"color: #ff9900;\">Inflation und Energiekrise machen das Leben f\u00fcr viele Menschen aktuell teurer. Manche Dinge werden auf einmal zu einem Luxusartikel. B\u00fccher zum Beispiel. Deshalb werden B\u00fcchereien immer wichtiger. Auch in Sachen sozialer Gerechtigkeit mache den B\u00fcchereien so schnell keiner was vor. Jeder k\u00f6nne dort hingehen und f\u00fcr einen kleinen Mitgliedsbeitrag das gesamte Angebot nutzen. Kooperationsprojekte mit Kinderg\u00e4rten und Schulen w\u00fcrden daf\u00fcr sorgen, dass die Kleinen m\u00f6glichst fr\u00fch lernten, wie eine B\u00fccher-Ausleihe funktioniert.<\/span><\/strong><\/p>\n<p><strong><img loading=\"lazy\" decoding=\"async\" class=\" wp-image-7 alignright\" src=\"https:\/\/gemeindebuechereikastl.de\/wp-content\/uploads\/2017\/12\/herzlich-willkommen-300x245.jpg\" alt=\"\" width=\"279\" height=\"228\" srcset=\"https:\/\/gemeindebuechereikastl.de\/wp-content\/uploads\/2017\/12\/herzlich-willkommen-300x245.jpg 300w, https:\/\/gemeindebuechereikastl.de\/wp-content\/uploads\/2017\/12\/herzlich-willkommen.jpg 605w\" sizes=\"auto, (max-width: 279px) 100vw, 279px\" \/>D\u00fcrr stellte kurz noch anhand beindruckender Zahlen die Arbeit der 15 B\u00fcchereien im Landkreis Amberg-Sulzbach dar.<\/strong><\/p>\n<p><em><strong>&#8211;\u00a0 Die B\u00fcchereien im Landkreis konnten fast 41.000 Besucher im Jahr in ihren B\u00fcchereien begr\u00fc\u00dfen. (Alle Bayerischen B\u00fcchereien zusammen haben mehr Besucher als die gesamte Fu\u00dfball Bundesliga)<\/strong><\/em><br \/>\n<em><strong>&#8211;\u00a0 Die Landkreisb\u00fcchereien bieten ihren Lesern 83.000 B\u00fccher und Medien an. Manche B\u00fcchereien zus\u00e4tzlich nochmals ca. 25.000 E-Books.<\/strong><\/em><br \/>\n<em><strong>&#8211;\u00a0 Alle B\u00fccher und Medien wurden 122.000-mal entliehen.<\/strong><\/em><br \/>\n<em><strong>&#8211;\u00a0 Die Arbeit wird von 180 Mitarbeiter\/innen getragen und diese arbeiten ca. 300 ehrenamtlichen Stunden in der Woche. Dies sind 15.600 Stunden im Jahr.<\/strong><\/em><img loading=\"lazy\" decoding=\"async\" class=\"wp-image-3329 alignleft\" src=\"https:\/\/gemeindebuechereikastl.de\/wp-content\/uploads\/2022\/09\/oktoberfest-1603x1202.jpg\" alt=\"\" width=\"508\" height=\"381\" srcset=\"https:\/\/gemeindebuechereikastl.de\/wp-content\/uploads\/2022\/09\/oktoberfest-1603x1202.jpg 1603w, https:\/\/gemeindebuechereikastl.de\/wp-content\/uploads\/2022\/09\/oktoberfest-300x225.jpg 300w, https:\/\/gemeindebuechereikastl.de\/wp-content\/uploads\/2022\/09\/oktoberfest-768x576.jpg 768w, https:\/\/gemeindebuechereikastl.de\/wp-content\/uploads\/2022\/09\/oktoberfest-1536x1152.jpg 1536w, https:\/\/gemeindebuechereikastl.de\/wp-content\/uploads\/2022\/09\/oktoberfest-750x563.jpg 750w, https:\/\/gemeindebuechereikastl.de\/wp-content\/uploads\/2022\/09\/oktoberfest.jpg 2000w\" sizes=\"auto, (max-width: 508px) 100vw, 508px\" \/><\/p>\n<p>Nach dem Programm am Vormittag im Landtag, ging es zum Mittagessen und \u00fcber den Nachmittag aufs Oktoberfest. \u00a0Auf Kosten von Dr. Harald Schwarz verbrachte die B\u00fcchereimitarbeiterinnen und Mitarbeiter einen sch\u00f6nen vergn\u00fcglich Nachmittag.<\/p>\n<p>Am sp\u00e4ten Nachmittag wurde die Heimreise angetreten, &#8222;vollgepackt&#8220; mit sehr vielen neuen, sch\u00f6nen und interessanten Erlebnisen.<\/p>\n","protected":false},"excerpt":{"rendered":"<p>Als Dank f\u00fcr Ihr ehrenamtliches Engagement wurden die Mitarbeiterinnen und Mitarbeiter in den B\u00fcchereien des Landkreises Amberg-Sulzbach zu einem Besuch in den Bayerischen Landtag eingeladen. Bereits um 6.00 Uhr ging es von Amberg aus mit dem Bus nach M\u00fcnchen. Am Maximilianeum angekommen konnte man im imposanten Treppenhaus den besonderen &#8222;Flair&#8220; des Regierungsgeb\u00e4udes genie\u00dfen. Ein 30min\u00fctiger &hellip; <\/p>\n<p><a class=\"more-link btn\" href=\"https:\/\/gemeindebuechereikastl.de\/?p=3325\">Weiterlesen<\/a><\/p>\n","protected":false},"author":1,"featured_media":3330,"comment_status":"closed","ping_status":"closed","sticky":false,"template":"","format":"standard","meta":{"footnotes":""},"categories":[5],"tags":[388,96,389],"class_list":["post-3325","post","type-post","status-publish","format-standard","has-post-thumbnail","hentry","category-news","tag-bayerischer-landtag","tag-landkreisbuechereien","tag-oktoberfest","item-wrap"],"_links":{"self":[{"href":"https:\/\/gemeindebuechereikastl.de\/index.php?rest_route=\/wp\/v2\/posts\/3325","targetHints":{"allow":["GET"]}}],"collection":[{"href":"https:\/\/gemeindebuechereikastl.de\/index.php?rest_route=\/wp\/v2\/posts"}],"about":[{"href":"https:\/\/gemeindebuechereikastl.de\/index.php?rest_route=\/wp\/v2\/types\/post"}],"author":[{"embeddable":true,"href":"https:\/\/gemeindebuechereikastl.de\/index.php?rest_route=\/wp\/v2\/users\/1"}],"replies":[{"embeddable":true,"href":"https:\/\/gemeindebuechereikastl.de\/index.php?rest_route=%2Fwp%2Fv2%2Fcomments&post=3325"}],"version-history":[{"count":8,"href":"https:\/\/gemeindebuechereikastl.de\/index.php?rest_route=\/wp\/v2\/posts\/3325\/revisions"}],"predecessor-version":[{"id":3333,"href":"https:\/\/gemeindebuechereikastl.de\/index.php?rest_route=\/wp\/v2\/posts\/3325\/revisions\/3333"}],"wp:featuredmedia":[{"embeddable":true,"href":"https:\/\/gemeindebuechereikastl.de\/index.php?rest_route=\/wp\/v2\/media\/3330"}],"wp:attachment":[{"href":"https:\/\/gemeindebuechereikastl.de\/index.php?rest_route=%2Fwp%2Fv2%2Fmedia&parent=3325"}],"wp:term":[{"taxonomy":"category","embeddable":true,"href":"https:\/\/gemeindebuechereikastl.de\/index.php?rest_route=%2Fwp%2Fv2%2Fcategories&post=3325"},{"taxonomy":"post_tag","embeddable":true,"href":"https:\/\/gemeindebuechereikastl.de\/index.php?rest_route=%2Fwp%2Fv2%2Ftags&post=3325"}],"curies":[{"name":"wp","href":"https:\/\/api.w.org\/{rel}","templated":true}]}}