{"id":3340,"date":"2022-09-30T08:36:51","date_gmt":"2022-09-30T08:36:51","guid":{"rendered":"https:\/\/gemeindebuechereikastl.de\/?p=3340"},"modified":"2022-09-30T14:42:53","modified_gmt":"2022-09-30T14:42:53","slug":"online-fortbildung-fuer-buechereiteams-in-bayern-aus-der-gemeindebuecherei-kastl","status":"publish","type":"post","link":"https:\/\/gemeindebuechereikastl.de\/?p=3340","title":{"rendered":"Online-Fortbildung f\u00fcr B\u00fcchereiteams in Bayern aus der Gemeindeb\u00fccherei Kastl"},"content":{"rendered":"<h2 style=\"text-align: center;\"><span style=\"color: #ff6600;\"><strong>MINT-Tag des Sankt Michalesbundes mit <\/strong><\/span><span style=\"color: #ff6600;\"><strong>ONLINE &#8211; <\/strong><\/span><span style=\"color: #ff6600;\"><strong>Beitrag\u00a0 aus der Kastler Gemeindeb\u00fccherei<\/strong><\/span><\/h2>\n<p><img loading=\"lazy\" decoding=\"async\" class=\"aligncenter wp-image-3345 size-large\" src=\"https:\/\/gemeindebuechereikastl.de\/wp-content\/uploads\/2022\/09\/Kraeuter-1603x1162.jpg\" alt=\"\" width=\"750\" height=\"544\" srcset=\"https:\/\/gemeindebuechereikastl.de\/wp-content\/uploads\/2022\/09\/Kraeuter-1603x1162.jpg 1603w, https:\/\/gemeindebuechereikastl.de\/wp-content\/uploads\/2022\/09\/Kraeuter-300x217.jpg 300w, https:\/\/gemeindebuechereikastl.de\/wp-content\/uploads\/2022\/09\/Kraeuter-768x557.jpg 768w, https:\/\/gemeindebuechereikastl.de\/wp-content\/uploads\/2022\/09\/Kraeuter-1536x1113.jpg 1536w, https:\/\/gemeindebuechereikastl.de\/wp-content\/uploads\/2022\/09\/Kraeuter-2048x1484.jpg 2048w, https:\/\/gemeindebuechereikastl.de\/wp-content\/uploads\/2022\/09\/Kraeuter-750x544.jpg 750w\" sizes=\"auto, (max-width: 750px) 100vw, 750px\" \/><\/p>\n<p>In dieser Online-Fortbildung erlebten B\u00fcchereien somit unterschiedliche Impulse rund um das Thema Nachhaltigkeit und Gesundheit sowie praxisnah verschiedene Konzepte, die man selbst umsetzen kann.<\/p>\n<p><img loading=\"lazy\" decoding=\"async\" class=\"alignleft wp-image-3344 \" src=\"https:\/\/gemeindebuechereikastl.de\/wp-content\/uploads\/2022\/09\/Kraeuter-Gewuerze-1603x1202.jpg\" alt=\"\" width=\"374\" height=\"280\" srcset=\"https:\/\/gemeindebuechereikastl.de\/wp-content\/uploads\/2022\/09\/Kraeuter-Gewuerze-1603x1202.jpg 1603w, https:\/\/gemeindebuechereikastl.de\/wp-content\/uploads\/2022\/09\/Kraeuter-Gewuerze-300x225.jpg 300w, https:\/\/gemeindebuechereikastl.de\/wp-content\/uploads\/2022\/09\/Kraeuter-Gewuerze-768x576.jpg 768w, https:\/\/gemeindebuechereikastl.de\/wp-content\/uploads\/2022\/09\/Kraeuter-Gewuerze-1536x1152.jpg 1536w, https:\/\/gemeindebuechereikastl.de\/wp-content\/uploads\/2022\/09\/Kraeuter-Gewuerze-2048x1536.jpg 2048w, https:\/\/gemeindebuechereikastl.de\/wp-content\/uploads\/2022\/09\/Kraeuter-Gewuerze-750x563.jpg 750w\" sizes=\"auto, (max-width: 374px) 100vw, 374px\" \/>Ein Teil des Programmes fand in der Gemeindeb\u00fccherei Kastl statt. Das Thema war \u201eKr\u00e4uter und Gew\u00fcrze im allt\u00e4glichen Gebrauch\u201c. Dazu war Johanna Eisner von der Umweltstation Abtei Waldsassen zu uns gekommen.<\/p>\n<p>Welche Kr\u00e4uter und Gew\u00fcrze k\u00f6nnen Sie im Alltag einsetzen? Die Hildegard-von-Bingen- Expertin zeigt eine Auswahl an Kr\u00e4utern und Gew\u00fcrzen und stellte ein paar kleine Gerichte her, die man auch mit Kindern durchf\u00fchren kann.<\/p>\n<p><img loading=\"lazy\" decoding=\"async\" class=\"alignright wp-image-3346 \" src=\"https:\/\/gemeindebuechereikastl.de\/wp-content\/uploads\/2022\/09\/Kraeuterausstellung-984x1206.jpg\" alt=\"\" width=\"261\" height=\"320\" srcset=\"https:\/\/gemeindebuechereikastl.de\/wp-content\/uploads\/2022\/09\/Kraeuterausstellung-984x1206.jpg 984w, https:\/\/gemeindebuechereikastl.de\/wp-content\/uploads\/2022\/09\/Kraeuterausstellung-245x300.jpg 245w, https:\/\/gemeindebuechereikastl.de\/wp-content\/uploads\/2022\/09\/Kraeuterausstellung-768x941.jpg 768w, https:\/\/gemeindebuechereikastl.de\/wp-content\/uploads\/2022\/09\/Kraeuterausstellung-1253x1536.jpg 1253w, https:\/\/gemeindebuechereikastl.de\/wp-content\/uploads\/2022\/09\/Kraeuterausstellung-1671x2048.jpg 1671w, https:\/\/gemeindebuechereikastl.de\/wp-content\/uploads\/2022\/09\/Kraeuterausstellung-750x919.jpg 750w\" sizes=\"auto, (max-width: 261px) 100vw, 261px\" \/>Das Team der Kastler B\u00fccherei zeigt sich sehr interessiert an den Ausf\u00fchrungen von Frau Johanna Eisner und konnten vor Ort die Gerichte gleich kosten.<\/p>\n<p><strong>Im Vorfeld dieser Online-Fortbildung hatte das Team f\u00fcr die Leser der Kastler B\u00fccherei eine kleine Buchausstellung mit B\u00fcchern zu Kr\u00e4utern und Naturheilkunde zusammengestellt. Weitere Inspirationen und Infos zu diesen und weiteren B\u00fcchern gibt es hier auf unserer Homepage im <a href=\"https:\/\/iopac.gemeindebuechereikastl.de\/iopac\/\">Online-Katalog<\/a> oder bei einem Besuch bei uns in der B\u00fccherei. <\/strong><\/p>\n<p>&nbsp;<\/p>\n","protected":false},"excerpt":{"rendered":"<p>MINT-Tag des Sankt Michalesbundes mit ONLINE &#8211; Beitrag\u00a0 aus der Kastler Gemeindeb\u00fccherei In dieser Online-Fortbildung erlebten B\u00fcchereien somit unterschiedliche Impulse rund um das Thema Nachhaltigkeit und Gesundheit sowie praxisnah verschiedene Konzepte, die man selbst umsetzen kann. Ein Teil des Programmes fand in der Gemeindeb\u00fccherei Kastl statt. Das Thema war \u201eKr\u00e4uter und Gew\u00fcrze im allt\u00e4glichen Gebrauch\u201c. &hellip; <\/p>\n<p><a class=\"more-link btn\" href=\"https:\/\/gemeindebuechereikastl.de\/?p=3340\">Weiterlesen<\/a><\/p>\n","protected":false},"author":1,"featured_media":3345,"comment_status":"closed","ping_status":"closed","sticky":false,"template":"","format":"standard","meta":{"footnotes":""},"categories":[5],"tags":[391,393,392,390,394],"class_list":["post-3340","post","type-post","status-publish","format-standard","has-post-thumbnail","hentry","category-news","tag-gewuerze","tag-hildegard-von-bingen","tag-kochen","tag-kraeuter","tag-online-fortbildung","item-wrap"],"_links":{"self":[{"href":"https:\/\/gemeindebuechereikastl.de\/index.php?rest_route=\/wp\/v2\/posts\/3340","targetHints":{"allow":["GET"]}}],"collection":[{"href":"https:\/\/gemeindebuechereikastl.de\/index.php?rest_route=\/wp\/v2\/posts"}],"about":[{"href":"https:\/\/gemeindebuechereikastl.de\/index.php?rest_route=\/wp\/v2\/types\/post"}],"author":[{"embeddable":true,"href":"https:\/\/gemeindebuechereikastl.de\/index.php?rest_route=\/wp\/v2\/users\/1"}],"replies":[{"embeddable":true,"href":"https:\/\/gemeindebuechereikastl.de\/index.php?rest_route=%2Fwp%2Fv2%2Fcomments&post=3340"}],"version-history":[{"count":5,"href":"https:\/\/gemeindebuechereikastl.de\/index.php?rest_route=\/wp\/v2\/posts\/3340\/revisions"}],"predecessor-version":[{"id":3351,"href":"https:\/\/gemeindebuechereikastl.de\/index.php?rest_route=\/wp\/v2\/posts\/3340\/revisions\/3351"}],"wp:featuredmedia":[{"embeddable":true,"href":"https:\/\/gemeindebuechereikastl.de\/index.php?rest_route=\/wp\/v2\/media\/3345"}],"wp:attachment":[{"href":"https:\/\/gemeindebuechereikastl.de\/index.php?rest_route=%2Fwp%2Fv2%2Fmedia&parent=3340"}],"wp:term":[{"taxonomy":"category","embeddable":true,"href":"https:\/\/gemeindebuechereikastl.de\/index.php?rest_route=%2Fwp%2Fv2%2Fcategories&post=3340"},{"taxonomy":"post_tag","embeddable":true,"href":"https:\/\/gemeindebuechereikastl.de\/index.php?rest_route=%2Fwp%2Fv2%2Ftags&post=3340"}],"curies":[{"name":"wp","href":"https:\/\/api.w.org\/{rel}","templated":true}]}}