{"id":3353,"date":"2022-10-03T15:32:33","date_gmt":"2022-10-03T15:32:33","guid":{"rendered":"https:\/\/gemeindebuechereikastl.de\/?p=3353"},"modified":"2022-10-03T15:59:27","modified_gmt":"2022-10-03T15:59:27","slug":"ausstellung-zu-trauer-trost-und-traenen-in-der-pfarrkiche","status":"publish","type":"post","link":"https:\/\/gemeindebuechereikastl.de\/?p=3353","title":{"rendered":"Ausstellung zu Trauer, Trost und Tr\u00e4nen in der Pfarrkirche"},"content":{"rendered":"<h2 style=\"text-align: center;\"><span style=\"color: #ff6600;\"><strong>Buchausstellung des B\u00fcchereiteams im Rahmen der Ausstellung &#8222;Trauer, Trost &amp; Tr\u00e4nen&#8220; in der Kastler Pfarrkirche St. Petrus<\/strong> <\/span><\/h2>\n<p>In der Pfarrkirche St. Petrus wurde am 30 September die Ausstellung \u201eTrauer, Trost und Tr\u00e4nen\u201c er\u00f6ffnet. Diese haben die Mitarbeiter des Trauer-Caf\u00e9s mit K\u00fcnstler Stefan Stock erstellt und ist noch bis zum Sonntag, 6. November zu sehen. K\u00fcnstler aus der Region haben sich mit dem Thema Trauer und Hoffnung auseinandergesetzt. Daneben sind auch Werke von Kindergarten- und Schulkindern aus Kastl ausgestellt.<\/p>\n<p><img loading=\"lazy\" decoding=\"async\" class=\"aligncenter wp-image-3354 \" src=\"https:\/\/gemeindebuechereikastl.de\/wp-content\/uploads\/2022\/10\/20220930_162058-1603x1202.jpg\" alt=\"\" width=\"667\" height=\"500\" srcset=\"https:\/\/gemeindebuechereikastl.de\/wp-content\/uploads\/2022\/10\/20220930_162058-1603x1202.jpg 1603w, https:\/\/gemeindebuechereikastl.de\/wp-content\/uploads\/2022\/10\/20220930_162058-300x225.jpg 300w, https:\/\/gemeindebuechereikastl.de\/wp-content\/uploads\/2022\/10\/20220930_162058-768x576.jpg 768w, https:\/\/gemeindebuechereikastl.de\/wp-content\/uploads\/2022\/10\/20220930_162058-1536x1152.jpg 1536w, https:\/\/gemeindebuechereikastl.de\/wp-content\/uploads\/2022\/10\/20220930_162058-2048x1536.jpg 2048w, https:\/\/gemeindebuechereikastl.de\/wp-content\/uploads\/2022\/10\/20220930_162058-750x563.jpg 750w\" sizes=\"auto, (max-width: 667px) 100vw, 667px\" \/>Auch wir das Team der Pfarr- und Gemeindeb\u00fccherei Kastl sind mit einer Ausstellung an B\u00fcchern zu diesem Thema vertreten. Unter dem Motto \u201eUnser Angebot-Ihre Chance&#8220; pr\u00e4sentiert das Team mit den <img loading=\"lazy\" decoding=\"async\" class=\"wp-image-3358 alignleft\" src=\"https:\/\/gemeindebuechereikastl.de\/wp-content\/uploads\/2022\/10\/Plakat-827x1206.jpg\" alt=\"\" width=\"241\" height=\"352\" srcset=\"https:\/\/gemeindebuechereikastl.de\/wp-content\/uploads\/2022\/10\/Plakat-827x1206.jpg 827w, https:\/\/gemeindebuechereikastl.de\/wp-content\/uploads\/2022\/10\/Plakat-206x300.jpg 206w, https:\/\/gemeindebuechereikastl.de\/wp-content\/uploads\/2022\/10\/Plakat-768x1120.jpg 768w, https:\/\/gemeindebuechereikastl.de\/wp-content\/uploads\/2022\/10\/Plakat-1053x1536.jpg 1053w, https:\/\/gemeindebuechereikastl.de\/wp-content\/uploads\/2022\/10\/Plakat-750x1094.jpg 750w, https:\/\/gemeindebuechereikastl.de\/wp-content\/uploads\/2022\/10\/Plakat.jpg 1205w\" sizes=\"auto, (max-width: 241px) 100vw, 241px\" \/>ausgestellten B\u00fcchern aus den Bereichen der Kinderb\u00fccher, Kindersachb\u00fccher, Romane und Sachb\u00fccher sowie H\u00f6rb\u00fccher erg\u00e4nzende und weiterf\u00fchrende Informationen zu diesen Themen.<br \/>\nDiese Buchausstellung wurde aus den Best\u00e4nden der B\u00fccherei f\u00fcr alle <img loading=\"lazy\" decoding=\"async\" class=\"wp-image-3356 alignright\" src=\"https:\/\/gemeindebuechereikastl.de\/wp-content\/uploads\/2022\/10\/20220930_192329-1603x1202.jpg\" alt=\"\" width=\"333\" height=\"250\" srcset=\"https:\/\/gemeindebuechereikastl.de\/wp-content\/uploads\/2022\/10\/20220930_192329-1603x1202.jpg 1603w, https:\/\/gemeindebuechereikastl.de\/wp-content\/uploads\/2022\/10\/20220930_192329-300x225.jpg 300w, https:\/\/gemeindebuechereikastl.de\/wp-content\/uploads\/2022\/10\/20220930_192329-768x576.jpg 768w, https:\/\/gemeindebuechereikastl.de\/wp-content\/uploads\/2022\/10\/20220930_192329-1536x1152.jpg 1536w, https:\/\/gemeindebuechereikastl.de\/wp-content\/uploads\/2022\/10\/20220930_192329-2048x1536.jpg 2048w, https:\/\/gemeindebuechereikastl.de\/wp-content\/uploads\/2022\/10\/20220930_192329-750x563.jpg 750w\" sizes=\"auto, (max-width: 333px) 100vw, 333px\" \/>Besucher zusammengestellt. In der Gemeindeb\u00fccherei Kastl sind weitere B\u00fccher \u00fcber Trauer, Trost und Tr\u00e4nen zu finden und ebenfalls ein interessantes und aktuelles Angebot von ca. 10.000 B\u00fcchern und weiteren Medien. Alle Infos dazu jederzeit in unserem <strong><a href=\"https:\/\/iopac.gemeindebuechereikastl.de\/iopac\/\">Online-Katalog <\/a><\/strong>oder bei einem Besuch in unserer B\u00fccherei.<\/p>\n<p><img loading=\"lazy\" decoding=\"async\" class=\"aligncenter wp-image-3371\" src=\"https:\/\/gemeindebuechereikastl.de\/wp-content\/uploads\/2022\/10\/Interesenten-1603x1091.jpg\" alt=\"\" width=\"660\" height=\"449\" srcset=\"https:\/\/gemeindebuechereikastl.de\/wp-content\/uploads\/2022\/10\/Interesenten-1603x1091.jpg 1603w, https:\/\/gemeindebuechereikastl.de\/wp-content\/uploads\/2022\/10\/Interesenten-300x204.jpg 300w, https:\/\/gemeindebuechereikastl.de\/wp-content\/uploads\/2022\/10\/Interesenten-768x523.jpg 768w, https:\/\/gemeindebuechereikastl.de\/wp-content\/uploads\/2022\/10\/Interesenten-1536x1046.jpg 1536w, https:\/\/gemeindebuechereikastl.de\/wp-content\/uploads\/2022\/10\/Interesenten-2048x1394.jpg 2048w, https:\/\/gemeindebuechereikastl.de\/wp-content\/uploads\/2022\/10\/Interesenten-750x511.jpg 750w\" sizes=\"auto, (max-width: 660px) 100vw, 660px\" \/><\/p>\n<p>Die meisten Menschen besch\u00e4ftigen sich mit dem Thema Tod und dem eigenen Lebensende erst, wenn sie selbst kranke oder alt werden, oder wenn in der Familie\u00a0 beziehungsweise im Freundes- und Bekanntenkreis ein Mensch betroffen ist.<img loading=\"lazy\" decoding=\"async\" class=\"alignright wp-image-3374 \" src=\"https:\/\/gemeindebuechereikastl.de\/wp-content\/uploads\/2022\/10\/Trost.jpg\" alt=\"\" width=\"247\" height=\"202\" srcset=\"https:\/\/gemeindebuechereikastl.de\/wp-content\/uploads\/2022\/10\/Trost.jpg 650w, https:\/\/gemeindebuechereikastl.de\/wp-content\/uploads\/2022\/10\/Trost-300x245.jpg 300w\" sizes=\"auto, (max-width: 247px) 100vw, 247px\" \/><\/p>\n<p>Zur Ausstellung tragen regionale K\u00fcnstler, Sch\u00fcler der Grundschule und der Kindergarten ihre Werke und Gedanken bei. Neben der B\u00fccherei stellen auch noch der Hospizverein Amberg, das BRK Seniorenheim Kastl, das Heimatmuseum der Familie Wei\u00df, das Projekt Sternenkinder und weitere Gruppen ihre Angebote vor.<\/p>\n","protected":false},"excerpt":{"rendered":"<p>Buchausstellung des B\u00fcchereiteams im Rahmen der Ausstellung &#8222;Trauer, Trost &amp; Tr\u00e4nen&#8220; in der Kastler Pfarrkirche St. Petrus In der Pfarrkirche St. Petrus wurde am 30 September die Ausstellung \u201eTrauer, Trost und Tr\u00e4nen\u201c er\u00f6ffnet. Diese haben die Mitarbeiter des Trauer-Caf\u00e9s mit K\u00fcnstler Stefan Stock erstellt und ist noch bis zum Sonntag, 6. November zu sehen. K\u00fcnstler &hellip; <\/p>\n<p><a class=\"more-link btn\" href=\"https:\/\/gemeindebuechereikastl.de\/?p=3353\">Weiterlesen<\/a><\/p>\n","protected":false},"author":1,"featured_media":3371,"comment_status":"closed","ping_status":"closed","sticky":false,"template":"","format":"standard","meta":{"footnotes":""},"categories":[5],"tags":[192,194,398,397,395,396],"class_list":["post-3353","post","type-post","status-publish","format-standard","has-post-thumbnail","hentry","category-news","tag-ausstellung","tag-buchausstellung","tag-pfarrkirche","tag-traenen","tag-trauer","tag-trost","item-wrap"],"_links":{"self":[{"href":"https:\/\/gemeindebuechereikastl.de\/index.php?rest_route=\/wp\/v2\/posts\/3353","targetHints":{"allow":["GET"]}}],"collection":[{"href":"https:\/\/gemeindebuechereikastl.de\/index.php?rest_route=\/wp\/v2\/posts"}],"about":[{"href":"https:\/\/gemeindebuechereikastl.de\/index.php?rest_route=\/wp\/v2\/types\/post"}],"author":[{"embeddable":true,"href":"https:\/\/gemeindebuechereikastl.de\/index.php?rest_route=\/wp\/v2\/users\/1"}],"replies":[{"embeddable":true,"href":"https:\/\/gemeindebuechereikastl.de\/index.php?rest_route=%2Fwp%2Fv2%2Fcomments&post=3353"}],"version-history":[{"count":15,"href":"https:\/\/gemeindebuechereikastl.de\/index.php?rest_route=\/wp\/v2\/posts\/3353\/revisions"}],"predecessor-version":[{"id":3375,"href":"https:\/\/gemeindebuechereikastl.de\/index.php?rest_route=\/wp\/v2\/posts\/3353\/revisions\/3375"}],"wp:featuredmedia":[{"embeddable":true,"href":"https:\/\/gemeindebuechereikastl.de\/index.php?rest_route=\/wp\/v2\/media\/3371"}],"wp:attachment":[{"href":"https:\/\/gemeindebuechereikastl.de\/index.php?rest_route=%2Fwp%2Fv2%2Fmedia&parent=3353"}],"wp:term":[{"taxonomy":"category","embeddable":true,"href":"https:\/\/gemeindebuechereikastl.de\/index.php?rest_route=%2Fwp%2Fv2%2Fcategories&post=3353"},{"taxonomy":"post_tag","embeddable":true,"href":"https:\/\/gemeindebuechereikastl.de\/index.php?rest_route=%2Fwp%2Fv2%2Ftags&post=3353"}],"curies":[{"name":"wp","href":"https:\/\/api.w.org\/{rel}","templated":true}]}}