{"id":3383,"date":"2022-10-14T13:17:43","date_gmt":"2022-10-14T13:17:43","guid":{"rendered":"https:\/\/gemeindebuechereikastl.de\/?p=3383"},"modified":"2022-10-14T14:45:50","modified_gmt":"2022-10-14T14:45:50","slug":"der-schwandorfer-autor-fabian-borkner-war-zu-gast-in-der-gemeindebuecherei-und-las-aus-zoigltod","status":"publish","type":"post","link":"https:\/\/gemeindebuechereikastl.de\/?p=3383","title":{"rendered":"Der Schwandorfer Autor Fabian Borkner war zu Gast in der Gemeindeb\u00fccherei und las aus seinem neuesten Oberpfalz-Krimi &#8222;Zoigltod&#8220;"},"content":{"rendered":"<h2 style=\"text-align: center;\"><span style=\"color: #ff6600;\"><strong>Im Vollbesetzten Obergeschoss der B\u00fccherei las Fabian Borkner aus seinem neusten Oberpfalz-Krimi \u201eZoigltod\u201c<\/strong><\/span><\/h2>\n<p><img loading=\"lazy\" decoding=\"async\" class=\"aligncenter wp-image-3385 \" src=\"https:\/\/gemeindebuechereikastl.de\/wp-content\/uploads\/2022\/10\/Lesung-Fabian-Borkner-1603x1032.jpg\" alt=\"\" width=\"677\" height=\"436\" srcset=\"https:\/\/gemeindebuechereikastl.de\/wp-content\/uploads\/2022\/10\/Lesung-Fabian-Borkner-1603x1032.jpg 1603w, https:\/\/gemeindebuechereikastl.de\/wp-content\/uploads\/2022\/10\/Lesung-Fabian-Borkner-300x193.jpg 300w, https:\/\/gemeindebuechereikastl.de\/wp-content\/uploads\/2022\/10\/Lesung-Fabian-Borkner-768x495.jpg 768w, https:\/\/gemeindebuechereikastl.de\/wp-content\/uploads\/2022\/10\/Lesung-Fabian-Borkner-1536x989.jpg 1536w, https:\/\/gemeindebuechereikastl.de\/wp-content\/uploads\/2022\/10\/Lesung-Fabian-Borkner-2048x1319.jpg 2048w, https:\/\/gemeindebuechereikastl.de\/wp-content\/uploads\/2022\/10\/Lesung-Fabian-Borkner-750x483.jpg 750w\" sizes=\"auto, (max-width: 677px) 100vw, 677px\" \/><br \/>\nZum Beginn der Lesung stelle Borkner die beiden Hauptakteure seiner Krimis kurz vor, n\u00e4mlich die Versicherungsdetektive Agathe Viersen ein Nordlicht und Gerhard Leitner ein Oberpf\u00e4lzer, die bereits in ihren f\u00fcnften gemeinsamen Fall ermitteln.\u00a0 2017 erblickten die fiktiven Ermittler das literarische Licht der Welt, als Fabian Borkner seinen Deb\u00fct-Krimi \u201eKirwatanz\u201c pr\u00e4sentierte. Ihm folgten dann 2018 &#8211; Berg, Fest, Mord, 2019 -A Hochzeit und a Leich, 2020 &#8211; Groumdeifl und in diesem Jahr Zoigltod. Aus diesem las er an diesem Abend in der Kastler B\u00fccherei vor.<\/p>\n<p><img loading=\"lazy\" decoding=\"async\" class=\"aligncenter wp-image-3301 \" src=\"https:\/\/gemeindebuechereikastl.de\/wp-content\/uploads\/2022\/09\/Buecher-Borkner-1603x431.jpg\" alt=\"\" width=\"679\" height=\"183\" srcset=\"https:\/\/gemeindebuechereikastl.de\/wp-content\/uploads\/2022\/09\/Buecher-Borkner-1603x431.jpg 1603w, https:\/\/gemeindebuechereikastl.de\/wp-content\/uploads\/2022\/09\/Buecher-Borkner-300x81.jpg 300w, https:\/\/gemeindebuechereikastl.de\/wp-content\/uploads\/2022\/09\/Buecher-Borkner-768x206.jpg 768w, https:\/\/gemeindebuechereikastl.de\/wp-content\/uploads\/2022\/09\/Buecher-Borkner-1536x413.jpg 1536w, https:\/\/gemeindebuechereikastl.de\/wp-content\/uploads\/2022\/09\/Buecher-Borkner-750x202.jpg 750w, https:\/\/gemeindebuechereikastl.de\/wp-content\/uploads\/2022\/09\/Buecher-Borkner.jpg 1637w\" sizes=\"auto, (max-width: 679px) 100vw, 679px\" \/><\/p>\n<p>Der Zoigl, der im Titel des Buches vorkommt, ist ein unterg\u00e4riges Bier, das vor allem in der Oberpfalz gebraut wird. Im f\u00fcnften Band der Krimireihe mit den Versicherungsdetektiven Agathe Viersen und Gerhard <img loading=\"lazy\" decoding=\"async\" class=\"alignleft wp-image-3384 \" src=\"https:\/\/gemeindebuechereikastl.de\/wp-content\/uploads\/2022\/10\/Fabian-Borkner-894x1206.jpg\" alt=\"\" width=\"526\" height=\"710\" srcset=\"https:\/\/gemeindebuechereikastl.de\/wp-content\/uploads\/2022\/10\/Fabian-Borkner-894x1206.jpg 894w, https:\/\/gemeindebuechereikastl.de\/wp-content\/uploads\/2022\/10\/Fabian-Borkner-222x300.jpg 222w, https:\/\/gemeindebuechereikastl.de\/wp-content\/uploads\/2022\/10\/Fabian-Borkner-768x1036.jpg 768w, https:\/\/gemeindebuechereikastl.de\/wp-content\/uploads\/2022\/10\/Fabian-Borkner-1139x1536.jpg 1139w, https:\/\/gemeindebuechereikastl.de\/wp-content\/uploads\/2022\/10\/Fabian-Borkner-1519x2048.jpg 1519w, https:\/\/gemeindebuechereikastl.de\/wp-content\/uploads\/2022\/10\/Fabian-Borkner-750x1011.jpg 750w, https:\/\/gemeindebuechereikastl.de\/wp-content\/uploads\/2022\/10\/Fabian-Borkner-scaled.jpg 1899w\" sizes=\"auto, (max-width: 526px) 100vw, 526px\" \/>Leitner sind entsprechend Orte in der Oberpfalz die Schaupl\u00e4tze. Als im Metallbau- und Gie\u00dfereibetrieb der Familie Dirscherl in Windischeschenbach der Besuch des bayerischen Finanzministers ansteht, versucht man alles, um gut dazustehen. Und genau als der Minister durch eine Scheibe schaut, um in das Innere des Strahlhauses, in dem Eisenteile entgratet werden, zu blicken, spritzt Blut, weil ein Mensch dort drinnen von einer Vielzahl von kleinen Stahlk\u00fcgelchen zerfetzt wird. Bei ihren Ermittlungen kommen die beiden auch nach Neuhaus, Weiden und Grafenw\u00f6hr. Die amerikanische Garnison kommt dabei auch ins Spiel. Dass sie auch etliche Zoiglwirtschaften besuchen und dabei auch dem braunen Zoiglbier zusprechen, passt hervorragend zur Atmosph\u00e4re des Buches. Bei den Unterhaltungen dabei kommen nach und nach immer mehr Informationen zusammen, die in Richtung Aufkl\u00e4rung des Verbrechens f\u00fchren. Mit seiner Art die verschiedenen Charaktere in seinem Buch so treffen nachzumachen bekam die Lesung einen weiteren Aspekt, der die Zuh\u00f6rer begeisterte.<\/p>\n<p>Nach der Lesung stellte sich Fabian Borkner den Fragen der Zuh\u00f6rer. Unter anderem, wie er zum Schreiben kam, wie die einzelnen B\u00fccher entstehen, was das Titelfoto bedeute, ob es seine Krimis auch als H\u00f6rbuch gibt und viele Fragen mehr. E<img loading=\"lazy\" decoding=\"async\" class=\"alignright wp-image-3388 \" src=\"https:\/\/gemeindebuechereikastl.de\/wp-content\/uploads\/2022\/10\/Siegnieren-880x1206.jpg\" alt=\"\" width=\"331\" height=\"453\" srcset=\"https:\/\/gemeindebuechereikastl.de\/wp-content\/uploads\/2022\/10\/Siegnieren-880x1206.jpg 880w, https:\/\/gemeindebuechereikastl.de\/wp-content\/uploads\/2022\/10\/Siegnieren-219x300.jpg 219w, https:\/\/gemeindebuechereikastl.de\/wp-content\/uploads\/2022\/10\/Siegnieren-768x1053.jpg 768w, https:\/\/gemeindebuechereikastl.de\/wp-content\/uploads\/2022\/10\/Siegnieren-1120x1536.jpg 1120w, https:\/\/gemeindebuechereikastl.de\/wp-content\/uploads\/2022\/10\/Siegnieren-1494x2048.jpg 1494w, https:\/\/gemeindebuechereikastl.de\/wp-content\/uploads\/2022\/10\/Siegnieren-750x1028.jpg 750w, https:\/\/gemeindebuechereikastl.de\/wp-content\/uploads\/2022\/10\/Siegnieren-scaled.jpg 1867w\" sizes=\"auto, (max-width: 331px) 100vw, 331px\" \/>r beantwortete die vielen Fragen sehr gerne und erz\u00e4hlte so manche Anekdoten aus seinen Lesungen und aus seiner Arbeit. Zum Schluss erw\u00e4hnte er noch das er bereits an einen neuen Krimi arbeite und das Publikum lie\u00df nicht locker, bis er erw\u00e4hnte, wo dieser spielt. Nach mehrmaligen Nachfragen verreit er dem Publikum das dieser im Raum Neumarkt spielt.<\/p>\n<p>Der Kriminalfall wurde\u00a0 w\u00e4hrend der Lesung nicht gel\u00f6st, da Fabian Borkner nur die ersten drei Kapitel gelesen hat. Wie es ausgeht, steht in Fabian Borkners Buch &#8222;Zoigltod&#8220;, das sich viele, signiert vom Autor, nach einer spannenden Lesung mit nach Hause nahmen.<\/p>\n<p>Nach einem sehr unterhaltsamen und spannenden Abend bedankte sich B\u00fcchereileiter Georg D\u00fcrr bei Fabian Borkner f\u00fcr sein Kommen und die zwei Stunden, in denen er die Zuh\u00f6rer in seinen Bann zog. Auch betonte er noch, dass es alle bisher erschienen Krimis von Fabian Borkner in Gemeindeb\u00fccherei zum Entleihen gibt. Weiter Infos zu den B\u00fcchern im <strong><a href=\"https:\/\/iopac.gemeindebuechereikastl.de\/iopac\/\">Online-Katalog\u00a0<\/a><\/strong><\/p>\n","protected":false},"excerpt":{"rendered":"<p>Im Vollbesetzten Obergeschoss der B\u00fccherei las Fabian Borkner aus seinem neusten Oberpfalz-Krimi \u201eZoigltod\u201c Zum Beginn der Lesung stelle Borkner die beiden Hauptakteure seiner Krimis kurz vor, n\u00e4mlich die Versicherungsdetektive Agathe Viersen ein Nordlicht und Gerhard Leitner ein Oberpf\u00e4lzer, die bereits in ihren f\u00fcnften gemeinsamen Fall ermitteln.\u00a0 2017 erblickten die fiktiven Ermittler das literarische Licht der &hellip; <\/p>\n<p><a class=\"more-link btn\" href=\"https:\/\/gemeindebuechereikastl.de\/?p=3383\">Weiterlesen<\/a><\/p>\n","protected":false},"author":1,"featured_media":3385,"comment_status":"closed","ping_status":"closed","sticky":false,"template":"","format":"standard","meta":{"footnotes":""},"categories":[5],"tags":[399,293,241,263,401,294,400],"class_list":["post-3383","post","type-post","status-publish","format-standard","has-post-thumbnail","hentry","category-news","tag-borkner","tag-krimi","tag-lesung","tag-oberpfalz","tag-oberpfalz-krimi","tag-regionalkrimis","tag-zoigltod","item-wrap"],"_links":{"self":[{"href":"https:\/\/gemeindebuechereikastl.de\/index.php?rest_route=\/wp\/v2\/posts\/3383","targetHints":{"allow":["GET"]}}],"collection":[{"href":"https:\/\/gemeindebuechereikastl.de\/index.php?rest_route=\/wp\/v2\/posts"}],"about":[{"href":"https:\/\/gemeindebuechereikastl.de\/index.php?rest_route=\/wp\/v2\/types\/post"}],"author":[{"embeddable":true,"href":"https:\/\/gemeindebuechereikastl.de\/index.php?rest_route=\/wp\/v2\/users\/1"}],"replies":[{"embeddable":true,"href":"https:\/\/gemeindebuechereikastl.de\/index.php?rest_route=%2Fwp%2Fv2%2Fcomments&post=3383"}],"version-history":[{"count":6,"href":"https:\/\/gemeindebuechereikastl.de\/index.php?rest_route=\/wp\/v2\/posts\/3383\/revisions"}],"predecessor-version":[{"id":3406,"href":"https:\/\/gemeindebuechereikastl.de\/index.php?rest_route=\/wp\/v2\/posts\/3383\/revisions\/3406"}],"wp:featuredmedia":[{"embeddable":true,"href":"https:\/\/gemeindebuechereikastl.de\/index.php?rest_route=\/wp\/v2\/media\/3385"}],"wp:attachment":[{"href":"https:\/\/gemeindebuechereikastl.de\/index.php?rest_route=%2Fwp%2Fv2%2Fmedia&parent=3383"}],"wp:term":[{"taxonomy":"category","embeddable":true,"href":"https:\/\/gemeindebuechereikastl.de\/index.php?rest_route=%2Fwp%2Fv2%2Fcategories&post=3383"},{"taxonomy":"post_tag","embeddable":true,"href":"https:\/\/gemeindebuechereikastl.de\/index.php?rest_route=%2Fwp%2Fv2%2Ftags&post=3383"}],"curies":[{"name":"wp","href":"https:\/\/api.w.org\/{rel}","templated":true}]}}