{"id":3394,"date":"2022-10-14T14:30:38","date_gmt":"2022-10-14T14:30:38","guid":{"rendered":"https:\/\/gemeindebuechereikastl.de\/?p=3394"},"modified":"2022-10-14T14:43:31","modified_gmt":"2022-10-14T14:43:31","slug":"zum-tag-der-offenen-tuer-mit-kasperltheater-konnte-das-team-sehr-viele-besucher-in-der-buecherei-begruessen","status":"publish","type":"post","link":"https:\/\/gemeindebuechereikastl.de\/?p=3394","title":{"rendered":"Zum &#8222;Tag der offenen T\u00fcr mit Kasperltheater&#8220; konnte das Team sehr viele Besucher in der B\u00fccherei begr\u00fc\u00dfen"},"content":{"rendered":"<h2 style=\"text-align: center;\"><strong><span style=\"color: #ff6600;\">Das B\u00fcchereiwochenende in der Gemeindeb\u00fccherei war ein gro\u00dfartiger Erfolg &#8211; Zum Tag der offenen T\u00fcr mit Kasperltheater kamen sehr viele interessierte Besucher in die B\u00fccherei<\/span><br \/>\n<\/strong><\/h2>\n<p>Bei herrlichem Herbstwetter stand die T\u00fcr der Gemeindeb\u00fccherei Kastl ganz weit offen. Drinnen ging es laut und fr\u00f6hlich zu beim Erkunden der vielen neuen B\u00fcchern und Medien nat\u00fcrlich auch als es im Obergescho\u00df der B\u00fccherei hie\u00df: Seid Ihr alle da\u2026 mit dem Kasperltheater \u201eKasperl und Seppl auf Schatzsuche\u201c.<\/p>\n<p><img loading=\"lazy\" decoding=\"async\" class=\"aligncenter wp-image-3396 \" src=\"https:\/\/gemeindebuechereikastl.de\/wp-content\/uploads\/2022\/10\/Kasperltheater-1603x779.jpg\" alt=\"\" width=\"678\" height=\"329\" srcset=\"https:\/\/gemeindebuechereikastl.de\/wp-content\/uploads\/2022\/10\/Kasperltheater-1603x779.jpg 1603w, https:\/\/gemeindebuechereikastl.de\/wp-content\/uploads\/2022\/10\/Kasperltheater-300x146.jpg 300w, https:\/\/gemeindebuechereikastl.de\/wp-content\/uploads\/2022\/10\/Kasperltheater-768x373.jpg 768w, https:\/\/gemeindebuechereikastl.de\/wp-content\/uploads\/2022\/10\/Kasperltheater-1536x747.jpg 1536w, https:\/\/gemeindebuechereikastl.de\/wp-content\/uploads\/2022\/10\/Kasperltheater-2048x996.jpg 2048w, https:\/\/gemeindebuechereikastl.de\/wp-content\/uploads\/2022\/10\/Kasperltheater-750x365.jpg 750w\" sizes=\"auto, (max-width: 678px) 100vw, 678px\" \/><\/p>\n<p>Gem\u00e4\u00df ihrem Leitspruch \u201eGemeinb\u00fccherei Kastl \u2013 Das Haus der B\u00fccher und Medienvielfalt\u201c hob das Team die Neuerwerbungen f\u00fcr die Besucher besonders hervor. Auch bot sich an diesem Tag die Gelegenheit in einigen neuen B\u00fcchern kurz zu schm\u00f6kern und auch sich \u00fcber die aktuellen Neuerscheinungen zu unterhalten.<br \/>\n<img loading=\"lazy\" decoding=\"async\" class=\"wp-image-3398 alignleft\" src=\"https:\/\/gemeindebuechereikastl.de\/wp-content\/uploads\/2022\/10\/Neue-Buecher-1603x1129.jpg\" alt=\"\" width=\"421\" height=\"296\" srcset=\"https:\/\/gemeindebuechereikastl.de\/wp-content\/uploads\/2022\/10\/Neue-Buecher-1603x1129.jpg 1603w, https:\/\/gemeindebuechereikastl.de\/wp-content\/uploads\/2022\/10\/Neue-Buecher-300x211.jpg 300w, https:\/\/gemeindebuechereikastl.de\/wp-content\/uploads\/2022\/10\/Neue-Buecher-768x541.jpg 768w, https:\/\/gemeindebuechereikastl.de\/wp-content\/uploads\/2022\/10\/Neue-Buecher-1536x1081.jpg 1536w, https:\/\/gemeindebuechereikastl.de\/wp-content\/uploads\/2022\/10\/Neue-Buecher-2048x1442.jpg 2048w, https:\/\/gemeindebuechereikastl.de\/wp-content\/uploads\/2022\/10\/Neue-Buecher-750x528.jpg 750w\" sizes=\"auto, (max-width: 421px) 100vw, 421px\" \/>Das B\u00fcchereiteam hat neben den aktuellen Bestsellern auch f\u00fcr alle Leser von 2 \u2013 99 Jahren wieder eine gro\u00dfartige Auswahl an neuen B\u00fcchern und Medien im Wert von \u00fcber 4000 Euro eingekauft und diese zum ersten Mal allen Leserinnen und Lesern und solche die es werden wollen vorgestellt.<\/p>\n<p>Neben den neuen B\u00fcchern und Medien stand f\u00fcr die Kinder nat\u00fcrlich die zwei Auff\u00fchrungen des Raitenbucher Kaspertheaters mit im Vordergrund das im Obergeschoss mit dem ihrem St\u00fcck \u201eKasperl und Seppl auf Schatzsuche\u201c die Kinder begeisterte. Bei beiden Vorstellungen waren die Auff\u00fchrungen bis auf den letzten Platz besetzt und die Kinder fieberten flei\u00dfig mit Kasperl und seinem Freund Seppel mit.<\/p>\n<div style=\"width: 640px;\" class=\"wp-video\"><video class=\"wp-video-shortcode\" id=\"video-3394-1\" width=\"640\" height=\"304\" preload=\"metadata\" controls=\"controls\"><source type=\"video\/mp4\" src=\"https:\/\/gemeindebuechereikastl.de\/wp-content\/uploads\/2022\/10\/VID-20221009-WA0006.mp4?_=1\" \/><a href=\"https:\/\/gemeindebuechereikastl.de\/wp-content\/uploads\/2022\/10\/VID-20221009-WA0006.mp4\">https:\/\/gemeindebuechereikastl.de\/wp-content\/uploads\/2022\/10\/VID-20221009-WA0006.mp4<\/a><\/video><\/div>\n<p>Kasperl und sein Freund Seppel haben von einem riesigen und wertvollen Schatz getr\u00e4umt und machen sich gleich auf den Weg, diesen Schatz zu finden. Leider kommt den beiden die Hexe in die Quere, sie zaubert den armen Seppel weg und fordert von Kasper den Schatz. Jetzt muss sich Kasper entscheiden: Schatz oder Seppel. Als wahrer Freund verzichtet Kasper auf den Schatz und will lieber seinen Seppel wiederhaben. Aber ganz ungeschoren kommt die Hexe dann doch nicht davon!<\/p>\n<p><img loading=\"lazy\" decoding=\"async\" class=\"alignright wp-image-3397 \" src=\"https:\/\/gemeindebuechereikastl.de\/wp-content\/uploads\/2022\/10\/Kinderbuecher-1603x1138.jpg\" alt=\"\" width=\"388\" height=\"276\" srcset=\"https:\/\/gemeindebuechereikastl.de\/wp-content\/uploads\/2022\/10\/Kinderbuecher-1603x1138.jpg 1603w, https:\/\/gemeindebuechereikastl.de\/wp-content\/uploads\/2022\/10\/Kinderbuecher-300x213.jpg 300w, https:\/\/gemeindebuechereikastl.de\/wp-content\/uploads\/2022\/10\/Kinderbuecher-768x545.jpg 768w, https:\/\/gemeindebuechereikastl.de\/wp-content\/uploads\/2022\/10\/Kinderbuecher-1536x1091.jpg 1536w, https:\/\/gemeindebuechereikastl.de\/wp-content\/uploads\/2022\/10\/Kinderbuecher-2048x1454.jpg 2048w, https:\/\/gemeindebuechereikastl.de\/wp-content\/uploads\/2022\/10\/Kinderbuecher-750x533.jpg 750w\" sizes=\"auto, (max-width: 388px) 100vw, 388px\" \/>Alle an diesem Wochenende ausgestellten neuen B\u00fccher und Medien konnten dann zum Ende des Tags der offenen T\u00fcr mitgenommen werden. Viele kamen deshalb nochmals in die B\u00fccherei, um die neuen B\u00fccher und Medien gleich mitzunehmen. Bei den kommenden \u00d6ffnungstagen stehen die neuen B\u00fccher allen interessierten Leserinnen und Lesern zur Ausleihe zur Verf\u00fcgung. Darunter selbstverst\u00e4ndlich die vielen aktuellen Neuerwerbungen aus den Rubriken der Romane, Kinderb\u00fccher, Jugendb\u00fccher, Sachb\u00fccher, H\u00f6rb\u00fccher und die neuesten Filme auf DVD sowie die Spiele und die bei den Kindern beliebten Tonies. N\u00e4here Infos zu den Neuen B\u00fcchern und Medien gibt es hier auf unserer Homepage im <strong><a href=\"https:\/\/iopac.gemeindebuechereikastl.de\/iopac\/\">Online-Katalog <\/a><\/strong>unter &#8222;Neue Titel&#8220; oder bei einem Besuch in der B\u00fccherei.<\/p>\n<p><img loading=\"lazy\" decoding=\"async\" class=\"aligncenter wp-image-3401 \" src=\"https:\/\/gemeindebuechereikastl.de\/wp-content\/uploads\/2022\/10\/Lesercafe-1603x893.jpg\" alt=\"\" width=\"703\" height=\"392\" srcset=\"https:\/\/gemeindebuechereikastl.de\/wp-content\/uploads\/2022\/10\/Lesercafe-1603x893.jpg 1603w, https:\/\/gemeindebuechereikastl.de\/wp-content\/uploads\/2022\/10\/Lesercafe-300x167.jpg 300w, https:\/\/gemeindebuechereikastl.de\/wp-content\/uploads\/2022\/10\/Lesercafe-768x428.jpg 768w, https:\/\/gemeindebuechereikastl.de\/wp-content\/uploads\/2022\/10\/Lesercafe-1536x856.jpg 1536w, https:\/\/gemeindebuechereikastl.de\/wp-content\/uploads\/2022\/10\/Lesercafe-2048x1141.jpg 2048w, https:\/\/gemeindebuechereikastl.de\/wp-content\/uploads\/2022\/10\/Lesercafe-750x418.jpg 750w\" sizes=\"auto, (max-width: 703px) 100vw, 703px\" \/><\/p>\n<p>Das Team bot den ganzen Nachmittag \u00fcber auch Kaffee und selbstgebackenen Kuchen an, dieses Angebot wurden von den Besuchern den ganzen Nachmittag \u00fcber rege genutz, so dass alle Kaffeepl\u00e4tze immer belegt waren.<br \/>\nZum Ende des B\u00fcchereiwochenendes\u00a0 zeigte sich das B\u00fcchereiteam erfreut, das die beiden Veranstaltungen (Lesung mit Borkner und Tag der offenen T\u00fcr) so gut angenommen wurden. Auch positiv \u00fcberrascht war das Team von dem gro\u00dfen Ansturm und das damit verbundene Interesse am Angebot und den Veranstaltungen der Gemeindeb\u00fccherei Kastl. Zugleich konnte Sie dadurch auch neue Leser in der Kastler B\u00fccherei begr\u00fc\u00dfen.<\/p>\n","protected":false},"excerpt":{"rendered":"<p>Das B\u00fcchereiwochenende in der Gemeindeb\u00fccherei war ein gro\u00dfartiger Erfolg &#8211; Zum Tag der offenen T\u00fcr mit Kasperltheater kamen sehr viele interessierte Besucher in die B\u00fccherei Bei herrlichem Herbstwetter stand die T\u00fcr der Gemeindeb\u00fccherei Kastl ganz weit offen. Drinnen ging es laut und fr\u00f6hlich zu beim Erkunden der vielen neuen B\u00fcchern und Medien nat\u00fcrlich auch als &hellip; <\/p>\n<p><a class=\"more-link btn\" href=\"https:\/\/gemeindebuechereikastl.de\/?p=3394\">Weiterlesen<\/a><\/p>\n","protected":false},"author":1,"featured_media":3396,"comment_status":"closed","ping_status":"closed","sticky":false,"template":"","format":"standard","meta":{"footnotes":""},"categories":[5],"tags":[126,85,86,88],"class_list":["post-3394","post","type-post","status-publish","format-standard","has-post-thumbnail","hentry","category-news","tag-kasperltheater","tag-neue-buecher","tag-neue-medien","tag-tag-der-offenen-tuer","item-wrap"],"_links":{"self":[{"href":"https:\/\/gemeindebuechereikastl.de\/index.php?rest_route=\/wp\/v2\/posts\/3394","targetHints":{"allow":["GET"]}}],"collection":[{"href":"https:\/\/gemeindebuechereikastl.de\/index.php?rest_route=\/wp\/v2\/posts"}],"about":[{"href":"https:\/\/gemeindebuechereikastl.de\/index.php?rest_route=\/wp\/v2\/types\/post"}],"author":[{"embeddable":true,"href":"https:\/\/gemeindebuechereikastl.de\/index.php?rest_route=\/wp\/v2\/users\/1"}],"replies":[{"embeddable":true,"href":"https:\/\/gemeindebuechereikastl.de\/index.php?rest_route=%2Fwp%2Fv2%2Fcomments&post=3394"}],"version-history":[{"count":4,"href":"https:\/\/gemeindebuechereikastl.de\/index.php?rest_route=\/wp\/v2\/posts\/3394\/revisions"}],"predecessor-version":[{"id":3405,"href":"https:\/\/gemeindebuechereikastl.de\/index.php?rest_route=\/wp\/v2\/posts\/3394\/revisions\/3405"}],"wp:featuredmedia":[{"embeddable":true,"href":"https:\/\/gemeindebuechereikastl.de\/index.php?rest_route=\/wp\/v2\/media\/3396"}],"wp:attachment":[{"href":"https:\/\/gemeindebuechereikastl.de\/index.php?rest_route=%2Fwp%2Fv2%2Fmedia&parent=3394"}],"wp:term":[{"taxonomy":"category","embeddable":true,"href":"https:\/\/gemeindebuechereikastl.de\/index.php?rest_route=%2Fwp%2Fv2%2Fcategories&post=3394"},{"taxonomy":"post_tag","embeddable":true,"href":"https:\/\/gemeindebuechereikastl.de\/index.php?rest_route=%2Fwp%2Fv2%2Ftags&post=3394"}],"curies":[{"name":"wp","href":"https:\/\/api.w.org\/{rel}","templated":true}]}}