{"id":3421,"date":"2022-10-28T15:03:21","date_gmt":"2022-10-28T15:03:21","guid":{"rendered":"https:\/\/gemeindebuechereikastl.de\/?p=3421"},"modified":"2022-10-28T15:04:22","modified_gmt":"2022-10-28T15:04:22","slug":"vorlesezeit-mit-autoren-von-kinder-und-jugendbuechern","status":"publish","type":"post","link":"https:\/\/gemeindebuechereikastl.de\/?p=3421","title":{"rendered":"Vorlesezeit mit Autoren von Kinder- und Jugendb\u00fcchern"},"content":{"rendered":"<p><img loading=\"lazy\" decoding=\"async\" class=\"wp-image-2684 alignleft\" src=\"https:\/\/gemeindebuechereikastl.de\/wp-content\/uploads\/2022\/03\/Online-Lesungen.jpg\" alt=\"\" width=\"330\" height=\"270\" srcset=\"https:\/\/gemeindebuechereikastl.de\/wp-content\/uploads\/2022\/03\/Online-Lesungen.jpg 308w, https:\/\/gemeindebuechereikastl.de\/wp-content\/uploads\/2022\/03\/Online-Lesungen-300x245.jpg 300w\" sizes=\"auto, (max-width: 330px) 100vw, 330px\" \/><\/p>\n<h2 style=\"text-align: center;\"><span style=\"color: #ff6600;\"><strong>Online-Lesungen mit Kinder- und Jugendbuchautoren<\/strong><\/span><\/h2>\n<p><strong>Zum Welttag des Buches 2020 hat die Landesfachstelle f\u00fcr B\u00fcchereien und Bildung in Zusammenarbeit mit mk-online und der Deutschen Akademie f\u00fcr Kinder- und Jugendliteratur die Reihe Vorlesezeit ins Leben gerufen.<\/strong><\/p>\n<p>Im zweiw\u00f6chigen Rhythmus lesen Autorinnen und Autoren aus Ihren Werken und geben Einblicke in Ihre literarischen Werkst\u00e4tten. Das Angebot gibt Eltern die Gelegenheit, einmal eine Viertelstunde durchzuatmen. Und Kinder bekommen so aus erster Hand lebendig Literatur vermittelt \u2013 das macht Freude aufs selber Lesen!<strong>\u00a0 \u00a0 \u00a0 \u00a0 \u00a0 \u00a0 \u00a0 \u00a0 \u00a0 \u00a0<\/strong><\/p>\n<p><strong>\u00dcber den Link\u00a0<a href=\"https:\/\/www.michaelsbund.de\/buechereien\/vorlesezeit\/\"> &#8222;VORLSESEZEIT&#8220;<\/a>\u00a0 gibt es Videos von allen stattgefundene Lesungen seit 2020 mit bekannten Autoren wie Margit Auer (Schule der magischen Tiere), Paul Maar (Sams), Susanne Kolb (Die Haferhorde) und viele andere mehr.<\/strong><\/p>\n<h3 style=\"text-align: center;\"><\/h3>\n<div class=\"embed-container\"><iframe loading=\"lazy\" title=\"Vorlesezeit: Margit Auer liest aus &quot;Die Schule der magischen Tiere&quot;\" width=\"750\" height=\"422\" src=\"https:\/\/www.youtube.com\/embed\/JWsTW3KC24E?feature=oembed\" frameborder=\"0\" allow=\"accelerometer; autoplay; clipboard-write; encrypted-media; gyroscope; picture-in-picture\" allowfullscreen><\/iframe><\/div>\n<div class=\"embed-container\"><iframe loading=\"lazy\" title=\"Vorlesezeit: Paul Maar liest aus &quot;Das Sams und der blaue Drache&quot;\" width=\"750\" height=\"422\" src=\"https:\/\/www.youtube.com\/embed\/SD3j984Uo4A?feature=oembed\" frameborder=\"0\" allow=\"accelerometer; autoplay; clipboard-write; encrypted-media; gyroscope; picture-in-picture\" allowfullscreen><\/iframe><\/div>\n<div class=\"embed-container\"><iframe loading=\"lazy\" title=\"Vorlesezeit: Suza Kolb liest aus &quot;Die Haferhorde - Mit allen Ponywassern gewaschen&quot;\" width=\"750\" height=\"422\" src=\"https:\/\/www.youtube.com\/embed\/vKWMv1EjSBk?feature=oembed\" frameborder=\"0\" allow=\"accelerometer; autoplay; clipboard-write; encrypted-media; gyroscope; picture-in-picture\" allowfullscreen><\/iframe><\/div>\n<h4 style=\"text-align: center;\"><strong>Weitere interssante Lesungen gibt es auf\u00a0\u00a0 <a href=\"https:\/\/www.michaelsbund.de\/buechereien\/vorlesezeit\/\">&#8222;VORLSESEZEIT&#8220;\u00a0 <\/a>zu endecken! Die drei Viedos sollen ein Anreiz sein um die Vorlesezeit Videos aus 2020 \/ 2021 und 2022 zu endecken! <\/strong><\/h4>\n","protected":false},"excerpt":{"rendered":"<p>Online-Lesungen mit Kinder- und Jugendbuchautoren Zum Welttag des Buches 2020 hat die Landesfachstelle f\u00fcr B\u00fcchereien und Bildung in Zusammenarbeit mit mk-online und der Deutschen Akademie f\u00fcr Kinder- und Jugendliteratur die Reihe Vorlesezeit ins Leben gerufen. Im zweiw\u00f6chigen Rhythmus lesen Autorinnen und Autoren aus Ihren Werken und geben Einblicke in Ihre literarischen Werkst\u00e4tten. Das Angebot gibt &hellip; <\/p>\n<p><a class=\"more-link btn\" href=\"https:\/\/gemeindebuechereikastl.de\/?p=3421\">Weiterlesen<\/a><\/p>\n","protected":false},"author":1,"featured_media":2684,"comment_status":"closed","ping_status":"closed","sticky":false,"template":"","format":"standard","meta":{"footnotes":""},"categories":[5],"tags":[315,190,80,173],"class_list":["post-3421","post","type-post","status-publish","format-standard","has-post-thumbnail","hentry","category-news","tag-jugendbuecher","tag-kinderbuecher","tag-vorlesen","tag-vorlesezeit","item-wrap"],"_links":{"self":[{"href":"https:\/\/gemeindebuechereikastl.de\/index.php?rest_route=\/wp\/v2\/posts\/3421","targetHints":{"allow":["GET"]}}],"collection":[{"href":"https:\/\/gemeindebuechereikastl.de\/index.php?rest_route=\/wp\/v2\/posts"}],"about":[{"href":"https:\/\/gemeindebuechereikastl.de\/index.php?rest_route=\/wp\/v2\/types\/post"}],"author":[{"embeddable":true,"href":"https:\/\/gemeindebuechereikastl.de\/index.php?rest_route=\/wp\/v2\/users\/1"}],"replies":[{"embeddable":true,"href":"https:\/\/gemeindebuechereikastl.de\/index.php?rest_route=%2Fwp%2Fv2%2Fcomments&post=3421"}],"version-history":[{"count":2,"href":"https:\/\/gemeindebuechereikastl.de\/index.php?rest_route=\/wp\/v2\/posts\/3421\/revisions"}],"predecessor-version":[{"id":3423,"href":"https:\/\/gemeindebuechereikastl.de\/index.php?rest_route=\/wp\/v2\/posts\/3421\/revisions\/3423"}],"wp:featuredmedia":[{"embeddable":true,"href":"https:\/\/gemeindebuechereikastl.de\/index.php?rest_route=\/wp\/v2\/media\/2684"}],"wp:attachment":[{"href":"https:\/\/gemeindebuechereikastl.de\/index.php?rest_route=%2Fwp%2Fv2%2Fmedia&parent=3421"}],"wp:term":[{"taxonomy":"category","embeddable":true,"href":"https:\/\/gemeindebuechereikastl.de\/index.php?rest_route=%2Fwp%2Fv2%2Fcategories&post=3421"},{"taxonomy":"post_tag","embeddable":true,"href":"https:\/\/gemeindebuechereikastl.de\/index.php?rest_route=%2Fwp%2Fv2%2Ftags&post=3421"}],"curies":[{"name":"wp","href":"https:\/\/api.w.org\/{rel}","templated":true}]}}