{"id":3433,"date":"2022-11-09T15:59:24","date_gmt":"2022-11-09T15:59:24","guid":{"rendered":"https:\/\/gemeindebuechereikastl.de\/?p=3433"},"modified":"2022-11-09T16:21:37","modified_gmt":"2022-11-09T16:21:37","slug":"buchausstellung-zum-monat-der-spiritualitaet-in-der-buecherei","status":"publish","type":"post","link":"https:\/\/gemeindebuechereikastl.de\/?p=3433","title":{"rendered":"Buchausstellung zum &#8222;Monat der Spiritualit\u00e4t&#8220; in der B\u00fccherei"},"content":{"rendered":"<h2 style=\"text-align: center;\"><span style=\"color: #ff6600;\">Quellen des Lebens &#8211; Unterwegs sein, Sinn finden, Kraft sch\u00f6pfen &#8211; B\u00fccher zu diesem Thema gibt es in einer Buchausstellung im OG der B\u00fccherei<\/span><\/h2>\n<p>Der November, ein Monat, der vielleicht eher als alle anderen einl\u00e4dt, um ein wenig innezuhalten: ein bisschen Ruhe vor dem Advent, ein Durchatmen im Herbst, Zeit f\u00fcr sich, Zeit zum Weiterdenken, Zeit f\u00fcr Gott. Das katholische Medienhaus Sankt Michaelsbund in M\u00fcnchen hat den November deshalb auch zum &#8222;Monat der Spiritualit\u00e4t&#8220; ernannt.<\/p>\n<p><img loading=\"lazy\" decoding=\"async\" class=\"wp-image-3435 aligncenter\" src=\"https:\/\/gemeindebuechereikastl.de\/wp-content\/uploads\/2022\/11\/20221109_155244-905x1206.jpg\" alt=\"\" width=\"648\" height=\"863\" srcset=\"https:\/\/gemeindebuechereikastl.de\/wp-content\/uploads\/2022\/11\/20221109_155244-905x1206.jpg 905w, https:\/\/gemeindebuechereikastl.de\/wp-content\/uploads\/2022\/11\/20221109_155244-225x300.jpg 225w, https:\/\/gemeindebuechereikastl.de\/wp-content\/uploads\/2022\/11\/20221109_155244-768x1024.jpg 768w, https:\/\/gemeindebuechereikastl.de\/wp-content\/uploads\/2022\/11\/20221109_155244-1152x1536.jpg 1152w, https:\/\/gemeindebuechereikastl.de\/wp-content\/uploads\/2022\/11\/20221109_155244-1536x2048.jpg 1536w, https:\/\/gemeindebuechereikastl.de\/wp-content\/uploads\/2022\/11\/20221109_155244-750x1000.jpg 750w, https:\/\/gemeindebuechereikastl.de\/wp-content\/uploads\/2022\/11\/20221109_155244-scaled.jpg 1920w\" sizes=\"auto, (max-width: 648px) 100vw, 648px\" \/><\/p>\n<h4>Quellen des Lebens &#8211; Unterwegs sein, Sinn finden, Kraft sch\u00f6pfen<\/h4>\n<p>Unser Leben ist nicht statisch, sondern dynamisch. Das Bild vom \u201eLebensweg\u201c bringt das gut zum Ausdruck und ist wohl uns allen vertraut und einleuchtend. Auch wenn wir uns das nicht immer bewusst machen, sind wir doch stets auf der Suche \u2013 nach einem intensiveren Leben, nach Erf\u00fcllung, Gl\u00fcck, letztlich nach dem Sinn unseres Lebens. Das Bewusstsein, in dieser Welt immerzu unterwegs zu sein auf einer Art Pilgerweg im \u00fcbertragenen Sinne, ist darum eine spirituelle Grundhaltung, die unsere Sehnsucht nach Transzendenz ernstnimmt und uns offenh\u00e4lt f\u00fcr eine Zukunft, von der wir uns mehr erwarten, als es in dieser Welt m\u00f6glich ist.<\/p>\n<h4 style=\"text-align: center;\">Weiter Infos zum Monat der Spiritualit\u00e4t finden Sie unter <a href=\"https:\/\/www.michaelsbund.de\/magazin\/monat-der-spiritualitaet\/\">Monat der Spiritualit\u00e4t | Michaelsbund<\/a><\/h4>\n","protected":false},"excerpt":{"rendered":"<p>Quellen des Lebens &#8211; Unterwegs sein, Sinn finden, Kraft sch\u00f6pfen &#8211; B\u00fccher zu diesem Thema gibt es in einer Buchausstellung im OG der B\u00fccherei Der November, ein Monat, der vielleicht eher als alle anderen einl\u00e4dt, um ein wenig innezuhalten: ein bisschen Ruhe vor dem Advent, ein Durchatmen im Herbst, Zeit f\u00fcr sich, Zeit zum Weiterdenken, &hellip; <\/p>\n<p><a class=\"more-link btn\" href=\"https:\/\/gemeindebuechereikastl.de\/?p=3433\">Weiterlesen<\/a><\/p>\n","protected":false},"author":1,"featured_media":3435,"comment_status":"closed","ping_status":"closed","sticky":false,"template":"","format":"standard","meta":{"footnotes":""},"categories":[5],"tags":[194,201],"class_list":["post-3433","post","type-post","status-publish","format-standard","has-post-thumbnail","hentry","category-news","tag-buchausstellung","tag-monat-der-spiritualitaet","item-wrap"],"_links":{"self":[{"href":"https:\/\/gemeindebuechereikastl.de\/index.php?rest_route=\/wp\/v2\/posts\/3433","targetHints":{"allow":["GET"]}}],"collection":[{"href":"https:\/\/gemeindebuechereikastl.de\/index.php?rest_route=\/wp\/v2\/posts"}],"about":[{"href":"https:\/\/gemeindebuechereikastl.de\/index.php?rest_route=\/wp\/v2\/types\/post"}],"author":[{"embeddable":true,"href":"https:\/\/gemeindebuechereikastl.de\/index.php?rest_route=\/wp\/v2\/users\/1"}],"replies":[{"embeddable":true,"href":"https:\/\/gemeindebuechereikastl.de\/index.php?rest_route=%2Fwp%2Fv2%2Fcomments&post=3433"}],"version-history":[{"count":2,"href":"https:\/\/gemeindebuechereikastl.de\/index.php?rest_route=\/wp\/v2\/posts\/3433\/revisions"}],"predecessor-version":[{"id":3440,"href":"https:\/\/gemeindebuechereikastl.de\/index.php?rest_route=\/wp\/v2\/posts\/3433\/revisions\/3440"}],"wp:featuredmedia":[{"embeddable":true,"href":"https:\/\/gemeindebuechereikastl.de\/index.php?rest_route=\/wp\/v2\/media\/3435"}],"wp:attachment":[{"href":"https:\/\/gemeindebuechereikastl.de\/index.php?rest_route=%2Fwp%2Fv2%2Fmedia&parent=3433"}],"wp:term":[{"taxonomy":"category","embeddable":true,"href":"https:\/\/gemeindebuechereikastl.de\/index.php?rest_route=%2Fwp%2Fv2%2Fcategories&post=3433"},{"taxonomy":"post_tag","embeddable":true,"href":"https:\/\/gemeindebuechereikastl.de\/index.php?rest_route=%2Fwp%2Fv2%2Ftags&post=3433"}],"curies":[{"name":"wp","href":"https:\/\/api.w.org\/{rel}","templated":true}]}}