{"id":3444,"date":"2022-11-20T14:43:34","date_gmt":"2022-11-20T14:43:34","guid":{"rendered":"https:\/\/gemeindebuechereikastl.de\/?p=3444"},"modified":"2022-11-21T14:03:08","modified_gmt":"2022-11-21T14:03:08","slug":"deutschlands-groesstes-vorlesefest-auch-in-der-gemeindebuecherei-kastl","status":"publish","type":"post","link":"https:\/\/gemeindebuechereikastl.de\/?p=3444","title":{"rendered":"Bundesweiter Vorlesetag auch in der Gemeindeb\u00fccherei Kastl mit Pfarrer Arweck"},"content":{"rendered":"<h2 style=\"text-align: center;\"><span style=\"color: #ff6600;\">Bundesweiter Vorlesetag: Fast 790.000 Teilnehmende setzen gemeinsames Zeichen f\u00fcr das Vorlesen &#8211; Auch die Gemeindeb\u00fccherei Kastl mit Pfarrer Arweck<\/span><\/h2>\n<p>Lesen befl\u00fcgelt unsere Fantasie und entf\u00fchrt uns in eine andere Welt. Deshalb ist es wichtig, Kinder fr\u00fchzeitig f\u00fcr das Lesen zu begeistern, zum Beispiel indem man ihnen etwas vorliest. Im Rahmen des bundesweiten Vorlesetages, beteiligte sich das B\u00fcchereiteam mit Pfarrer Johannes Arweck als Lese Pate mit einem Vorlesenachmittag.<\/p>\n<p><img loading=\"lazy\" decoding=\"async\" class=\"aligncenter wp-image-3455 size-large\" src=\"https:\/\/gemeindebuechereikastl.de\/wp-content\/uploads\/2022\/11\/Vorlestag-1603x1202.jpg\" alt=\"\" width=\"750\" height=\"562\" srcset=\"https:\/\/gemeindebuechereikastl.de\/wp-content\/uploads\/2022\/11\/Vorlestag-1603x1202.jpg 1603w, https:\/\/gemeindebuechereikastl.de\/wp-content\/uploads\/2022\/11\/Vorlestag-300x225.jpg 300w, https:\/\/gemeindebuechereikastl.de\/wp-content\/uploads\/2022\/11\/Vorlestag-768x576.jpg 768w, https:\/\/gemeindebuechereikastl.de\/wp-content\/uploads\/2022\/11\/Vorlestag-1536x1152.jpg 1536w, https:\/\/gemeindebuechereikastl.de\/wp-content\/uploads\/2022\/11\/Vorlestag-2048x1536.jpg 2048w, https:\/\/gemeindebuechereikastl.de\/wp-content\/uploads\/2022\/11\/Vorlestag-750x563.jpg 750w\" sizes=\"auto, (max-width: 750px) 100vw, 750px\" \/><\/p>\n<p>Zu diesen Nachmittag hatte sich die Kinder in den R\u00e4umen der Gemeindeb\u00fccherei Kastl eingefunden, um Pfarrer Johannes Arweck zuzuh\u00f6ren. Er hatte f\u00fcr die Kinder das Buch von Mary Pope Osborne \u201eIm Bann des Eiszauberers\u201c aus der Seire \u201eDas magische Baumhaus\u201c ausgesucht und las die Geschichte vor.\u00a0 Die beliebte Kinderbuch-Reihe von Bestsellerautorin Mary Pope Osborne! Die Geschwister Anne und Philipp reisen mit dem magischen Baumhaus durch die Zeit. Sie erleben spannende Abenteuer, entdecken ferne L\u00e4nder und lernen viele ber\u00fchmte Pers\u00f6nlichkeiten kennen.<img loading=\"lazy\" decoding=\"async\" class=\"wp-image-3456 size-full alignleft\" src=\"https:\/\/gemeindebuechereikastl.de\/wp-content\/uploads\/2022\/11\/Eiszauberer.jpg\" alt=\"\" width=\"325\" height=\"500\" srcset=\"https:\/\/gemeindebuechereikastl.de\/wp-content\/uploads\/2022\/11\/Eiszauberer.jpg 325w, https:\/\/gemeindebuechereikastl.de\/wp-content\/uploads\/2022\/11\/Eiszauberer-195x300.jpg 195w\" sizes=\"auto, (max-width: 325px) 100vw, 325px\" \/><\/p>\n<p>Eines sonnigen Tages taucht ein geheimnisvolles Baumhaus im Wald von Pepper Hill in Pennsylvania auf. Die Geschwister Anne und Philipp finden schnell heraus, dass in diesem Baumhaus Zauberkr\u00e4fte schlummern, denn sie k\u00f6nnen damit nicht nur zu allen Orten der Welt reisen, sondern auch kreuz und quer durch die Zeit.<\/p>\n<p>Das Baumhaus geh\u00f6rt der Zauberin Morgan. Sie war Bibliothekarin am Hofe von Camelot, im sagenhaften K\u00f6nigreich des ber\u00fchmten K\u00f6nigs Artus. In Morgans Auftrag bestehen Anne und Philipp viele aufregende Abenteuer. Sp\u00e4ter dann schickt sie der m\u00e4chtige Zauberer Merlin mit dem Baumhaus auf neue Reisen.<\/p>\n<p>In der Geschichte \u201e<strong>Im Bann des Eiszauberers<\/strong>\u201c umweht Anne und Philipp Eisige K\u00e4lte, als das magische Baumhaus landet. Sie sind in das finstere Land des Ewigen Schnees gereist, dorthin, wo der b\u00f6se Eiszauberer lebt. Er h\u00e4lt Merlin und Morgan gefangen \u2013 und nur, wenn Anne und Philipp seine schwere Aufgabe erf\u00fcllen, k\u00f6nnen sie ihre Freunde befreien.<\/p>\n<p>Den Schluss, ob Anne und Philipp ihre Freunde Merlin und Morgan befreien k\u00f6nnen lies Pfarrer Arweck offen. Er verwies darauf, dass das Buch in der B\u00fccherei zum Entleihen gibt und es noch viele weiter Abenteuer in den diversen B\u00fcchern der Autorin Mary Pope Osborne in der B\u00fccherei zu entdecken gibt.<\/p>\n<p style=\"text-align: center;\">&#8212;&#8212;&#8212;&#8212;&#8212;&#8212;&#8212;&#8212;&#8212;&#8212;&#8212;&#8212;&#8212;&#8212;&#8212;&#8212;&#8212;&#8212;&#8212;&#8212;&#8212;&#8212;&#8212;&#8212;&#8212;&#8211;<br \/>\n<a href=\"https:\/\/gemeindebuechereikastl.de\/wp-content\/uploads\/2022\/11\/Vorlesenachmittage-2022-23.pdf\"><img loading=\"lazy\" decoding=\"async\" class=\"wp-image-3453 alignleft\" src=\"https:\/\/gemeindebuechereikastl.de\/wp-content\/uploads\/2022\/11\/vorlesen-300x266.jpg\" alt=\"\" width=\"187\" height=\"165\" srcset=\"https:\/\/gemeindebuechereikastl.de\/wp-content\/uploads\/2022\/11\/vorlesen-300x266.jpg 300w, https:\/\/gemeindebuechereikastl.de\/wp-content\/uploads\/2022\/11\/vorlesen-768x682.jpg 768w, https:\/\/gemeindebuechereikastl.de\/wp-content\/uploads\/2022\/11\/vorlesen-750x666.jpg 750w, https:\/\/gemeindebuechereikastl.de\/wp-content\/uploads\/2022\/11\/vorlesen.jpg 1338w\" sizes=\"auto, (max-width: 187px) 100vw, 187px\" \/><\/a><br \/>\n<a href=\"https:\/\/gemeindebuechereikastl.de\/wp-content\/uploads\/2022\/11\/Vorlesenachmittage-2022-23.pdf\"><strong>Der n\u00e4chste Vorlesenachmittag findet am Freitag, 16. Dezember um 14.30 Uhr in der Gemeindeb\u00fccherei <\/strong><\/a><a href=\"https:\/\/gemeindebuechereikastl.de\/wp-content\/uploads\/2022\/11\/Vorlesenachmittage-2022-23.pdf\"><strong>statt, wo es das Buch \u201ePetterson kriegt Weihnachtsbesuch\u201c zu h\u00f6ren und zu erleben gibt.<\/strong><\/a><\/p>\n<h3 style=\"text-align: center;\"><a href=\"https:\/\/gemeindebuechereikastl.de\/wp-content\/uploads\/2022\/11\/Vorlesenachmittage-2022-23.pdf\">Alle weiteren Termine und Infos \u00fcber die Vorlesenachmittage 2022 \/23<\/a><\/h3>\n","protected":false},"excerpt":{"rendered":"<p>Bundesweiter Vorlesetag: Fast 790.000 Teilnehmende setzen gemeinsames Zeichen f\u00fcr das Vorlesen &#8211; Auch die Gemeindeb\u00fccherei Kastl mit Pfarrer Arweck Lesen befl\u00fcgelt unsere Fantasie und entf\u00fchrt uns in eine andere Welt. Deshalb ist es wichtig, Kinder fr\u00fchzeitig f\u00fcr das Lesen zu begeistern, zum Beispiel indem man ihnen etwas vorliest. Im Rahmen des bundesweiten Vorlesetages, beteiligte sich &hellip; <\/p>\n<p><a class=\"more-link btn\" href=\"https:\/\/gemeindebuechereikastl.de\/?p=3444\">Weiterlesen<\/a><\/p>\n","protected":false},"author":1,"featured_media":3455,"comment_status":"closed","ping_status":"closed","sticky":false,"template":"","format":"standard","meta":{"footnotes":""},"categories":[5],"tags":[92,407,330,132,406],"class_list":["post-3444","post","type-post","status-publish","format-standard","has-post-thumbnail","hentry","category-news","tag-fantasy","tag-magische-baumhaus","tag-pfarrer","tag-vorlesenachmitag","tag-vorlesetag","item-wrap"],"_links":{"self":[{"href":"https:\/\/gemeindebuechereikastl.de\/index.php?rest_route=\/wp\/v2\/posts\/3444","targetHints":{"allow":["GET"]}}],"collection":[{"href":"https:\/\/gemeindebuechereikastl.de\/index.php?rest_route=\/wp\/v2\/posts"}],"about":[{"href":"https:\/\/gemeindebuechereikastl.de\/index.php?rest_route=\/wp\/v2\/types\/post"}],"author":[{"embeddable":true,"href":"https:\/\/gemeindebuechereikastl.de\/index.php?rest_route=\/wp\/v2\/users\/1"}],"replies":[{"embeddable":true,"href":"https:\/\/gemeindebuechereikastl.de\/index.php?rest_route=%2Fwp%2Fv2%2Fcomments&post=3444"}],"version-history":[{"count":11,"href":"https:\/\/gemeindebuechereikastl.de\/index.php?rest_route=\/wp\/v2\/posts\/3444\/revisions"}],"predecessor-version":[{"id":3448,"href":"https:\/\/gemeindebuechereikastl.de\/index.php?rest_route=\/wp\/v2\/posts\/3444\/revisions\/3448"}],"wp:featuredmedia":[{"embeddable":true,"href":"https:\/\/gemeindebuechereikastl.de\/index.php?rest_route=\/wp\/v2\/media\/3455"}],"wp:attachment":[{"href":"https:\/\/gemeindebuechereikastl.de\/index.php?rest_route=%2Fwp%2Fv2%2Fmedia&parent=3444"}],"wp:term":[{"taxonomy":"category","embeddable":true,"href":"https:\/\/gemeindebuechereikastl.de\/index.php?rest_route=%2Fwp%2Fv2%2Fcategories&post=3444"},{"taxonomy":"post_tag","embeddable":true,"href":"https:\/\/gemeindebuechereikastl.de\/index.php?rest_route=%2Fwp%2Fv2%2Ftags&post=3444"}],"curies":[{"name":"wp","href":"https:\/\/api.w.org\/{rel}","templated":true}]}}