{"id":345,"date":"2018-02-15T16:48:33","date_gmt":"2018-02-15T16:48:33","guid":{"rendered":"http:\/\/gemeindebuechereikastl.de\/?p=345"},"modified":"2018-02-16T13:29:31","modified_gmt":"2018-02-16T13:29:31","slug":"witze-olympiade-2","status":"publish","type":"post","link":"https:\/\/gemeindebuechereikastl.de\/?p=345","title":{"rendered":"Medaillen bei der Witze Olympiade"},"content":{"rendered":"<h2><span style=\"color: #ffcc00;\">Freitag, 9. Februar ~ Medaillen bei der Witze Olympiade in der B\u00fccherei f\u00fcr besten Witze Erz\u00e4hler<\/span><\/h2>\n<p><img loading=\"lazy\" decoding=\"async\" class=\" wp-image-346 alignleft\" src=\"https:\/\/gemeindebuechereikastl.de\/wp-content\/uploads\/2018\/02\/Witze-Olympiade-3.jpg\" alt=\"\" width=\"538\" height=\"403\" srcset=\"https:\/\/gemeindebuechereikastl.de\/wp-content\/uploads\/2018\/02\/Witze-Olympiade-3.jpg 3264w, https:\/\/gemeindebuechereikastl.de\/wp-content\/uploads\/2018\/02\/Witze-Olympiade-3-300x225.jpg 300w, https:\/\/gemeindebuechereikastl.de\/wp-content\/uploads\/2018\/02\/Witze-Olympiade-3-768x576.jpg 768w, https:\/\/gemeindebuechereikastl.de\/wp-content\/uploads\/2018\/02\/Witze-Olympiade-3-1024x768.jpg 1024w\" sizes=\"auto, (max-width: 538px) 100vw, 538px\" \/>Nicht nur in Pyeongchang bei den Olympischen Winterspielen in S\u00fcd-Korea auch in der Kastler Gemeindeb\u00fccherei gab es einen Startschuss zur Olympiade: Viele Kinder trafen sich um im Wettkampf um den besten Witz zu bestehen. Die Spanne war sehr gro\u00df vom j\u00fcngsten Teilnehmer mit vier Jahren bis zum Viertkl\u00e4ssler. Einige waren sehr gut vorbereitet wie zum Beispiel ein Geschwisterpaar, das drei Sketche einge\u00fcbt hat. Diese M\u00fchen wurden von der Jury mit dem dritten Platz und der Bronzemedaille belohnt. Der zweite Platz ging an einen ebenso aufwendigen Witz mit Zeichensprache und Handgesten. Die Goldmedaille ging an einen Zehnj\u00e4hrigen, der in allen drei Runden gut und auswendig erz\u00e4hlt hat. Die kurzen Scherzfragen hatten es dagegen sehr schwer. Sie brachten nur kurze Lacher und keinen anhaltenden Applaus. Die Kunst in das Bild des Witzes einzuf\u00fchren wurde von der Jury hoch bewertet und auch vom kritischen Publikum wertgesch\u00e4tzt. Alle Teilnehmer haben die drei Runden sehr gut bestanden, es gab viel Beifall und einiges zu Lachen. Auflockernde Spiele zwischen den Runden brachten ebenfalls viel Spa\u00df f\u00fcr alle Besucher der Gemeindeb\u00fccherei. Neben den Medaillen gab es weitere Preise f\u00fcr Helfer und j\u00fcngste Teilnehmer, die besonderen Mut bewiesen hatten.<\/p>\n<h2><span style=\"font-family: Calibri;\"><a href=\"https:\/\/gemeindebuechereikastl.de\/?page_id=352\" target=\"_blank\" rel=\"noopener\">Weitere Bilder\u00a0von\u00a0der\u00a0Witze-Olympiade<\/a><\/span><\/h2>\n<p>F\u00fcr den n\u00e4chsten Lesenachmittag am Freitag, 16. M\u00e4rz sind j\u00fcngere Kinder von vier bis sieben Jahren eingeladen mit B\u00fcchereimitarbeiterin Birgit Forster, Tiere aus dem Winterschlaf zu wecken und dazu eine Geschichte zu erz\u00e4hlen.<\/p>\n","protected":false},"excerpt":{"rendered":"<p>Freitag, 9. Februar ~ Medaillen bei der Witze Olympiade in der B\u00fccherei f\u00fcr besten Witze Erz\u00e4hler Nicht nur in Pyeongchang bei den Olympischen Winterspielen in S\u00fcd-Korea auch in der Kastler Gemeindeb\u00fccherei gab es einen Startschuss zur Olympiade: Viele Kinder trafen sich um im Wettkampf um den besten Witz zu bestehen. Die Spanne war sehr gro\u00df &hellip; <\/p>\n<p><a class=\"more-link btn\" href=\"https:\/\/gemeindebuechereikastl.de\/?p=345\">Weiterlesen<\/a><\/p>\n","protected":false},"author":1,"featured_media":0,"comment_status":"closed","ping_status":"closed","sticky":false,"template":"","format":"standard","meta":{"footnotes":""},"categories":[5],"tags":[14,13],"class_list":["post-345","post","type-post","status-publish","format-standard","hentry","category-news","tag-olympiade","tag-witze","item-wrap"],"_links":{"self":[{"href":"https:\/\/gemeindebuechereikastl.de\/index.php?rest_route=\/wp\/v2\/posts\/345","targetHints":{"allow":["GET"]}}],"collection":[{"href":"https:\/\/gemeindebuechereikastl.de\/index.php?rest_route=\/wp\/v2\/posts"}],"about":[{"href":"https:\/\/gemeindebuechereikastl.de\/index.php?rest_route=\/wp\/v2\/types\/post"}],"author":[{"embeddable":true,"href":"https:\/\/gemeindebuechereikastl.de\/index.php?rest_route=\/wp\/v2\/users\/1"}],"replies":[{"embeddable":true,"href":"https:\/\/gemeindebuechereikastl.de\/index.php?rest_route=%2Fwp%2Fv2%2Fcomments&post=345"}],"version-history":[{"count":7,"href":"https:\/\/gemeindebuechereikastl.de\/index.php?rest_route=\/wp\/v2\/posts\/345\/revisions"}],"predecessor-version":[{"id":382,"href":"https:\/\/gemeindebuechereikastl.de\/index.php?rest_route=\/wp\/v2\/posts\/345\/revisions\/382"}],"wp:attachment":[{"href":"https:\/\/gemeindebuechereikastl.de\/index.php?rest_route=%2Fwp%2Fv2%2Fmedia&parent=345"}],"wp:term":[{"taxonomy":"category","embeddable":true,"href":"https:\/\/gemeindebuechereikastl.de\/index.php?rest_route=%2Fwp%2Fv2%2Fcategories&post=345"},{"taxonomy":"post_tag","embeddable":true,"href":"https:\/\/gemeindebuechereikastl.de\/index.php?rest_route=%2Fwp%2Fv2%2Ftags&post=345"}],"curies":[{"name":"wp","href":"https:\/\/api.w.org\/{rel}","templated":true}]}}