{"id":3463,"date":"2022-11-25T12:31:42","date_gmt":"2022-11-25T12:31:42","guid":{"rendered":"https:\/\/gemeindebuechereikastl.de\/?p=3463"},"modified":"2022-11-25T12:58:18","modified_gmt":"2022-11-25T12:58:18","slug":"black-friday-auch-in-der-gemeindebuecheri-kastl","status":"publish","type":"post","link":"https:\/\/gemeindebuechereikastl.de\/?p=3463","title":{"rendered":"BLACK FRIDAY auch in der Gemeindeb\u00fccherei Kastl"},"content":{"rendered":"<h2 style=\"text-align: center;\"><span style=\"color: #000000;\"><strong>BLACK FRIDAY &#8211; K\u00f6nnen auch wir auch in unserer Gemeindeb\u00fccherei<\/strong><\/span><\/h2>\n<p><img loading=\"lazy\" decoding=\"async\" class=\"aligncenter wp-image-3464 \" src=\"https:\/\/gemeindebuechereikastl.de\/wp-content\/uploads\/2022\/11\/Blck-Friday.jpg\" alt=\"\" width=\"698\" height=\"393\" srcset=\"https:\/\/gemeindebuechereikastl.de\/wp-content\/uploads\/2022\/11\/Blck-Friday.jpg 1280w, https:\/\/gemeindebuechereikastl.de\/wp-content\/uploads\/2022\/11\/Blck-Friday-300x169.jpg 300w, https:\/\/gemeindebuechereikastl.de\/wp-content\/uploads\/2022\/11\/Blck-Friday-768x432.jpg 768w, https:\/\/gemeindebuechereikastl.de\/wp-content\/uploads\/2022\/11\/Blck-Friday-750x422.jpg 750w\" sizes=\"auto, (max-width: 698px) 100vw, 698px\" \/><\/p>\n<p style=\"text-align: center;\">Neben den 25.000 eMedien auf Leo Nord halten wir auch noch fast 10.000 B\u00fccher und Nichtbuchmedien in unseren R\u00e4umen f\u00fcr Sie bereit. Kommen sie einfach mal zu unSeren \u00d6ffnungszeiten vorbei oder informieren sie sich vorab auf <strong><a href=\"https:\/\/leo-nord.onleihe.de\/\">LEO &#8211; NORD<\/a> <\/strong>\u00fcber unsere eMedien (e-Book, e-Audio, ePaper und e-Magazine) oder \u00fcber unseren Bestand in der Kastler B\u00fccherei in unserem <a href=\"https:\/\/iopac.gemeindebuechereikastl.de\/iopac\/\"><strong>ONLINE-KATALOG<\/strong><\/a><\/p>\n","protected":false},"excerpt":{"rendered":"<p>BLACK FRIDAY &#8211; K\u00f6nnen auch wir auch in unserer Gemeindeb\u00fccherei Neben den 25.000 eMedien auf Leo Nord halten wir auch noch fast 10.000 B\u00fccher und Nichtbuchmedien in unseren R\u00e4umen f\u00fcr Sie bereit. Kommen sie einfach mal zu unSeren \u00d6ffnungszeiten vorbei oder informieren sie sich vorab auf LEO &#8211; NORD \u00fcber unsere eMedien (e-Book, e-Audio, ePaper &hellip; <\/p>\n<p><a class=\"more-link btn\" href=\"https:\/\/gemeindebuechereikastl.de\/?p=3463\">Weiterlesen<\/a><\/p>\n","protected":false},"author":1,"featured_media":3464,"comment_status":"closed","ping_status":"closed","sticky":false,"template":"","format":"standard","meta":{"footnotes":""},"categories":[5],"tags":[408,409,145],"class_list":["post-3463","post","type-post","status-publish","format-standard","has-post-thumbnail","hentry","category-news","tag-black-friday","tag-e-books","tag-emedien","item-wrap"],"_links":{"self":[{"href":"https:\/\/gemeindebuechereikastl.de\/index.php?rest_route=\/wp\/v2\/posts\/3463","targetHints":{"allow":["GET"]}}],"collection":[{"href":"https:\/\/gemeindebuechereikastl.de\/index.php?rest_route=\/wp\/v2\/posts"}],"about":[{"href":"https:\/\/gemeindebuechereikastl.de\/index.php?rest_route=\/wp\/v2\/types\/post"}],"author":[{"embeddable":true,"href":"https:\/\/gemeindebuechereikastl.de\/index.php?rest_route=\/wp\/v2\/users\/1"}],"replies":[{"embeddable":true,"href":"https:\/\/gemeindebuechereikastl.de\/index.php?rest_route=%2Fwp%2Fv2%2Fcomments&post=3463"}],"version-history":[{"count":6,"href":"https:\/\/gemeindebuechereikastl.de\/index.php?rest_route=\/wp\/v2\/posts\/3463\/revisions"}],"predecessor-version":[{"id":3471,"href":"https:\/\/gemeindebuechereikastl.de\/index.php?rest_route=\/wp\/v2\/posts\/3463\/revisions\/3471"}],"wp:featuredmedia":[{"embeddable":true,"href":"https:\/\/gemeindebuechereikastl.de\/index.php?rest_route=\/wp\/v2\/media\/3464"}],"wp:attachment":[{"href":"https:\/\/gemeindebuechereikastl.de\/index.php?rest_route=%2Fwp%2Fv2%2Fmedia&parent=3463"}],"wp:term":[{"taxonomy":"category","embeddable":true,"href":"https:\/\/gemeindebuechereikastl.de\/index.php?rest_route=%2Fwp%2Fv2%2Fcategories&post=3463"},{"taxonomy":"post_tag","embeddable":true,"href":"https:\/\/gemeindebuechereikastl.de\/index.php?rest_route=%2Fwp%2Fv2%2Ftags&post=3463"}],"curies":[{"name":"wp","href":"https:\/\/api.w.org\/{rel}","templated":true}]}}