{"id":3506,"date":"2022-12-02T10:34:38","date_gmt":"2022-12-02T10:34:38","guid":{"rendered":"https:\/\/gemeindebuechereikastl.de\/?p=3506"},"modified":"2022-12-03T12:49:29","modified_gmt":"2022-12-03T12:49:29","slug":"weihnachts-buch-ausstellungen-fuer-kinder-und-erwachsene-viele-schoene-lustige-nachdenkliche-und-interessante-weihnachtsbuecher","status":"publish","type":"post","link":"https:\/\/gemeindebuechereikastl.de\/?p=3506","title":{"rendered":"Weihnachts\u2013Buch\u2013Ausstellungen f\u00fcr Kinder und Erwachsene, viele sch\u00f6ne, lustige, nachdenkliche und interessante Weihnachtsb\u00fccher"},"content":{"rendered":"<h2 style=\"text-align: center;\"><span style=\"color: #ff6600;\"><strong><img loading=\"lazy\" decoding=\"async\" class=\"alignleft wp-image-3484 \" src=\"https:\/\/gemeindebuechereikastl.de\/wp-content\/uploads\/2022\/12\/Weihnachtsausstellung-Kinder-795x1206.jpg\" alt=\"\" width=\"436\" height=\"661\" srcset=\"https:\/\/gemeindebuechereikastl.de\/wp-content\/uploads\/2022\/12\/Weihnachtsausstellung-Kinder-795x1206.jpg 795w, https:\/\/gemeindebuechereikastl.de\/wp-content\/uploads\/2022\/12\/Weihnachtsausstellung-Kinder-198x300.jpg 198w, https:\/\/gemeindebuechereikastl.de\/wp-content\/uploads\/2022\/12\/Weihnachtsausstellung-Kinder-768x1165.jpg 768w, https:\/\/gemeindebuechereikastl.de\/wp-content\/uploads\/2022\/12\/Weihnachtsausstellung-Kinder-1013x1536.jpg 1013w, https:\/\/gemeindebuechereikastl.de\/wp-content\/uploads\/2022\/12\/Weihnachtsausstellung-Kinder-1350x2048.jpg 1350w, https:\/\/gemeindebuechereikastl.de\/wp-content\/uploads\/2022\/12\/Weihnachtsausstellung-Kinder-750x1138.jpg 750w, https:\/\/gemeindebuechereikastl.de\/wp-content\/uploads\/2022\/12\/Weihnachtsausstellung-Kinder-scaled.jpg 1688w\" sizes=\"auto, (max-width: 436px) 100vw, 436px\" \/>Gro\u00dfe Auswahl an B\u00fcchern in unseren beiden Weihnachts \u2013 Buch \u2013 Ausstellungen. Viele sch\u00f6ne, <\/strong><\/span><span style=\"color: #ff6600;\"><strong>lustige, nachdenkliche und interessante Weihnachtsb\u00fccher warten entdeckt und mitgenommen zu werden<\/strong><\/span><\/h2>\n<p>Auf den ersten Blick erscheint es nicht unbedingt originell, was sich das Team der Gemeindeb\u00fccherei Kastl f\u00fcr ihren Thementisch im Dezember ausgedacht hat: Weihnachten, das Fest der Liebe! Umso erstaunlicher ist die Vielfalt, die den Lesern unter diesem Motto geboten wird.<\/p>\n<p>Wenn die Tage immer k\u00fcrzer werden und der Winter schlie\u00dflich an die T\u00fcr klopft, ist sie sofort da: die Vorfreude auf Weihnachten. Schon basteln alle eifrig und suchen nach Geschenken. Zur richtigen <img loading=\"lazy\" decoding=\"async\" class=\"wp-image-3485 alignright\" src=\"https:\/\/gemeindebuechereikastl.de\/wp-content\/uploads\/2022\/12\/Weihnachtsausstellung-Erwachsene-839x1206.jpg\" alt=\"\" width=\"429\" height=\"616\" srcset=\"https:\/\/gemeindebuechereikastl.de\/wp-content\/uploads\/2022\/12\/Weihnachtsausstellung-Erwachsene-839x1206.jpg 839w, https:\/\/gemeindebuechereikastl.de\/wp-content\/uploads\/2022\/12\/Weihnachtsausstellung-Erwachsene-209x300.jpg 209w, https:\/\/gemeindebuechereikastl.de\/wp-content\/uploads\/2022\/12\/Weihnachtsausstellung-Erwachsene-768x1104.jpg 768w, https:\/\/gemeindebuechereikastl.de\/wp-content\/uploads\/2022\/12\/Weihnachtsausstellung-Erwachsene-1069x1536.jpg 1069w, https:\/\/gemeindebuechereikastl.de\/wp-content\/uploads\/2022\/12\/Weihnachtsausstellung-Erwachsene-1425x2048.jpg 1425w, https:\/\/gemeindebuechereikastl.de\/wp-content\/uploads\/2022\/12\/Weihnachtsausstellung-Erwachsene-750x1078.jpg 750w, https:\/\/gemeindebuechereikastl.de\/wp-content\/uploads\/2022\/12\/Weihnachtsausstellung-Erwachsene-scaled.jpg 1781w\" sizes=\"auto, (max-width: 429px) 100vw, 429px\" \/><\/p>\n<p>Einstimmung auf den Advent haben wir unsern Bestand durchforstet und f\u00fcr jedes Alter die sch\u00f6nsten Weihnachtsb\u00fccher zusammengetragen. F\u00fcr die Kinder gibt es im Erdgeschoss die gro\u00dfe Pallete an Weihnachtsb\u00fcchern zu sehen und zum Ausleihen.<\/p>\n<p>Da liegen stimmungsvolle Romane bereit, um an langen Winterabenden das Herz zu erw\u00e4rmen. Hinzu kommen Sachb\u00fccher, die dem unersch\u00f6pflichen Thema aus den verschiedensten Blickwinkeln auf den Grund gehen. Und auch die die Einsamkeit ist nicht vergessen, setzt doch gerade zur Weihnachtszeit<strong> das<\/strong> Alleinsein manchen besonders heftig zu.<\/p>\n<p>Unsere Buchempfehlungen wollen Sie dabei intensiv begleiten: mit besinnlicher, die Weihnachtsbotschaft \u00fcberbringender Lekt\u00fcre zur Advents- und Weihnachtszeit, mit kreativen Gestaltungsvorschl\u00e4gen f\u00fcr ein festliches Zuhause.<img loading=\"lazy\" decoding=\"async\" class=\"wp-image-3507 alignleft\" src=\"https:\/\/gemeindebuechereikastl.de\/wp-content\/uploads\/2022\/12\/Advent-300x248.png\" alt=\"\" width=\"221\" height=\"183\" srcset=\"https:\/\/gemeindebuechereikastl.de\/wp-content\/uploads\/2022\/12\/Advent-300x248.png 300w, https:\/\/gemeindebuechereikastl.de\/wp-content\/uploads\/2022\/12\/Advent-768x636.png 768w, https:\/\/gemeindebuechereikastl.de\/wp-content\/uploads\/2022\/12\/Advent-750x621.png 750w, https:\/\/gemeindebuechereikastl.de\/wp-content\/uploads\/2022\/12\/Advent.png 1280w\" sizes=\"auto, (max-width: 221px) 100vw, 221px\" \/><\/p>\n<p>&nbsp;<\/p>\n<h4 style=\"text-align: center;\"><strong>Weiteren interessanten Lesestoff zu \u201eAdvent\u201c und \u201eWeihnachten\u201c findet man auch noch in unserem <a href=\"https:\/\/iopac.gemeindebuechereikastl.de\/iopac\/\">ONLINE-KATALOG<\/a>\u00a0 oder bei einem Besuch in der B\u00fccherei.<\/strong><strong><br \/>\n<\/strong><\/h4>\n<p>&nbsp;<\/p>\n","protected":false},"excerpt":{"rendered":"<p>Gro\u00dfe Auswahl an B\u00fcchern in unseren beiden Weihnachts \u2013 Buch \u2013 Ausstellungen. Viele sch\u00f6ne, lustige, nachdenkliche und interessante Weihnachtsb\u00fccher warten entdeckt und mitgenommen zu werden Auf den ersten Blick erscheint es nicht unbedingt originell, was sich das Team der Gemeindeb\u00fccherei Kastl f\u00fcr ihren Thementisch im Dezember ausgedacht hat: Weihnachten, das Fest der Liebe! Umso erstaunlicher &hellip; <\/p>\n<p><a class=\"more-link btn\" href=\"https:\/\/gemeindebuechereikastl.de\/?p=3506\">Weiterlesen<\/a><\/p>\n","protected":false},"author":1,"featured_media":3485,"comment_status":"closed","ping_status":"closed","sticky":false,"template":"","format":"standard","meta":{"footnotes":""},"categories":[5],"tags":[286,194,410,411],"class_list":["post-3506","post","type-post","status-publish","format-standard","has-post-thumbnail","hentry","category-news","tag-advent","tag-buchausstellung","tag-weihanchten","tag-weihnachtsbuecher","item-wrap"],"_links":{"self":[{"href":"https:\/\/gemeindebuechereikastl.de\/index.php?rest_route=\/wp\/v2\/posts\/3506","targetHints":{"allow":["GET"]}}],"collection":[{"href":"https:\/\/gemeindebuechereikastl.de\/index.php?rest_route=\/wp\/v2\/posts"}],"about":[{"href":"https:\/\/gemeindebuechereikastl.de\/index.php?rest_route=\/wp\/v2\/types\/post"}],"author":[{"embeddable":true,"href":"https:\/\/gemeindebuechereikastl.de\/index.php?rest_route=\/wp\/v2\/users\/1"}],"replies":[{"embeddable":true,"href":"https:\/\/gemeindebuechereikastl.de\/index.php?rest_route=%2Fwp%2Fv2%2Fcomments&post=3506"}],"version-history":[{"count":13,"href":"https:\/\/gemeindebuechereikastl.de\/index.php?rest_route=\/wp\/v2\/posts\/3506\/revisions"}],"predecessor-version":[{"id":3527,"href":"https:\/\/gemeindebuechereikastl.de\/index.php?rest_route=\/wp\/v2\/posts\/3506\/revisions\/3527"}],"wp:featuredmedia":[{"embeddable":true,"href":"https:\/\/gemeindebuechereikastl.de\/index.php?rest_route=\/wp\/v2\/media\/3485"}],"wp:attachment":[{"href":"https:\/\/gemeindebuechereikastl.de\/index.php?rest_route=%2Fwp%2Fv2%2Fmedia&parent=3506"}],"wp:term":[{"taxonomy":"category","embeddable":true,"href":"https:\/\/gemeindebuechereikastl.de\/index.php?rest_route=%2Fwp%2Fv2%2Fcategories&post=3506"},{"taxonomy":"post_tag","embeddable":true,"href":"https:\/\/gemeindebuechereikastl.de\/index.php?rest_route=%2Fwp%2Fv2%2Ftags&post=3506"}],"curies":[{"name":"wp","href":"https:\/\/api.w.org\/{rel}","templated":true}]}}