{"id":3521,"date":"2022-12-03T10:06:03","date_gmt":"2022-12-03T10:06:03","guid":{"rendered":"https:\/\/gemeindebuechereikastl.de\/?p=3521"},"modified":"2022-12-03T10:11:28","modified_gmt":"2022-12-03T10:11:28","slug":"romantische-winterzeit-mit-den-e-books","status":"publish","type":"post","link":"https:\/\/gemeindebuechereikastl.de\/?p=3521","title":{"rendered":"Romantische Winterzeit mit unseren E-Books"},"content":{"rendered":"<h2 style=\"text-align: center;\"><span style=\"color: #ff6600;\"><strong>Unter <a style=\"color: #ff6600;\" href=\"https:\/\/leo-nord.onleihe.de\/\"><em>\u00a0www.leo-nord.de<\/em><\/a>\u00a0 findet Ihr viele Romantische B\u00fccher zur Winterzeit <\/strong><\/span><\/h2>\n<p style=\"text-align: center;\"><a href=\"https:\/\/leo-nord.onleihe.de\/\"><img loading=\"lazy\" decoding=\"async\" class=\"aligncenter wp-image-3522 size-full\" src=\"https:\/\/gemeindebuechereikastl.de\/wp-content\/uploads\/2022\/12\/romantische-winerzeit.jpg\" alt=\"\" width=\"1280\" height=\"720\" srcset=\"https:\/\/gemeindebuechereikastl.de\/wp-content\/uploads\/2022\/12\/romantische-winerzeit.jpg 1280w, https:\/\/gemeindebuechereikastl.de\/wp-content\/uploads\/2022\/12\/romantische-winerzeit-300x169.jpg 300w, https:\/\/gemeindebuechereikastl.de\/wp-content\/uploads\/2022\/12\/romantische-winerzeit-768x432.jpg 768w, https:\/\/gemeindebuechereikastl.de\/wp-content\/uploads\/2022\/12\/romantische-winerzeit-750x422.jpg 750w\" sizes=\"auto, (max-width: 1280px) 100vw, 1280px\" \/><\/a><strong>Aber nicht nur bei unseren eMedien gibt es romantisch B\u00fccher zur Winterzeit auch in der B\u00fccherei selbst gibt es viele romantische B\u00fccher zur Winterzeit zu entdecken. Schaut einfach bei uns in der B\u00fccherei vorbei, oder in unserem <a href=\"https:\/\/iopac.gemeindebuechereikastl.de\/iopac\/\">Online-Katalog<\/a> unter \u201eWinter\u201c<\/strong><\/p>\n","protected":false},"excerpt":{"rendered":"<p>Unter \u00a0www.leo-nord.de\u00a0 findet Ihr viele Romantische B\u00fccher zur Winterzeit Aber nicht nur bei unseren eMedien gibt es romantisch B\u00fccher zur Winterzeit auch in der B\u00fccherei selbst gibt es viele romantische B\u00fccher zur Winterzeit zu entdecken. Schaut einfach bei uns in der B\u00fccherei vorbei, oder in unserem Online-Katalog unter \u201eWinter\u201c<\/p>\n","protected":false},"author":1,"featured_media":3522,"comment_status":"closed","ping_status":"closed","sticky":false,"template":"","format":"standard","meta":{"footnotes":""},"categories":[5],"tags":[152,145,144,412,221],"class_list":["post-3521","post","type-post","status-publish","format-standard","has-post-thumbnail","hentry","category-news","tag-ebooks","tag-emedien","tag-leo-nord","tag-romantisch","tag-winter","item-wrap"],"_links":{"self":[{"href":"https:\/\/gemeindebuechereikastl.de\/index.php?rest_route=\/wp\/v2\/posts\/3521","targetHints":{"allow":["GET"]}}],"collection":[{"href":"https:\/\/gemeindebuechereikastl.de\/index.php?rest_route=\/wp\/v2\/posts"}],"about":[{"href":"https:\/\/gemeindebuechereikastl.de\/index.php?rest_route=\/wp\/v2\/types\/post"}],"author":[{"embeddable":true,"href":"https:\/\/gemeindebuechereikastl.de\/index.php?rest_route=\/wp\/v2\/users\/1"}],"replies":[{"embeddable":true,"href":"https:\/\/gemeindebuechereikastl.de\/index.php?rest_route=%2Fwp%2Fv2%2Fcomments&post=3521"}],"version-history":[{"count":4,"href":"https:\/\/gemeindebuechereikastl.de\/index.php?rest_route=\/wp\/v2\/posts\/3521\/revisions"}],"predecessor-version":[{"id":3526,"href":"https:\/\/gemeindebuechereikastl.de\/index.php?rest_route=\/wp\/v2\/posts\/3521\/revisions\/3526"}],"wp:featuredmedia":[{"embeddable":true,"href":"https:\/\/gemeindebuechereikastl.de\/index.php?rest_route=\/wp\/v2\/media\/3522"}],"wp:attachment":[{"href":"https:\/\/gemeindebuechereikastl.de\/index.php?rest_route=%2Fwp%2Fv2%2Fmedia&parent=3521"}],"wp:term":[{"taxonomy":"category","embeddable":true,"href":"https:\/\/gemeindebuechereikastl.de\/index.php?rest_route=%2Fwp%2Fv2%2Fcategories&post=3521"},{"taxonomy":"post_tag","embeddable":true,"href":"https:\/\/gemeindebuechereikastl.de\/index.php?rest_route=%2Fwp%2Fv2%2Ftags&post=3521"}],"curies":[{"name":"wp","href":"https:\/\/api.w.org\/{rel}","templated":true}]}}