{"id":3528,"date":"2022-12-06T10:27:06","date_gmt":"2022-12-06T10:27:06","guid":{"rendered":"https:\/\/gemeindebuechereikastl.de\/?p=3528"},"modified":"2022-12-06T10:38:09","modified_gmt":"2022-12-06T10:38:09","slug":"zum-tag-des-ehrenamts-sankt-michaelsbund-wuerdigt-engagement","status":"publish","type":"post","link":"https:\/\/gemeindebuechereikastl.de\/?p=3528","title":{"rendered":"Zum Tag des Ehrenamts &#8211; Sankt Michaelsbund w\u00fcrdigt Engagement"},"content":{"rendered":"<h2 style=\"text-align: center;\"><span style=\"color: #ff6600;\"><strong>Sankt Michaelsbund w\u00fcrdigt Engagement seiner Ehrenamtlichen B\u00fcchereiteams zum Internationalen Tag des Ehrenamts<br \/>\n<\/strong><\/span><\/h2>\n<p>Am 5. Dezember, dem Internationalen Tag des Ehrenamts, m\u00f6chte der Sankt Michaelsbund das Ehrenamt seiner B\u00fcchereimitarbeiterinnen und -mitarbeiter w\u00fcrdigen. Der Gedenk- und Aktionstag wurde 1985 von den Vereinten Nationen zum Zweck der Anerkennung und F\u00f6rderung ehrenamtlichen Engagements ausgerufen.<\/p>\n<p><img loading=\"lazy\" decoding=\"async\" class=\"aligncenter wp-image-3529 size-large\" src=\"https:\/\/gemeindebuechereikastl.de\/wp-content\/uploads\/2022\/12\/freiwillige-Haende-1603x1069.jpg\" alt=\"\" width=\"750\" height=\"500\" srcset=\"https:\/\/gemeindebuechereikastl.de\/wp-content\/uploads\/2022\/12\/freiwillige-Haende-1603x1069.jpg 1603w, https:\/\/gemeindebuechereikastl.de\/wp-content\/uploads\/2022\/12\/freiwillige-Haende-300x200.jpg 300w, https:\/\/gemeindebuechereikastl.de\/wp-content\/uploads\/2022\/12\/freiwillige-Haende-768x512.jpg 768w, https:\/\/gemeindebuechereikastl.de\/wp-content\/uploads\/2022\/12\/freiwillige-Haende-1536x1024.jpg 1536w, https:\/\/gemeindebuechereikastl.de\/wp-content\/uploads\/2022\/12\/freiwillige-Haende-750x500.jpg 750w, https:\/\/gemeindebuechereikastl.de\/wp-content\/uploads\/2022\/12\/freiwillige-Haende.jpg 1920w\" sizes=\"auto, (max-width: 750px) 100vw, 750px\" \/><br \/>\nVon den knapp 12.000 Mitarbeiterinnen und Mitarbeitern in den Mitgliedsb\u00fcchereien sind knapp 95 Prozent dort im Rahmen eines Ehrenamts t\u00e4tig. Sie stellen mit ihrem Dienst eine breite Vielfalt an Medien und Veranstaltungsangeboten bereit und leisten damit einen erheblichen Beitrag zur Chancengleichheit. \u201eMit der Arbeit in ihrer B\u00fccherei erm\u00f6glichen engagierte Frauen und M\u00e4nner den Zugang zu Kultur, Bildung und Unterhaltung. Sie \u00f6ffnen einen Raum f\u00fcr Begegnung, Gespr\u00e4che und N\u00e4he. In Zeiten wie diesen, kann ich mir kaum eine wichtigere Aufgabe vorstellen\u201c, h\u00e4lt der gesch\u00e4ftsf\u00fchrende Direktor des Sankt Michaelsbundes, Stefan E\u00df, fest. \u201eIch m\u00f6chte mich ganz herzlich bei allen, meist ehrenamtlichen Frauen und M\u00e4nnern f\u00fcr Ihre Arbeit in der B\u00fccherei bedanken\u201c, so Stefan E\u00df.<\/p>\n<p>Gerade in den zur\u00fcckliegenden zwei Pandemie-Jahren waren die ehrenamtlichen B\u00fcchereiteams vor gro\u00dfe Herausforderungen gestellt. Es galt mit Hygieneauflagen umzugehen, erzwungene Schlie\u00dfzeiten zu kompensieren und kreative L\u00f6sungen zu finden, die Menschen vor Ort weiterhin mit Medien versorgen zu k\u00f6nnen. F\u00fcr Dr. Claudia Maria Pecher, die Leiterin der Landesfachstelle f\u00fcr B\u00fcchereien und Bildung im Sankt Michaelsbund, hat die Krise die Bedeutung des Ehrenamts nochmal deutlicher herausgesellt: \u201eVielen wurde erst in den Pandemiejahren wirklich bewusst, wie wichtig die Arbeit unserer ehrenamtlichen Teams ist, als auf einmal keine Ausleihen mehr m\u00f6glich waren. Fast elf Millionen entliehene Medien 2021 zeigen deutlich, was f\u00fcr Player der Bildungs- und Kulturlandschaft die B\u00fcchereien des Michaelsbundes sind. Wenn jetzt viele Menschen wegen der enormen Preissteigerungen es sich gar nicht mehr leisten k\u00f6nnen, B\u00fccher zu kaufen, braucht es umso mehr diesen voraussetzungslosen, fl\u00e4chendeckenden Zugang zu Literatur. Die Politik muss daher alles daf\u00fcr tun, m\u00f6glichst gute Rahmenbedingungen f\u00fcr die Arbeit der Ehrenamtlichen zu garantieren.\u201c<\/p>\n","protected":false},"excerpt":{"rendered":"<p>Sankt Michaelsbund w\u00fcrdigt Engagement seiner Ehrenamtlichen B\u00fcchereiteams zum Internationalen Tag des Ehrenamts Am 5. Dezember, dem Internationalen Tag des Ehrenamts, m\u00f6chte der Sankt Michaelsbund das Ehrenamt seiner B\u00fcchereimitarbeiterinnen und -mitarbeiter w\u00fcrdigen. Der Gedenk- und Aktionstag wurde 1985 von den Vereinten Nationen zum Zweck der Anerkennung und F\u00f6rderung ehrenamtlichen Engagements ausgerufen. Von den knapp 12.000 Mitarbeiterinnen &hellip; <\/p>\n<p><a class=\"more-link btn\" href=\"https:\/\/gemeindebuechereikastl.de\/?p=3528\">Weiterlesen<\/a><\/p>\n","protected":false},"author":1,"featured_media":3529,"comment_status":"closed","ping_status":"closed","sticky":false,"template":"","format":"standard","meta":{"footnotes":""},"categories":[5],"tags":[372,413],"class_list":["post-3528","post","type-post","status-publish","format-standard","has-post-thumbnail","hentry","category-news","tag-buechereien","tag-ehrenamt","item-wrap"],"_links":{"self":[{"href":"https:\/\/gemeindebuechereikastl.de\/index.php?rest_route=\/wp\/v2\/posts\/3528","targetHints":{"allow":["GET"]}}],"collection":[{"href":"https:\/\/gemeindebuechereikastl.de\/index.php?rest_route=\/wp\/v2\/posts"}],"about":[{"href":"https:\/\/gemeindebuechereikastl.de\/index.php?rest_route=\/wp\/v2\/types\/post"}],"author":[{"embeddable":true,"href":"https:\/\/gemeindebuechereikastl.de\/index.php?rest_route=\/wp\/v2\/users\/1"}],"replies":[{"embeddable":true,"href":"https:\/\/gemeindebuechereikastl.de\/index.php?rest_route=%2Fwp%2Fv2%2Fcomments&post=3528"}],"version-history":[{"count":4,"href":"https:\/\/gemeindebuechereikastl.de\/index.php?rest_route=\/wp\/v2\/posts\/3528\/revisions"}],"predecessor-version":[{"id":3533,"href":"https:\/\/gemeindebuechereikastl.de\/index.php?rest_route=\/wp\/v2\/posts\/3528\/revisions\/3533"}],"wp:featuredmedia":[{"embeddable":true,"href":"https:\/\/gemeindebuechereikastl.de\/index.php?rest_route=\/wp\/v2\/media\/3529"}],"wp:attachment":[{"href":"https:\/\/gemeindebuechereikastl.de\/index.php?rest_route=%2Fwp%2Fv2%2Fmedia&parent=3528"}],"wp:term":[{"taxonomy":"category","embeddable":true,"href":"https:\/\/gemeindebuechereikastl.de\/index.php?rest_route=%2Fwp%2Fv2%2Fcategories&post=3528"},{"taxonomy":"post_tag","embeddable":true,"href":"https:\/\/gemeindebuechereikastl.de\/index.php?rest_route=%2Fwp%2Fv2%2Ftags&post=3528"}],"curies":[{"name":"wp","href":"https:\/\/api.w.org\/{rel}","templated":true}]}}