{"id":3535,"date":"2022-12-10T10:28:25","date_gmt":"2022-12-10T10:28:25","guid":{"rendered":"https:\/\/gemeindebuechereikastl.de\/?p=3535"},"modified":"2022-12-10T10:30:03","modified_gmt":"2022-12-10T10:30:03","slug":"nikolaus-schaute-auch-in-der-buecherei-vorbei-und-brachte-fuer-die-leser-neue-buecher","status":"publish","type":"post","link":"https:\/\/gemeindebuechereikastl.de\/?p=3535","title":{"rendered":"Nikolaus schaute auch in der B\u00fccherei vorbei und brachte f\u00fcr die Leser neue B\u00fccher"},"content":{"rendered":"<h2 style=\"text-align: center;\"><span style=\"color: #ff6600;\"><strong>Das Team der Kastler B\u00fccherei wurde auch vom Nikolaus bedacht, er brachte viele neue B\u00fccher f\u00fcr die weihnachtliche Lesezeit<\/strong> <\/span><\/h2>\n<p>Nicht nur zu den Kindern kam der Nikolaus, auch in der Gemeindeb\u00fccherei schaute er vorbei und brachte f\u00fcr die Leser neue B\u00fccher mit. Der Dezember mit seinen langen Abenden ist ein richtiger Lesemonat, deshalb brachte der Nikolaus auch den Kastler Lesern f\u00fcr die kommenden Weihnachtstage und den langen Winterabenden gen\u00fcgend Aktuellen Lesestoff.<\/p>\n<p><img loading=\"lazy\" decoding=\"async\" class=\"aligncenter wp-image-3536 size-large\" src=\"https:\/\/gemeindebuechereikastl.de\/wp-content\/uploads\/2022\/12\/Nikolaus-neue-Buecher-1603x1143.jpg\" alt=\"\" width=\"750\" height=\"535\" srcset=\"https:\/\/gemeindebuechereikastl.de\/wp-content\/uploads\/2022\/12\/Nikolaus-neue-Buecher-1603x1143.jpg 1603w, https:\/\/gemeindebuechereikastl.de\/wp-content\/uploads\/2022\/12\/Nikolaus-neue-Buecher-300x214.jpg 300w, https:\/\/gemeindebuechereikastl.de\/wp-content\/uploads\/2022\/12\/Nikolaus-neue-Buecher-768x548.jpg 768w, https:\/\/gemeindebuechereikastl.de\/wp-content\/uploads\/2022\/12\/Nikolaus-neue-Buecher-1536x1095.jpg 1536w, https:\/\/gemeindebuechereikastl.de\/wp-content\/uploads\/2022\/12\/Nikolaus-neue-Buecher-2048x1460.jpg 2048w, https:\/\/gemeindebuechereikastl.de\/wp-content\/uploads\/2022\/12\/Nikolaus-neue-Buecher-750x535.jpg 750w\" sizes=\"auto, (max-width: 750px) 100vw, 750px\" \/><br \/>\nF\u00fcr die Erwachsenen diverse Krimis und Thriller sowie auch viele B\u00fccher aus den aktuellen Bestsellerlisten. So der neun von D\u00f6rte Hansen \u201eZur See\u201c, von Charlotte Link \u201eEinsame Nacht\u201c. Auch dabei neues vom Krimi-Bestseller-Duo Volker Kl\u00fcpfel &amp; Michael Kobr \u201eDie Unverbesserlichen &#8211; Der gro\u00dfe Coup des Monsieur Lipaire\u201c. Unter den neuen auch die langerwartete Fortsetzung der Dallmayr Saga \u201eDer Glanz einer neuen \u00c4ra\u201c, um nur einige Highlights zu erw\u00e4hnen.<\/p>\n<p>Bei den Kindern gab es auch viel neue B\u00fccher und auch Fortsetzung von Serien hier das Neue von der Schule der magischen Tiere \u201eBravo, bravissimo!\u201c, \u201ePetronella Apfelmus &#8211; 24 weihnachtliche Geschichten aus dem Apfelhaus\u201c, Ponyhof Apfelbl\u00fcte, von Anna R\u00fche die neue Serie \u201eDie Duftakademie\u201c, \u201eSpekulatius, der Weihnachtsdrache rettet das Fest\u201c und auch &#8222;Gregs Tagebuch 17 &#8211; Voll aufgedreht!&#8220; Die Liste mit den gro\u00dfartigen neuen Kinderb\u00fcchern liese sich auch hier die Liste weiter fortsetzten.<\/p>\n<h4 style=\"text-align: center;\"><span style=\"color: #ff0000;\">Kommen Sie einfach bei uns in der B\u00fccherei zu den \u00d6ffnungszeiten vorbei und entdecken die vielen neuen B\u00fccher f\u00fcr sich. Vorab kann man sich in unserem <a href=\"https:\/\/iopac.gemeindebuechereikastl.de\/iopac\/\">&#8222;Online-Katalog&#8220; <\/a> unter &#8222;Neue Titel&#8220; schon mal informieren, was es sonst noch an neuen B\u00fcchern und Medien bei uns in der Gemeindeb\u00fccherei gibt.<\/span><\/h4>\n","protected":false},"excerpt":{"rendered":"<p>Das Team der Kastler B\u00fccherei wurde auch vom Nikolaus bedacht, er brachte viele neue B\u00fccher f\u00fcr die weihnachtliche Lesezeit Nicht nur zu den Kindern kam der Nikolaus, auch in der Gemeindeb\u00fccherei schaute er vorbei und brachte f\u00fcr die Leser neue B\u00fccher mit. Der Dezember mit seinen langen Abenden ist ein richtiger Lesemonat, deshalb brachte der &hellip; <\/p>\n<p><a class=\"more-link btn\" href=\"https:\/\/gemeindebuechereikastl.de\/?p=3535\">Weiterlesen<\/a><\/p>\n","protected":false},"author":1,"featured_media":3536,"comment_status":"closed","ping_status":"closed","sticky":false,"template":"","format":"standard","meta":{"footnotes":""},"categories":[1],"tags":[85,414],"class_list":["post-3535","post","type-post","status-publish","format-standard","has-post-thumbnail","hentry","category-team","tag-neue-buecher","tag-nikolaus","item-wrap"],"_links":{"self":[{"href":"https:\/\/gemeindebuechereikastl.de\/index.php?rest_route=\/wp\/v2\/posts\/3535","targetHints":{"allow":["GET"]}}],"collection":[{"href":"https:\/\/gemeindebuechereikastl.de\/index.php?rest_route=\/wp\/v2\/posts"}],"about":[{"href":"https:\/\/gemeindebuechereikastl.de\/index.php?rest_route=\/wp\/v2\/types\/post"}],"author":[{"embeddable":true,"href":"https:\/\/gemeindebuechereikastl.de\/index.php?rest_route=\/wp\/v2\/users\/1"}],"replies":[{"embeddable":true,"href":"https:\/\/gemeindebuechereikastl.de\/index.php?rest_route=%2Fwp%2Fv2%2Fcomments&post=3535"}],"version-history":[{"count":3,"href":"https:\/\/gemeindebuechereikastl.de\/index.php?rest_route=\/wp\/v2\/posts\/3535\/revisions"}],"predecessor-version":[{"id":3539,"href":"https:\/\/gemeindebuechereikastl.de\/index.php?rest_route=\/wp\/v2\/posts\/3535\/revisions\/3539"}],"wp:featuredmedia":[{"embeddable":true,"href":"https:\/\/gemeindebuechereikastl.de\/index.php?rest_route=\/wp\/v2\/media\/3536"}],"wp:attachment":[{"href":"https:\/\/gemeindebuechereikastl.de\/index.php?rest_route=%2Fwp%2Fv2%2Fmedia&parent=3535"}],"wp:term":[{"taxonomy":"category","embeddable":true,"href":"https:\/\/gemeindebuechereikastl.de\/index.php?rest_route=%2Fwp%2Fv2%2Fcategories&post=3535"},{"taxonomy":"post_tag","embeddable":true,"href":"https:\/\/gemeindebuechereikastl.de\/index.php?rest_route=%2Fwp%2Fv2%2Ftags&post=3535"}],"curies":[{"name":"wp","href":"https:\/\/api.w.org\/{rel}","templated":true}]}}