{"id":3571,"date":"2022-12-22T16:09:58","date_gmt":"2022-12-22T16:09:58","guid":{"rendered":"https:\/\/gemeindebuechereikastl.de\/?p=3571"},"modified":"2022-12-22T16:15:42","modified_gmt":"2022-12-22T16:15:42","slug":"das-team-der-gemeindebuecherei-wuenscht-ein-frohes-weihnachtsfest-und-ein-gute-neues-jahr","status":"publish","type":"post","link":"https:\/\/gemeindebuechereikastl.de\/?p=3571","title":{"rendered":"Das Team Ihrer Gemeindeb\u00fccherei w\u00fcnscht ein frohes Weihnachtsfest und ein Gutes neues Jahr"},"content":{"rendered":"<h2 style=\"text-align: center;\"><strong><span style=\"color: #ff6600;\"><img loading=\"lazy\" decoding=\"async\" class=\"alignleft wp-image-2523 \" src=\"https:\/\/gemeindebuechereikastl.de\/wp-content\/uploads\/2021\/12\/20211217_173953-905x1206.jpg\" alt=\"\" width=\"354\" height=\"472\" srcset=\"https:\/\/gemeindebuechereikastl.de\/wp-content\/uploads\/2021\/12\/20211217_173953-905x1206.jpg 905w, https:\/\/gemeindebuechereikastl.de\/wp-content\/uploads\/2021\/12\/20211217_173953-225x300.jpg 225w, https:\/\/gemeindebuechereikastl.de\/wp-content\/uploads\/2021\/12\/20211217_173953-768x1024.jpg 768w, https:\/\/gemeindebuechereikastl.de\/wp-content\/uploads\/2021\/12\/20211217_173953-1152x1536.jpg 1152w, https:\/\/gemeindebuechereikastl.de\/wp-content\/uploads\/2021\/12\/20211217_173953-1536x2048.jpg 1536w, https:\/\/gemeindebuechereikastl.de\/wp-content\/uploads\/2021\/12\/20211217_173953-750x1000.jpg 750w, https:\/\/gemeindebuechereikastl.de\/wp-content\/uploads\/2021\/12\/20211217_173953-scaled.jpg 1920w\" sizes=\"auto, (max-width: 354px) 100vw, 354px\" \/><\/span><\/strong><\/h2>\n<h2><\/h2>\n<h1 style=\"text-align: center;\"><strong><span style=\"color: #ff6600;\">Wir das Team Ihrer Gemeindeb\u00fccherei w\u00fcnschen allen ein frohes und gesegnetes WEIHNACHTSFEST und alles Gute f\u00fcr das kommende<br \/>\nNEUE\u00a0 JAHR<br \/>\n2023<\/span><\/strong><\/h1>\n<h4 style=\"text-align: center;\"><span style=\"color: #ff6600;\"><strong>&#8212;&#8212;&#8212;&#8212;&#8212;&#8212;&#8212;&#8212;&#8212;&#8212;&#8212;&#8212;&#8212;&#8211;<\/strong><\/span><\/h4>\n<h2 style=\"text-align: center;\"><span style=\"color: #ff0000;\"><strong>\u00d6FFNUNGSZEITEN \u00fcber die Weihnachtsfeiertage\u00a0<\/strong><\/span><\/h2>\n<p><img loading=\"lazy\" decoding=\"async\" class=\"wp-image-3572 aligncenter\" src=\"https:\/\/gemeindebuechereikastl.de\/wp-content\/uploads\/2022\/12\/Weihnachtsoeffnung-2022.jpg\" alt=\"\" width=\"678\" height=\"254\" srcset=\"https:\/\/gemeindebuechereikastl.de\/wp-content\/uploads\/2022\/12\/Weihnachtsoeffnung-2022.jpg 1472w, https:\/\/gemeindebuechereikastl.de\/wp-content\/uploads\/2022\/12\/Weihnachtsoeffnung-2022-300x113.jpg 300w, https:\/\/gemeindebuechereikastl.de\/wp-content\/uploads\/2022\/12\/Weihnachtsoeffnung-2022-768x288.jpg 768w, https:\/\/gemeindebuechereikastl.de\/wp-content\/uploads\/2022\/12\/Weihnachtsoeffnung-2022-750x281.jpg 750w\" sizes=\"auto, (max-width: 678px) 100vw, 678px\" \/><\/p>\n<h4 style=\"text-align: center;\"><span style=\"color: #ff0000;\"><strong>Nach Hl. Drei K\u00f6nige, ab Sonntag, 8. Januar 2023 sind wir das B\u00fcchereiteam zu den gewohnten \u00d6ffnungszeiten, am Sonntag von 10.00 bis 11.30 Uhr sowie Dienstag und Donnerstag von 17.00 bis 18.30 Uhr wieder f\u00fcr Sie da.<\/strong><\/span><\/h4>\n","protected":false},"excerpt":{"rendered":"<p>Wir das Team Ihrer Gemeindeb\u00fccherei w\u00fcnschen allen ein frohes und gesegnetes WEIHNACHTSFEST und alles Gute f\u00fcr das kommende NEUE\u00a0 JAHR 2023 &#8212;&#8212;&#8212;&#8212;&#8212;&#8212;&#8212;&#8212;&#8212;&#8212;&#8212;&#8212;&#8212;&#8211; \u00d6FFNUNGSZEITEN \u00fcber die Weihnachtsfeiertage\u00a0 Nach Hl. Drei K\u00f6nige, ab Sonntag, 8. Januar 2023 sind wir das B\u00fcchereiteam zu den gewohnten \u00d6ffnungszeiten, am Sonntag von 10.00 bis 11.30 Uhr sowie Dienstag und Donnerstag von &hellip; <\/p>\n<p><a class=\"more-link btn\" href=\"https:\/\/gemeindebuechereikastl.de\/?p=3571\">Weiterlesen<\/a><\/p>\n","protected":false},"author":1,"featured_media":2523,"comment_status":"closed","ping_status":"closed","sticky":false,"template":"","format":"standard","meta":{"footnotes":""},"categories":[5],"tags":[420,156,138],"class_list":["post-3571","post","type-post","status-publish","format-standard","has-post-thumbnail","hentry","category-news","tag-neujahr","tag-oeffnungszeiten","tag-weihnachten","item-wrap"],"_links":{"self":[{"href":"https:\/\/gemeindebuechereikastl.de\/index.php?rest_route=\/wp\/v2\/posts\/3571","targetHints":{"allow":["GET"]}}],"collection":[{"href":"https:\/\/gemeindebuechereikastl.de\/index.php?rest_route=\/wp\/v2\/posts"}],"about":[{"href":"https:\/\/gemeindebuechereikastl.de\/index.php?rest_route=\/wp\/v2\/types\/post"}],"author":[{"embeddable":true,"href":"https:\/\/gemeindebuechereikastl.de\/index.php?rest_route=\/wp\/v2\/users\/1"}],"replies":[{"embeddable":true,"href":"https:\/\/gemeindebuechereikastl.de\/index.php?rest_route=%2Fwp%2Fv2%2Fcomments&post=3571"}],"version-history":[{"count":6,"href":"https:\/\/gemeindebuechereikastl.de\/index.php?rest_route=\/wp\/v2\/posts\/3571\/revisions"}],"predecessor-version":[{"id":3578,"href":"https:\/\/gemeindebuechereikastl.de\/index.php?rest_route=\/wp\/v2\/posts\/3571\/revisions\/3578"}],"wp:featuredmedia":[{"embeddable":true,"href":"https:\/\/gemeindebuechereikastl.de\/index.php?rest_route=\/wp\/v2\/media\/2523"}],"wp:attachment":[{"href":"https:\/\/gemeindebuechereikastl.de\/index.php?rest_route=%2Fwp%2Fv2%2Fmedia&parent=3571"}],"wp:term":[{"taxonomy":"category","embeddable":true,"href":"https:\/\/gemeindebuechereikastl.de\/index.php?rest_route=%2Fwp%2Fv2%2Fcategories&post=3571"},{"taxonomy":"post_tag","embeddable":true,"href":"https:\/\/gemeindebuechereikastl.de\/index.php?rest_route=%2Fwp%2Fv2%2Ftags&post=3571"}],"curies":[{"name":"wp","href":"https:\/\/api.w.org\/{rel}","templated":true}]}}