{"id":3601,"date":"2022-12-28T10:16:36","date_gmt":"2022-12-28T10:16:36","guid":{"rendered":"https:\/\/gemeindebuechereikastl.de\/?p=3601"},"modified":"2022-12-29T09:03:39","modified_gmt":"2022-12-29T09:03:39","slug":"newsletter-der-gemeindebuecherei-kastl-jetzt-zum-nachlesen","status":"publish","type":"post","link":"https:\/\/gemeindebuechereikastl.de\/?p=3601","title":{"rendered":"Newsletter der Gemeindeb\u00fccherei Kastl jetzt zum Nachlesen"},"content":{"rendered":"<h2 style=\"text-align: center;\"><span style=\"color: #ff6600;\">Der Leser-Newsletter der Gemeindeb\u00fccherei Kastl ab sofort, hier auf der Homepage zum Nachlesen<\/span><\/h2>\n<p>In der Zeit der Corona Pandemie hat sich das B\u00fcchereiteam entschlossen ihre Leser mit einem Newsletter \u00fcber die aktuelle Situation in den B\u00fcchereien zu informieren. War es Anfang nur sporadisch so erschien dieser Newsletter ab 2022 regelm\u00e4\u00dfig im viertelj\u00e4hrlichen Rhythmus. Hier informieren wir vom Team alle Interessierten \u00fcber unsere Arbeit und Aktionen sowie Neuigkeiten, die es in der B\u00fccherei gibt in kompakter Form.<\/p>\n<p><img loading=\"lazy\" decoding=\"async\" class=\"aligncenter wp-image-3592 size-full\" src=\"https:\/\/gemeindebuechereikastl.de\/wp-content\/uploads\/2022\/12\/Newsletter-.jpg\" alt=\"\" width=\"1178\" height=\"348\" srcset=\"https:\/\/gemeindebuechereikastl.de\/wp-content\/uploads\/2022\/12\/Newsletter-.jpg 1178w, https:\/\/gemeindebuechereikastl.de\/wp-content\/uploads\/2022\/12\/Newsletter--300x89.jpg 300w, https:\/\/gemeindebuechereikastl.de\/wp-content\/uploads\/2022\/12\/Newsletter--768x227.jpg 768w, https:\/\/gemeindebuechereikastl.de\/wp-content\/uploads\/2022\/12\/Newsletter--750x222.jpg 750w\" sizes=\"auto, (max-width: 1178px) 100vw, 1178px\" \/><\/p>\n<p>Dieser ging per Mail an die Leser der Gemeindeb\u00fccherei Kastl, ab sofort kann dieser auch von allen Interessierten gelesen werden.<\/p>\n<h4><strong>Diesen finden Sie hier unter <a href=\"https:\/\/gemeindebuechereikastl.de\/?page_id=2915\">Jahresberichte + Newsletter<\/a><\/strong><\/h4>\n","protected":false},"excerpt":{"rendered":"<p>Der Leser-Newsletter der Gemeindeb\u00fccherei Kastl ab sofort, hier auf der Homepage zum Nachlesen In der Zeit der Corona Pandemie hat sich das B\u00fcchereiteam entschlossen ihre Leser mit einem Newsletter \u00fcber die aktuelle Situation in den B\u00fcchereien zu informieren. War es Anfang nur sporadisch so erschien dieser Newsletter ab 2022 regelm\u00e4\u00dfig im viertelj\u00e4hrlichen Rhythmus. Hier informieren &hellip; <\/p>\n<p><a class=\"more-link btn\" href=\"https:\/\/gemeindebuechereikastl.de\/?p=3601\">Weiterlesen<\/a><\/p>\n","protected":false},"author":1,"featured_media":3592,"comment_status":"closed","ping_status":"closed","sticky":false,"template":"","format":"standard","meta":{"footnotes":""},"categories":[5],"tags":[421],"class_list":["post-3601","post","type-post","status-publish","format-standard","has-post-thumbnail","hentry","category-news","tag-nesletter","item-wrap"],"_links":{"self":[{"href":"https:\/\/gemeindebuechereikastl.de\/index.php?rest_route=\/wp\/v2\/posts\/3601","targetHints":{"allow":["GET"]}}],"collection":[{"href":"https:\/\/gemeindebuechereikastl.de\/index.php?rest_route=\/wp\/v2\/posts"}],"about":[{"href":"https:\/\/gemeindebuechereikastl.de\/index.php?rest_route=\/wp\/v2\/types\/post"}],"author":[{"embeddable":true,"href":"https:\/\/gemeindebuechereikastl.de\/index.php?rest_route=\/wp\/v2\/users\/1"}],"replies":[{"embeddable":true,"href":"https:\/\/gemeindebuechereikastl.de\/index.php?rest_route=%2Fwp%2Fv2%2Fcomments&post=3601"}],"version-history":[{"count":4,"href":"https:\/\/gemeindebuechereikastl.de\/index.php?rest_route=\/wp\/v2\/posts\/3601\/revisions"}],"predecessor-version":[{"id":3609,"href":"https:\/\/gemeindebuechereikastl.de\/index.php?rest_route=\/wp\/v2\/posts\/3601\/revisions\/3609"}],"wp:featuredmedia":[{"embeddable":true,"href":"https:\/\/gemeindebuechereikastl.de\/index.php?rest_route=\/wp\/v2\/media\/3592"}],"wp:attachment":[{"href":"https:\/\/gemeindebuechereikastl.de\/index.php?rest_route=%2Fwp%2Fv2%2Fmedia&parent=3601"}],"wp:term":[{"taxonomy":"category","embeddable":true,"href":"https:\/\/gemeindebuechereikastl.de\/index.php?rest_route=%2Fwp%2Fv2%2Fcategories&post=3601"},{"taxonomy":"post_tag","embeddable":true,"href":"https:\/\/gemeindebuechereikastl.de\/index.php?rest_route=%2Fwp%2Fv2%2Ftags&post=3601"}],"curies":[{"name":"wp","href":"https:\/\/api.w.org\/{rel}","templated":true}]}}