{"id":3645,"date":"2023-01-11T08:58:21","date_gmt":"2023-01-11T08:58:21","guid":{"rendered":"https:\/\/gemeindebuechereikastl.de\/?p=3645"},"modified":"2023-01-11T12:37:38","modified_gmt":"2023-01-11T12:37:38","slug":"wissen-ueber-papst-und-bibel","status":"publish","type":"post","link":"https:\/\/gemeindebuechereikastl.de\/?p=3645","title":{"rendered":"Wissen \u00fcber Papst und Bibel"},"content":{"rendered":"<h2 style=\"text-align: center;\"><span style=\"color: #ff6600;\"><strong>Neue Buchausstellung im OG &#8211; Wissen \u00fcber Papst und Bibel<\/strong><\/span><\/h2>\n<h2><strong><img loading=\"lazy\" decoding=\"async\" class=\"alignleft wp-image-3646 \" src=\"https:\/\/gemeindebuechereikastl.de\/wp-content\/uploads\/2023\/01\/Papst-Bibel-821x1206.jpg\" alt=\"\" width=\"475\" height=\"698\" srcset=\"https:\/\/gemeindebuechereikastl.de\/wp-content\/uploads\/2023\/01\/Papst-Bibel-821x1206.jpg 821w, https:\/\/gemeindebuechereikastl.de\/wp-content\/uploads\/2023\/01\/Papst-Bibel-204x300.jpg 204w, https:\/\/gemeindebuechereikastl.de\/wp-content\/uploads\/2023\/01\/Papst-Bibel-768x1128.jpg 768w, https:\/\/gemeindebuechereikastl.de\/wp-content\/uploads\/2023\/01\/Papst-Bibel-1045x1536.jpg 1045w, https:\/\/gemeindebuechereikastl.de\/wp-content\/uploads\/2023\/01\/Papst-Bibel-1394x2048.jpg 1394w, https:\/\/gemeindebuechereikastl.de\/wp-content\/uploads\/2023\/01\/Papst-Bibel-750x1102.jpg 750w, https:\/\/gemeindebuechereikastl.de\/wp-content\/uploads\/2023\/01\/Papst-Bibel-scaled.jpg 1742w\" sizes=\"auto, (max-width: 475px) 100vw, 475px\" \/>PAPST<\/strong><\/h2>\n<p>Hier finden Sie B\u00fccher von Papst Franziskus und seinen Vorg\u00e4ngern Benedikt XVI. und Johannes Paul II usw. Dar\u00fcber hinaus gibt es auch Romane dies sich mit dem Papsttum besch\u00e4ftigen. Die Ausstellung liefert auch informative Sachb\u00fccher zur Geschichte des Papsttums und rund um den Vatikan.<\/p>\n<p>Das Matth\u00e4us-Evangelium berichtet, dass Petrus der erste Apostel war und Jesus ihm seine Kirche anvertraut: &#8222;Du bist Petrus, auf diesem Felsen will ich meine Kirche bauen.&#8220; So wird Petrus zum ersten Bischof von Rom und laut katholischer Kirche der erste Papst.<\/p>\n<p>Die F\u00fchrungsgewalt, die Jesus auf Petrus \u00fcbertragen hat, geht seither von einem auf den n\u00e4chsten Papst \u00fcber. Alle P\u00e4pste sind bis heute zugleich Oberhaupt der katholischen Kirche und Bischof von Rom, und sie f\u00fchren den Titel &#8222;Stellvertreter Christi auf Erden&#8220;.<\/p>\n<h2><strong>BIBEL<\/strong><\/h2>\n<p>Als Bibel oder Heilige Schrift bezeichnet man die wichtigste religi\u00f6se Textsammlung im Judentum wie auch im Christentum. Sie gilt Gl\u00e4ubigen als g\u00f6ttlich inspiriert, mindestens aber als orientierender Ma\u00dfstab und wird darum im religi\u00f6sen wie im kulturellen Leben immer wieder angeeignet.<img loading=\"lazy\" decoding=\"async\" class=\"alignright wp-image-3647 \" src=\"https:\/\/gemeindebuechereikastl.de\/wp-content\/uploads\/2023\/01\/bibel-1530x1206.jpg\" alt=\"\" width=\"376\" height=\"296\" srcset=\"https:\/\/gemeindebuechereikastl.de\/wp-content\/uploads\/2023\/01\/bibel-1530x1206.jpg 1530w, https:\/\/gemeindebuechereikastl.de\/wp-content\/uploads\/2023\/01\/bibel-300x236.jpg 300w, https:\/\/gemeindebuechereikastl.de\/wp-content\/uploads\/2023\/01\/bibel-768x605.jpg 768w, https:\/\/gemeindebuechereikastl.de\/wp-content\/uploads\/2023\/01\/bibel-1536x1210.jpg 1536w, https:\/\/gemeindebuechereikastl.de\/wp-content\/uploads\/2023\/01\/bibel-750x591.jpg 750w, https:\/\/gemeindebuechereikastl.de\/wp-content\/uploads\/2023\/01\/bibel.jpg 1920w\" sizes=\"auto, (max-width: 376px) 100vw, 376px\" \/><\/p>\n<p>Die Bibel des Judentums ist der dreiteilige Tanach, der aus der Tora (Weisung), den Nevi\u2019im (Propheten) und Ketuvim (Schriften) besteht. Das Christentum bezog sich von Anfang an auf die heiligen Schriften Israels. Jesus von Nazaret deutete sein Wirken im Licht dieser Texte, und die erste christliche Gemeinde sah diese Schriften durch die Auferstehung Jesu Christi als erf\u00fcllt an. Das Christentum eignete sich so die heiligen Schriften Israels und weitere fr\u00fchj\u00fcdische Literatur (als Altes Testament) an, schuf aber auch eigene Texte, von denen einige verbindliche Bedeutung erlangten und schlie\u00dflich als Neues Testament dem Alten Testament angef\u00fcgt wurden.<\/p>\n<h4 style=\"text-align: center;\"><strong>Weitere Infos zu beiden Themen finden Sie in unser <a href=\"https:\/\/iopac.gemeindebuechereikastl.de\/iopac\/\"><span style=\"color: #008000;\">Buchauswahl in der B\u00fccherei oder im Online-Katalog<\/span><\/a> oder auch bei unseren <span style=\"color: #ff0000;\"><a style=\"color: #ff0000;\" href=\"https:\/\/leo-nord.onleihe.de\/\">E-Books unter www.leo-nord.de<\/a><\/span><\/strong><\/h4>\n","protected":false},"excerpt":{"rendered":"<p>Neue Buchausstellung im OG &#8211; Wissen \u00fcber Papst und Bibel PAPST Hier finden Sie B\u00fccher von Papst Franziskus und seinen Vorg\u00e4ngern Benedikt XVI. und Johannes Paul II usw. Dar\u00fcber hinaus gibt es auch Romane dies sich mit dem Papsttum besch\u00e4ftigen. Die Ausstellung liefert auch informative Sachb\u00fccher zur Geschichte des Papsttums und rund um den Vatikan. &hellip; <\/p>\n<p><a class=\"more-link btn\" href=\"https:\/\/gemeindebuechereikastl.de\/?p=3645\">Weiterlesen<\/a><\/p>\n","protected":false},"author":1,"featured_media":3646,"comment_status":"closed","ping_status":"closed","sticky":false,"template":"","format":"standard","meta":{"footnotes":""},"categories":[5],"tags":[305,194,113],"class_list":["post-3645","post","type-post","status-publish","format-standard","has-post-thumbnail","hentry","category-news","tag-bibel","tag-buchausstellung","tag-papst","item-wrap"],"_links":{"self":[{"href":"https:\/\/gemeindebuechereikastl.de\/index.php?rest_route=\/wp\/v2\/posts\/3645","targetHints":{"allow":["GET"]}}],"collection":[{"href":"https:\/\/gemeindebuechereikastl.de\/index.php?rest_route=\/wp\/v2\/posts"}],"about":[{"href":"https:\/\/gemeindebuechereikastl.de\/index.php?rest_route=\/wp\/v2\/types\/post"}],"author":[{"embeddable":true,"href":"https:\/\/gemeindebuechereikastl.de\/index.php?rest_route=\/wp\/v2\/users\/1"}],"replies":[{"embeddable":true,"href":"https:\/\/gemeindebuechereikastl.de\/index.php?rest_route=%2Fwp%2Fv2%2Fcomments&post=3645"}],"version-history":[{"count":3,"href":"https:\/\/gemeindebuechereikastl.de\/index.php?rest_route=\/wp\/v2\/posts\/3645\/revisions"}],"predecessor-version":[{"id":3660,"href":"https:\/\/gemeindebuechereikastl.de\/index.php?rest_route=\/wp\/v2\/posts\/3645\/revisions\/3660"}],"wp:featuredmedia":[{"embeddable":true,"href":"https:\/\/gemeindebuechereikastl.de\/index.php?rest_route=\/wp\/v2\/media\/3646"}],"wp:attachment":[{"href":"https:\/\/gemeindebuechereikastl.de\/index.php?rest_route=%2Fwp%2Fv2%2Fmedia&parent=3645"}],"wp:term":[{"taxonomy":"category","embeddable":true,"href":"https:\/\/gemeindebuechereikastl.de\/index.php?rest_route=%2Fwp%2Fv2%2Fcategories&post=3645"},{"taxonomy":"post_tag","embeddable":true,"href":"https:\/\/gemeindebuechereikastl.de\/index.php?rest_route=%2Fwp%2Fv2%2Ftags&post=3645"}],"curies":[{"name":"wp","href":"https:\/\/api.w.org\/{rel}","templated":true}]}}