{"id":3690,"date":"2023-01-25T13:18:42","date_gmt":"2023-01-25T13:18:42","guid":{"rendered":"https:\/\/gemeindebuechereikastl.de\/?p=3690"},"modified":"2023-01-25T13:26:21","modified_gmt":"2023-01-25T13:26:21","slug":"vorlesenachmittag-mit-mogli-und-seinen-freunden-aus-dem-dschungelbuch","status":"publish","type":"post","link":"https:\/\/gemeindebuechereikastl.de\/?p=3690","title":{"rendered":"Vorlesenachmittag mit Mogli und seinen Freunden aus dem Dschungelbuch"},"content":{"rendered":"<h2 style=\"text-align: center;\"><span style=\"color: #ff6600;\"><strong>Freitag, 20. Januar &#8211; <\/strong>Probier\u2019s mal mit Gem\u00fctlichkeit \u2013 Vorlesenachmittag mit dem Dschungelbuch<\/span><\/h2>\n<p>&#8222;Probier\u2019s mal mit Gem\u00fctlichkeit&#8220;, singt Balu, der B\u00e4r, in der weltbekannten Disney-Verfilmung des Dschungelbuchs. Dass es aber im Dschungel gar nicht so gem\u00fctlich zugeht, erfuhren die Kinder beim Januar Vorlesenachmittag in der Gemeindeb\u00fccherei Kastl.<\/p>\n<p><img loading=\"lazy\" decoding=\"async\" class=\"aligncenter wp-image-3691 size-large\" src=\"https:\/\/gemeindebuechereikastl.de\/wp-content\/uploads\/2023\/01\/Dschungelbuch-1603x1150.jpg\" alt=\"\" width=\"750\" height=\"538\" srcset=\"https:\/\/gemeindebuechereikastl.de\/wp-content\/uploads\/2023\/01\/Dschungelbuch-1603x1150.jpg 1603w, https:\/\/gemeindebuechereikastl.de\/wp-content\/uploads\/2023\/01\/Dschungelbuch-300x215.jpg 300w, https:\/\/gemeindebuechereikastl.de\/wp-content\/uploads\/2023\/01\/Dschungelbuch-768x551.jpg 768w, https:\/\/gemeindebuechereikastl.de\/wp-content\/uploads\/2023\/01\/Dschungelbuch-1536x1102.jpg 1536w, https:\/\/gemeindebuechereikastl.de\/wp-content\/uploads\/2023\/01\/Dschungelbuch-2048x1470.jpg 2048w, https:\/\/gemeindebuechereikastl.de\/wp-content\/uploads\/2023\/01\/Dschungelbuch-750x538.jpg 750w\" sizes=\"auto, (max-width: 750px) 100vw, 750px\" \/>Frau Daniela Anheuser las den Kinderbuch-Klassiker \u201eDas Dschungelbuch\u201c von Rudyard Kipling vor. Gekonnt gab sie jedem Tier eine andere Stimme, so dass &#8222;Das Dschungelbuch&#8220; f\u00fcr die Kinder noch interessanter wurde.<\/p>\n<p><img loading=\"lazy\" decoding=\"async\" class=\" wp-image-3673 alignleft\" src=\"https:\/\/gemeindebuechereikastl.de\/wp-content\/uploads\/2023\/01\/das-dschungelbuch-238x300.jpg\" alt=\"\" width=\"253\" height=\"319\" srcset=\"https:\/\/gemeindebuechereikastl.de\/wp-content\/uploads\/2023\/01\/das-dschungelbuch-238x300.jpg 238w, https:\/\/gemeindebuechereikastl.de\/wp-content\/uploads\/2023\/01\/das-dschungelbuch.jpg 646w\" sizes=\"auto, (max-width: 253px) 100vw, 253px\" \/>Mitten in der Nacht h\u00f6ren die Tiere des Dschungels ein grauenvolles Br\u00fcllen. Tiger Shir Khan ist sein letztes Opfer entwischt, das Findelkind Mowgli. Mithilfe von Baloo dem B\u00e4ren und Panther Bagheera wird der kleine Junge in die Dschungelgemeinschaft aufgenommen, lernt die Sprache der Tiere und besteht mit seinen beiden Besch\u00fctzern die wildesten Abenteuer. Doch kann er sich gegen seinen gr\u00f6\u00dften Feind wehren? Das, was im Dschungel mit Mogli uns seinen Freunden passiert, gab es bei der Vorlesestunde zu h\u00f6ren.<\/p>\n<p>Die Kinder kannten bis zu diesem Nachmittag nur den Film und waren vom Buch \u00fcberrascht. Nach dem Vorlesen unterhielten sich die Kinder mit Daniela Anheuser was es f\u00fcr Unterschiede zwischen Film und Buch gab.<\/p>\n<h4 style=\"text-align: center;\">Den n\u00e4chsten Vorlesenachmittag gibt es am 17. Februar, dieser steht unter dem Motto<br \/>\n\u201eDer Hobbit\u201c. Also vormerken und nichts wie hin!!<\/h4>\n<h4 style=\"text-align: center;\"><strong>Weiter Infos hier <a href=\"https:\/\/gemeindebuechereikastl.de\/wp-content\/uploads\/2022\/11\/Vorlesenachmittage-2022-23.pdf\">Vorlesenachmittage 2022-23<\/a><\/strong><\/h4>\n","protected":false},"excerpt":{"rendered":"<p>Freitag, 20. Januar &#8211; Probier\u2019s mal mit Gem\u00fctlichkeit \u2013 Vorlesenachmittag mit dem Dschungelbuch &#8222;Probier\u2019s mal mit Gem\u00fctlichkeit&#8220;, singt Balu, der B\u00e4r, in der weltbekannten Disney-Verfilmung des Dschungelbuchs. Dass es aber im Dschungel gar nicht so gem\u00fctlich zugeht, erfuhren die Kinder beim Januar Vorlesenachmittag in der Gemeindeb\u00fccherei Kastl. Frau Daniela Anheuser las den Kinderbuch-Klassiker \u201eDas Dschungelbuch\u201c &hellip; <\/p>\n<p><a class=\"more-link btn\" href=\"https:\/\/gemeindebuechereikastl.de\/?p=3690\">Weiterlesen<\/a><\/p>\n","protected":false},"author":1,"featured_media":3691,"comment_status":"closed","ping_status":"closed","sticky":false,"template":"","format":"standard","meta":{"footnotes":""},"categories":[5],"tags":[50,132],"class_list":["post-3690","post","type-post","status-publish","format-standard","has-post-thumbnail","hentry","category-news","tag-dschungelbuch","tag-vorlesenachmitag","item-wrap"],"_links":{"self":[{"href":"https:\/\/gemeindebuechereikastl.de\/index.php?rest_route=\/wp\/v2\/posts\/3690","targetHints":{"allow":["GET"]}}],"collection":[{"href":"https:\/\/gemeindebuechereikastl.de\/index.php?rest_route=\/wp\/v2\/posts"}],"about":[{"href":"https:\/\/gemeindebuechereikastl.de\/index.php?rest_route=\/wp\/v2\/types\/post"}],"author":[{"embeddable":true,"href":"https:\/\/gemeindebuechereikastl.de\/index.php?rest_route=\/wp\/v2\/users\/1"}],"replies":[{"embeddable":true,"href":"https:\/\/gemeindebuechereikastl.de\/index.php?rest_route=%2Fwp%2Fv2%2Fcomments&post=3690"}],"version-history":[{"count":2,"href":"https:\/\/gemeindebuechereikastl.de\/index.php?rest_route=\/wp\/v2\/posts\/3690\/revisions"}],"predecessor-version":[{"id":3695,"href":"https:\/\/gemeindebuechereikastl.de\/index.php?rest_route=\/wp\/v2\/posts\/3690\/revisions\/3695"}],"wp:featuredmedia":[{"embeddable":true,"href":"https:\/\/gemeindebuechereikastl.de\/index.php?rest_route=\/wp\/v2\/media\/3691"}],"wp:attachment":[{"href":"https:\/\/gemeindebuechereikastl.de\/index.php?rest_route=%2Fwp%2Fv2%2Fmedia&parent=3690"}],"wp:term":[{"taxonomy":"category","embeddable":true,"href":"https:\/\/gemeindebuechereikastl.de\/index.php?rest_route=%2Fwp%2Fv2%2Fcategories&post=3690"},{"taxonomy":"post_tag","embeddable":true,"href":"https:\/\/gemeindebuechereikastl.de\/index.php?rest_route=%2Fwp%2Fv2%2Ftags&post=3690"}],"curies":[{"name":"wp","href":"https:\/\/api.w.org\/{rel}","templated":true}]}}