{"id":3703,"date":"2023-02-03T12:24:47","date_gmt":"2023-02-03T12:24:47","guid":{"rendered":"https:\/\/gemeindebuechereikastl.de\/?p=3703"},"modified":"2023-02-03T12:28:03","modified_gmt":"2023-02-03T12:28:03","slug":"winterzeit-ist-lesezeit-grossartiges-angebot-an-buechern-und-anderen-medien-in-der-buecherei","status":"publish","type":"post","link":"https:\/\/gemeindebuechereikastl.de\/?p=3703","title":{"rendered":"Winterzeit ist Lesezeit &#8211; Gro\u00dfartiges Angebot an B\u00fcchern und anderen Medien in der B\u00fccherei"},"content":{"rendered":"<h2 style=\"text-align: center;\"><span style=\"color: #ff6600;\">Ein gro\u00dfes Angebot zum Ausleihen von ca. 9600 B\u00fcchern und weiteren Medien erwartet alle Interessierten in der Gemeindeb\u00fccherei Kastl in der Klosterbergstr. 1 zu den \u00d6ffnungszeiten.<\/span><\/h2>\n<h4><strong><img loading=\"lazy\" decoding=\"async\" class=\"aligncenter wp-image-1903 \" src=\"https:\/\/gemeindebuechereikastl.de\/wp-content\/uploads\/2021\/01\/Winteransicht-1-2021-1024x762.jpg\" alt=\"\" width=\"702\" height=\"522\" srcset=\"https:\/\/gemeindebuechereikastl.de\/wp-content\/uploads\/2021\/01\/Winteransicht-1-2021-1024x762.jpg 1024w, https:\/\/gemeindebuechereikastl.de\/wp-content\/uploads\/2021\/01\/Winteransicht-1-2021-300x223.jpg 300w, https:\/\/gemeindebuechereikastl.de\/wp-content\/uploads\/2021\/01\/Winteransicht-1-2021-768x571.jpg 768w, https:\/\/gemeindebuechereikastl.de\/wp-content\/uploads\/2021\/01\/Winteransicht-1-2021-1536x1143.jpg 1536w, https:\/\/gemeindebuechereikastl.de\/wp-content\/uploads\/2021\/01\/Winteransicht-1-2021-2048x1523.jpg 2048w, https:\/\/gemeindebuechereikastl.de\/wp-content\/uploads\/2021\/01\/Winteransicht-1-2021-750x558.jpg 750w\" sizes=\"auto, (max-width: 702px) 100vw, 702px\" \/><\/strong><\/h4>\n<h4><strong><img loading=\"lazy\" decoding=\"async\" class=\"alignright wp-image-2478 \" src=\"https:\/\/gemeindebuechereikastl.de\/wp-content\/uploads\/2021\/12\/EG-Blick-vom-Eingang-1603x1202.jpg\" alt=\"\" width=\"260\" height=\"195\" srcset=\"https:\/\/gemeindebuechereikastl.de\/wp-content\/uploads\/2021\/12\/EG-Blick-vom-Eingang-1603x1202.jpg 1603w, https:\/\/gemeindebuechereikastl.de\/wp-content\/uploads\/2021\/12\/EG-Blick-vom-Eingang-300x225.jpg 300w, https:\/\/gemeindebuechereikastl.de\/wp-content\/uploads\/2021\/12\/EG-Blick-vom-Eingang-768x576.jpg 768w, https:\/\/gemeindebuechereikastl.de\/wp-content\/uploads\/2021\/12\/EG-Blick-vom-Eingang-1536x1152.jpg 1536w, https:\/\/gemeindebuechereikastl.de\/wp-content\/uploads\/2021\/12\/EG-Blick-vom-Eingang-2048x1536.jpg 2048w, https:\/\/gemeindebuechereikastl.de\/wp-content\/uploads\/2021\/12\/EG-Blick-vom-Eingang-750x563.jpg 750w\" sizes=\"auto, (max-width: 260px) 100vw, 260px\" \/>Das Erdgescho\u00df ist haupts\u00e4chlich der Kinderliteratur vorbehalten, hier gibt es:<\/strong><\/h4>\n<p>* Bilderb\u00fccher f\u00fcr Kinder ab 2 Jahren<br \/>\n* Erstlese\u2013 und Vorleseb\u00fccher f\u00fcr Kinder von 6 bis 8 Jahre<br \/>\n* Kinderb\u00fccher bis 11 Jahre<br \/>\n* Kindersachb\u00fccher &#8211; Spannendes Wissen f\u00fcr Kinder<br \/>\n* H\u00f6rb\u00fccher mit Geschichten auf CD<br \/>\n* Tonies das neue Audi System f\u00fcr Kinder<br \/>\n* Spiele f\u00fcr Kinder und die ganze Familie<br \/>\n<img loading=\"lazy\" decoding=\"async\" class=\"alignleft wp-image-2484 \" src=\"https:\/\/gemeindebuechereikastl.de\/wp-content\/uploads\/2021\/12\/OG1-1603x1069.jpg\" alt=\"\" width=\"290\" height=\"193\" srcset=\"https:\/\/gemeindebuechereikastl.de\/wp-content\/uploads\/2021\/12\/OG1-1603x1069.jpg 1603w, https:\/\/gemeindebuechereikastl.de\/wp-content\/uploads\/2021\/12\/OG1-300x200.jpg 300w, https:\/\/gemeindebuechereikastl.de\/wp-content\/uploads\/2021\/12\/OG1-768x512.jpg 768w, https:\/\/gemeindebuechereikastl.de\/wp-content\/uploads\/2021\/12\/OG1-1536x1024.jpg 1536w, https:\/\/gemeindebuechereikastl.de\/wp-content\/uploads\/2021\/12\/OG1-2048x1365.jpg 2048w, https:\/\/gemeindebuechereikastl.de\/wp-content\/uploads\/2021\/12\/OG1-750x500.jpg 750w\" sizes=\"auto, (max-width: 290px) 100vw, 290px\" \/>* DVDs f\u00fcr Kinder und Erwachsene<br \/>\n* Zeitschriften ABOs f\u00fcr diverse Interessengruppen<\/p>\n<h4>Im Obergeschoss findet man Unterhaltungs\u2013 und Wissensliteratur f\u00fcr Erwachsene:<\/h4>\n<p>* Jugendb\u00fccher f\u00fcr Jugendliche ab 12 Jahren<br \/>\n* Unterhaltungsliteratur (Romane)<br \/>\n* Sachb\u00fccher aus verschiedenen Wissensgebieten<br \/>\n* H\u00f6rb\u00fccher auf CD f\u00fcr Erwachsene<\/p>\n<h4><strong><img loading=\"lazy\" decoding=\"async\" class=\"alignright wp-image-77 \" src=\"https:\/\/gemeindebuechereikastl.de\/wp-content\/uploads\/2018\/01\/Leo-nord.jpg\" alt=\"\" width=\"167\" height=\"166\" srcset=\"https:\/\/gemeindebuechereikastl.de\/wp-content\/uploads\/2018\/01\/Leo-nord.jpg 230w, https:\/\/gemeindebuechereikastl.de\/wp-content\/uploads\/2018\/01\/Leo-nord-150x150.jpg 150w, https:\/\/gemeindebuechereikastl.de\/wp-content\/uploads\/2018\/01\/Leo-nord-60x60.jpg 60w\" sizes=\"auto, (max-width: 167px) 100vw, 167px\" \/>Neben dem gro\u00dfen Buch- und Medienangebot in der B\u00fccherei selbst &#8211; Online nochmals ca. 30.000 E-Medien (eBooks \/ eAudios \/ eMagazine \/ ePaper) auf LEO-NORD zum Entleihen<\/strong><\/h4>\n<p>Unser E-Medien Angebot unter <strong><a href=\"https:\/\/leo-nord.onleihe.de\">https:\/\/leo-nord.onleihe.de<\/a> <\/strong>kann 24 Stunden am Tag, 12 Monate das ganz Jahr hindurch genutzt werden.<\/p>\n<p style=\"text-align: center;\"><strong><span style=\"color: #ff0000;\">F\u00fcr alle Leserinnen und Leser der Gemeindeb\u00fccherei Kastl ist die Anmeldung bei \u201eLEO-NORD\u201c\u00a0 KOSTENLOS!!!<\/span><\/strong><\/p>\n<h4><strong>Weitere Infos zu allen B\u00fcchern und Medien in der Gemeindeb\u00fccherei Kastl finden Sie in unserem <a href=\"https:\/\/iopac.gemeindebuechereikastl.de\/iopac\/\">Online-Katalog<\/a> sowie die Infos und Auswahl f\u00fcr die E-Medien gibt es unter <a href=\"https:\/\/leo-nord.onleihe.de\/\">www.leo-nord.de<\/a><\/strong><\/h4>\n<p>&nbsp;<\/p>\n","protected":false},"excerpt":{"rendered":"<p>Ein gro\u00dfes Angebot zum Ausleihen von ca. 9600 B\u00fcchern und weiteren Medien erwartet alle Interessierten in der Gemeindeb\u00fccherei Kastl in der Klosterbergstr. 1 zu den \u00d6ffnungszeiten. Das Erdgescho\u00df ist haupts\u00e4chlich der Kinderliteratur vorbehalten, hier gibt es: * Bilderb\u00fccher f\u00fcr Kinder ab 2 Jahren * Erstlese\u2013 und Vorleseb\u00fccher f\u00fcr Kinder von 6 bis 8 Jahre * &hellip; <\/p>\n<p><a class=\"more-link btn\" href=\"https:\/\/gemeindebuechereikastl.de\/?p=3703\">Weiterlesen<\/a><\/p>\n","protected":false},"author":1,"featured_media":1903,"comment_status":"closed","ping_status":"closed","sticky":false,"template":"","format":"standard","meta":{"footnotes":""},"categories":[5],"tags":[117,58,434,152,433,90],"class_list":["post-3703","post","type-post","status-publish","format-standard","has-post-thumbnail","hentry","category-news","tag-angebot","tag-buecher","tag-e-medien","tag-ebooks","tag-erwachsene","tag-kinder","item-wrap"],"_links":{"self":[{"href":"https:\/\/gemeindebuechereikastl.de\/index.php?rest_route=\/wp\/v2\/posts\/3703","targetHints":{"allow":["GET"]}}],"collection":[{"href":"https:\/\/gemeindebuechereikastl.de\/index.php?rest_route=\/wp\/v2\/posts"}],"about":[{"href":"https:\/\/gemeindebuechereikastl.de\/index.php?rest_route=\/wp\/v2\/types\/post"}],"author":[{"embeddable":true,"href":"https:\/\/gemeindebuechereikastl.de\/index.php?rest_route=\/wp\/v2\/users\/1"}],"replies":[{"embeddable":true,"href":"https:\/\/gemeindebuechereikastl.de\/index.php?rest_route=%2Fwp%2Fv2%2Fcomments&post=3703"}],"version-history":[{"count":6,"href":"https:\/\/gemeindebuechereikastl.de\/index.php?rest_route=\/wp\/v2\/posts\/3703\/revisions"}],"predecessor-version":[{"id":3709,"href":"https:\/\/gemeindebuechereikastl.de\/index.php?rest_route=\/wp\/v2\/posts\/3703\/revisions\/3709"}],"wp:featuredmedia":[{"embeddable":true,"href":"https:\/\/gemeindebuechereikastl.de\/index.php?rest_route=\/wp\/v2\/media\/1903"}],"wp:attachment":[{"href":"https:\/\/gemeindebuechereikastl.de\/index.php?rest_route=%2Fwp%2Fv2%2Fmedia&parent=3703"}],"wp:term":[{"taxonomy":"category","embeddable":true,"href":"https:\/\/gemeindebuechereikastl.de\/index.php?rest_route=%2Fwp%2Fv2%2Fcategories&post=3703"},{"taxonomy":"post_tag","embeddable":true,"href":"https:\/\/gemeindebuechereikastl.de\/index.php?rest_route=%2Fwp%2Fv2%2Ftags&post=3703"}],"curies":[{"name":"wp","href":"https:\/\/api.w.org\/{rel}","templated":true}]}}