{"id":3715,"date":"2023-02-15T14:22:05","date_gmt":"2023-02-15T14:22:05","guid":{"rendered":"https:\/\/gemeindebuechereikastl.de\/?p=3715"},"modified":"2023-02-16T07:10:25","modified_gmt":"2023-02-16T07:10:25","slug":"in-einem-loch-im-boden-da-lebte-ein-hobbit-vorlesenachmittag-am-17-februar","status":"publish","type":"post","link":"https:\/\/gemeindebuechereikastl.de\/?p=3715","title":{"rendered":"In einem Loch im Boden, da lebte ein Hobbit &#8211; Vorlesenachmittag am 17. Februar"},"content":{"rendered":"<h2 style=\"text-align: center;\"><span style=\"color: #ff6600;\">Fantasy-Vorlesenachmittag am Freitg, 17. Februar um 14.30 Uhr mit dem Hobbit<\/span><\/h2>\n<p><img loading=\"lazy\" decoding=\"async\" class=\"aligncenter wp-image-3716 \" src=\"https:\/\/gemeindebuechereikastl.de\/wp-content\/uploads\/2023\/02\/hobbit-1603x1073.jpg\" alt=\"\" width=\"704\" height=\"471\" srcset=\"https:\/\/gemeindebuechereikastl.de\/wp-content\/uploads\/2023\/02\/hobbit-1603x1073.jpg 1603w, https:\/\/gemeindebuechereikastl.de\/wp-content\/uploads\/2023\/02\/hobbit-300x201.jpg 300w, https:\/\/gemeindebuechereikastl.de\/wp-content\/uploads\/2023\/02\/hobbit-768x514.jpg 768w, https:\/\/gemeindebuechereikastl.de\/wp-content\/uploads\/2023\/02\/hobbit-1536x1028.jpg 1536w, https:\/\/gemeindebuechereikastl.de\/wp-content\/uploads\/2023\/02\/hobbit-750x502.jpg 750w, https:\/\/gemeindebuechereikastl.de\/wp-content\/uploads\/2023\/02\/hobbit.jpg 1920w\" sizes=\"auto, (max-width: 704px) 100vw, 704px\" \/><\/p>\n<p>&#8222;In einem Loch im Boden, da lebte ein Hobbit\u201c. Mit diesem ber\u00fchmten Satz begann vor mehr als sechzig Jahren der Siegeszug der Fantasy-Literatur. Der Hobbit ein Fantasyroman f\u00fcr Kinder von J. R. R. Tolkien.<\/p>\n<p>Der Kinderbuch-Klassiker \u201eDer kleine Hobbit\u201c von Tolkien ist im Februar Thema des Vorlesenachmittages in der Kastler B\u00fccherei. Die Erz\u00e4hlung war vor allem als M\u00e4rchen f\u00fcr Tolkiens Kinder gedacht, und der Autor war vom gro\u00dfen Erfolg selbst \u00fcberrascht. <img loading=\"lazy\" decoding=\"async\" class=\"alignright wp-image-3717 \" src=\"https:\/\/gemeindebuechereikastl.de\/wp-content\/uploads\/2023\/02\/hobbit2-1603x1070.jpg\" alt=\"\" width=\"297\" height=\"199\" srcset=\"https:\/\/gemeindebuechereikastl.de\/wp-content\/uploads\/2023\/02\/hobbit2-1603x1070.jpg 1603w, https:\/\/gemeindebuechereikastl.de\/wp-content\/uploads\/2023\/02\/hobbit2-300x200.jpg 300w, https:\/\/gemeindebuechereikastl.de\/wp-content\/uploads\/2023\/02\/hobbit2-768x512.jpg 768w, https:\/\/gemeindebuechereikastl.de\/wp-content\/uploads\/2023\/02\/hobbit2-1536x1025.jpg 1536w, https:\/\/gemeindebuechereikastl.de\/wp-content\/uploads\/2023\/02\/hobbit2-750x500.jpg 750w, https:\/\/gemeindebuechereikastl.de\/wp-content\/uploads\/2023\/02\/hobbit2.jpg 1920w\" sizes=\"auto, (max-width: 297px) 100vw, 297px\" \/><\/p>\n<p>Der Hobbit Bilbo Beutlin wird von dem Zauberer Gandalf aus seinem idyllischen Leben gerissen und besteht zusammen mit 13 Zwergen sagenhafte Abenteuer unter Trollen, Elben und Orks. Am Ende wird der Drache Smaug besiegt und der Schatz der Zwerge zur\u00fcckerobert.<\/p>\n<p>Auf die Kinder wartet neben dem Vorlesen untermalt mit Bildern auf einer Leinwand die Geschichten um den Hobbit und seine Abenteuer.<\/p>\n","protected":false},"excerpt":{"rendered":"<p>Fantasy-Vorlesenachmittag am Freitg, 17. Februar um 14.30 Uhr mit dem Hobbit &#8222;In einem Loch im Boden, da lebte ein Hobbit\u201c. Mit diesem ber\u00fchmten Satz begann vor mehr als sechzig Jahren der Siegeszug der Fantasy-Literatur. Der Hobbit ein Fantasyroman f\u00fcr Kinder von J. R. R. Tolkien. Der Kinderbuch-Klassiker \u201eDer kleine Hobbit\u201c von Tolkien ist im Februar &hellip; <\/p>\n<p><a class=\"more-link btn\" href=\"https:\/\/gemeindebuechereikastl.de\/?p=3715\">Weiterlesen<\/a><\/p>\n","protected":false},"author":1,"featured_media":3716,"comment_status":"closed","ping_status":"closed","sticky":false,"template":"","format":"standard","meta":{"footnotes":""},"categories":[5],"tags":[92,139,10],"class_list":["post-3715","post","type-post","status-publish","format-standard","has-post-thumbnail","hentry","category-news","tag-fantasy","tag-hobbit","tag-vorlesenachmittag","item-wrap"],"_links":{"self":[{"href":"https:\/\/gemeindebuechereikastl.de\/index.php?rest_route=\/wp\/v2\/posts\/3715","targetHints":{"allow":["GET"]}}],"collection":[{"href":"https:\/\/gemeindebuechereikastl.de\/index.php?rest_route=\/wp\/v2\/posts"}],"about":[{"href":"https:\/\/gemeindebuechereikastl.de\/index.php?rest_route=\/wp\/v2\/types\/post"}],"author":[{"embeddable":true,"href":"https:\/\/gemeindebuechereikastl.de\/index.php?rest_route=\/wp\/v2\/users\/1"}],"replies":[{"embeddable":true,"href":"https:\/\/gemeindebuechereikastl.de\/index.php?rest_route=%2Fwp%2Fv2%2Fcomments&post=3715"}],"version-history":[{"count":3,"href":"https:\/\/gemeindebuechereikastl.de\/index.php?rest_route=\/wp\/v2\/posts\/3715\/revisions"}],"predecessor-version":[{"id":3720,"href":"https:\/\/gemeindebuechereikastl.de\/index.php?rest_route=\/wp\/v2\/posts\/3715\/revisions\/3720"}],"wp:featuredmedia":[{"embeddable":true,"href":"https:\/\/gemeindebuechereikastl.de\/index.php?rest_route=\/wp\/v2\/media\/3716"}],"wp:attachment":[{"href":"https:\/\/gemeindebuechereikastl.de\/index.php?rest_route=%2Fwp%2Fv2%2Fmedia&parent=3715"}],"wp:term":[{"taxonomy":"category","embeddable":true,"href":"https:\/\/gemeindebuechereikastl.de\/index.php?rest_route=%2Fwp%2Fv2%2Fcategories&post=3715"},{"taxonomy":"post_tag","embeddable":true,"href":"https:\/\/gemeindebuechereikastl.de\/index.php?rest_route=%2Fwp%2Fv2%2Ftags&post=3715"}],"curies":[{"name":"wp","href":"https:\/\/api.w.org\/{rel}","templated":true}]}}