{"id":3721,"date":"2023-02-18T14:20:14","date_gmt":"2023-02-18T14:20:14","guid":{"rendered":"https:\/\/gemeindebuechereikastl.de\/?p=3721"},"modified":"2023-02-18T14:22:02","modified_gmt":"2023-02-18T14:22:02","slug":"gemeindebuecherei-ein-hoffnungsort-fuer-alle-erfolgreiches-buechereijahr-2022","status":"publish","type":"post","link":"https:\/\/gemeindebuechereikastl.de\/?p=3721","title":{"rendered":"Gemeindeb\u00fccherei Kastl ein Hoffnungsort f\u00fcr alle &#8211; erfolgreiches B\u00fcchereijahr 2022"},"content":{"rendered":"<h2 style=\"text-align: center;\"><span style=\"color: #ff6600;\"><strong>Bei der Kuratoriumssitzung konnte von einem sehr erfolgreichen B\u00fccherjahr 2022 berichtet werden<\/strong><\/span><\/h2>\n<p><img loading=\"lazy\" decoding=\"async\" class=\"aligncenter wp-image-3722 \" src=\"https:\/\/gemeindebuechereikastl.de\/wp-content\/uploads\/2023\/02\/Kuratoriumssitzung-Buecherei-1603x902.jpg\" alt=\"\" width=\"738\" height=\"415\" srcset=\"https:\/\/gemeindebuechereikastl.de\/wp-content\/uploads\/2023\/02\/Kuratoriumssitzung-Buecherei-1603x902.jpg 1603w, https:\/\/gemeindebuechereikastl.de\/wp-content\/uploads\/2023\/02\/Kuratoriumssitzung-Buecherei-300x169.jpg 300w, https:\/\/gemeindebuechereikastl.de\/wp-content\/uploads\/2023\/02\/Kuratoriumssitzung-Buecherei-768x432.jpg 768w, https:\/\/gemeindebuechereikastl.de\/wp-content\/uploads\/2023\/02\/Kuratoriumssitzung-Buecherei-1536x865.jpg 1536w, https:\/\/gemeindebuechereikastl.de\/wp-content\/uploads\/2023\/02\/Kuratoriumssitzung-Buecherei-2048x1153.jpg 2048w, https:\/\/gemeindebuechereikastl.de\/wp-content\/uploads\/2023\/02\/Kuratoriumssitzung-Buecherei-750x422.jpg 750w\" sizes=\"auto, (max-width: 738px) 100vw, 738px\" \/><\/p>\n<p>B\u00fcchereileiter Georg D\u00fcrr und Christa Kastner konten in der Kuratoriumssitzung den beiden Tr\u00e4gern der B\u00fccherei, Pfarrer Johannes Arweck und B\u00fcrgermeister Stefan Braun von einem erfolgreichem B\u00fcchereijahr 2022 berichten. Trotz der Einschr\u00e4nkungen der Corona Pandemie die noch Anfang des Jahres galten, konnten die B\u00fccherei f\u00fcr 2022 einen gro\u00dfartigen Erfolg verbuchen. Die Kastler B\u00fccherei war ein sogenannter <strong>\u201eHoffnungsort\u201c<\/strong> f\u00fcr die Leser.<\/p>\n<p>Trotz der Corona Pandemie konnte das Team die stattliche Zahl von 16.716 Entleihungen im Jahr 2022 verbuchen. Dies ist eine Steigerung von 28% gegen\u00fcber dem Vorjahr. Summarisch konnte man im vergangenen Jahr \u00fcber 4.500 Besucher in der B\u00fccherei und zus\u00e4tzlich weitere 1.600 bei den Veranstaltungen der B\u00fccherei begr\u00fc\u00dfen und nochmals fast 76.000 Zugriffe auf die Homepage der B\u00fccherei konnten gez\u00e4hlt werden. Zu der gro\u00dfen Zahl der Benutzer kamen 74 neue Leser dazu. Allen Interessenten stehen in der Kastler B\u00fccherei 9613 B\u00fccher und Medien in der B\u00fccherei selbst und nochmals fast 30.000 E-Books virtuell im Onleihe Verbund Leo Nord zur Verf\u00fcgung.<\/p>\n<p>Die 25 ehrenamtlichen Mitarbeiter\/innen haben im vergangenen Jahr \u00fcber 3.300 unentgeltliche Stunden f\u00fcr die Arbeiten in der B\u00fccherei geleistet, dazu z\u00e4hlen neben den Stunden bei den \u00d6ffnungszeiten auch die Vorbereitung und Durchf\u00fchrung von Veranstaltungen, sowie die Verwaltungsarbeiten und die nicht unerheblichen Stunden f\u00fcr die Fortbildung.<\/p>\n<p>Einen gro\u00dfen Eindruck hinterlie\u00df das Team der Gemeindeb\u00fccherei Kastl beim Besuch der neunen Leiterin de<img loading=\"lazy\" decoding=\"async\" class=\"wp-image-2820 alignleft\" src=\"https:\/\/gemeindebuechereikastl.de\/wp-content\/uploads\/2022\/04\/Besuch-Claudia-Pecher-1603x1202.jpg\" alt=\"\" width=\"527\" height=\"395\" srcset=\"https:\/\/gemeindebuechereikastl.de\/wp-content\/uploads\/2022\/04\/Besuch-Claudia-Pecher-1603x1202.jpg 1603w, https:\/\/gemeindebuechereikastl.de\/wp-content\/uploads\/2022\/04\/Besuch-Claudia-Pecher-300x225.jpg 300w, https:\/\/gemeindebuechereikastl.de\/wp-content\/uploads\/2022\/04\/Besuch-Claudia-Pecher-768x576.jpg 768w, https:\/\/gemeindebuechereikastl.de\/wp-content\/uploads\/2022\/04\/Besuch-Claudia-Pecher-1536x1152.jpg 1536w, https:\/\/gemeindebuechereikastl.de\/wp-content\/uploads\/2022\/04\/Besuch-Claudia-Pecher-2048x1536.jpg 2048w, https:\/\/gemeindebuechereikastl.de\/wp-content\/uploads\/2022\/04\/Besuch-Claudia-Pecher-750x563.jpg 750w\" sizes=\"auto, (max-width: 527px) 100vw, 527px\" \/>r Landesfachstelle des Sankt Michaelsbundes in M\u00fcnchen, Frau Dr. Claudia Pecher. Sie war zu einem Informationsbesuch in die Kastler B\u00fccherei gekommen und zeigte sich positiv \u00fcberrascht von der gro\u00dfartigen B\u00fccherei selbst und vor allem von der brillanten Veranstaltungsarbeit des B\u00fcchereiteams. Das Team hat mit seiner gro\u00dfartigen B\u00fcchereiarbeit einen nachhaltigen Eindruck hinterlassen!<\/p>\n","protected":false},"excerpt":{"rendered":"<p>Bei der Kuratoriumssitzung konnte von einem sehr erfolgreichen B\u00fccherjahr 2022 berichtet werden B\u00fcchereileiter Georg D\u00fcrr und Christa Kastner konten in der Kuratoriumssitzung den beiden Tr\u00e4gern der B\u00fccherei, Pfarrer Johannes Arweck und B\u00fcrgermeister Stefan Braun von einem erfolgreichem B\u00fcchereijahr 2022 berichten. Trotz der Einschr\u00e4nkungen der Corona Pandemie die noch Anfang des Jahres galten, konnten die B\u00fccherei &hellip; <\/p>\n<p><a class=\"more-link btn\" href=\"https:\/\/gemeindebuechereikastl.de\/?p=3721\">Weiterlesen<\/a><\/p>\n","protected":false},"author":1,"featured_media":3722,"comment_status":"closed","ping_status":"closed","sticky":false,"template":"","format":"standard","meta":{"footnotes":""},"categories":[5],"tags":[435,321],"class_list":["post-3721","post","type-post","status-publish","format-standard","has-post-thumbnail","hentry","category-news","tag-entleihzahlen","tag-kuratoriumssitzung","item-wrap"],"_links":{"self":[{"href":"https:\/\/gemeindebuechereikastl.de\/index.php?rest_route=\/wp\/v2\/posts\/3721","targetHints":{"allow":["GET"]}}],"collection":[{"href":"https:\/\/gemeindebuechereikastl.de\/index.php?rest_route=\/wp\/v2\/posts"}],"about":[{"href":"https:\/\/gemeindebuechereikastl.de\/index.php?rest_route=\/wp\/v2\/types\/post"}],"author":[{"embeddable":true,"href":"https:\/\/gemeindebuechereikastl.de\/index.php?rest_route=\/wp\/v2\/users\/1"}],"replies":[{"embeddable":true,"href":"https:\/\/gemeindebuechereikastl.de\/index.php?rest_route=%2Fwp%2Fv2%2Fcomments&post=3721"}],"version-history":[{"count":4,"href":"https:\/\/gemeindebuechereikastl.de\/index.php?rest_route=\/wp\/v2\/posts\/3721\/revisions"}],"predecessor-version":[{"id":3726,"href":"https:\/\/gemeindebuechereikastl.de\/index.php?rest_route=\/wp\/v2\/posts\/3721\/revisions\/3726"}],"wp:featuredmedia":[{"embeddable":true,"href":"https:\/\/gemeindebuechereikastl.de\/index.php?rest_route=\/wp\/v2\/media\/3722"}],"wp:attachment":[{"href":"https:\/\/gemeindebuechereikastl.de\/index.php?rest_route=%2Fwp%2Fv2%2Fmedia&parent=3721"}],"wp:term":[{"taxonomy":"category","embeddable":true,"href":"https:\/\/gemeindebuechereikastl.de\/index.php?rest_route=%2Fwp%2Fv2%2Fcategories&post=3721"},{"taxonomy":"post_tag","embeddable":true,"href":"https:\/\/gemeindebuechereikastl.de\/index.php?rest_route=%2Fwp%2Fv2%2Ftags&post=3721"}],"curies":[{"name":"wp","href":"https:\/\/api.w.org\/{rel}","templated":true}]}}