{"id":3727,"date":"2023-02-19T12:10:55","date_gmt":"2023-02-19T12:10:55","guid":{"rendered":"https:\/\/gemeindebuechereikastl.de\/?p=3727"},"modified":"2023-02-22T11:00:01","modified_gmt":"2023-02-22T11:00:01","slug":"team-der-gemeidnebuecherei-kastl-wuenscht-schoene-faschingstage","status":"publish","type":"post","link":"https:\/\/gemeindebuechereikastl.de\/?p=3727","title":{"rendered":"Team der Gemeindeb\u00fccherei Kastl w\u00fcnscht sch\u00f6ne Faschingstage"},"content":{"rendered":"<h2 style=\"text-align: center;\"><span style=\"color: #ff6600;\">Helau und Alaaf<\/span><\/h2>\n<p><img loading=\"lazy\" decoding=\"async\" class=\"wp-image-3728 size-full alignnone\" src=\"https:\/\/gemeindebuechereikastl.de\/wp-content\/uploads\/2023\/02\/Fasching-Leo-Nord.jpg\" alt=\"\" width=\"1280\" height=\"720\" srcset=\"https:\/\/gemeindebuechereikastl.de\/wp-content\/uploads\/2023\/02\/Fasching-Leo-Nord.jpg 1280w, https:\/\/gemeindebuechereikastl.de\/wp-content\/uploads\/2023\/02\/Fasching-Leo-Nord-300x169.jpg 300w, https:\/\/gemeindebuechereikastl.de\/wp-content\/uploads\/2023\/02\/Fasching-Leo-Nord-768x432.jpg 768w, https:\/\/gemeindebuechereikastl.de\/wp-content\/uploads\/2023\/02\/Fasching-Leo-Nord-750x422.jpg 750w\" sizes=\"auto, (max-width: 1280px) 100vw, 1280px\" \/><\/p>\n<p style=\"text-align: center;\">&#x1f973;&#x1f973; Deine Onleihe und das B\u00fcchereiteam w\u00fcnscht sch\u00f6ne Faschingstage und ist selbstverst\u00e4ndlich<br \/>\n24 Stunden am Tag und 365 Tage im Jahr ortsunabh\u00e4ngig zur Ausleihe bereit &#8211; nat\u00fcrlich nur mit einem g\u00fcltigen B\u00fcchereiausweis &#x1f609;&#x1f929;<\/p>\n<p style=\"text-align: center;\"><strong>Gemeindeb\u00fccherei Kastl am Faschingsdienstag geschlossen aber <span style=\"color: #ff0000;\"><a style=\"color: #ff0000;\" href=\"https:\/\/leo-nord.onleihe.de\/\">Leo Nord<\/a><\/span> ist den ganzen Tag ge\u00f6ffnet !!<\/strong><\/p>\n","protected":false},"excerpt":{"rendered":"<p>Helau und Alaaf &#x1f973;&#x1f973; Deine Onleihe und das B\u00fcchereiteam w\u00fcnscht sch\u00f6ne Faschingstage und ist selbstverst\u00e4ndlich 24 Stunden am Tag und 365 Tage im Jahr ortsunabh\u00e4ngig zur Ausleihe bereit &#8211; nat\u00fcrlich nur mit einem g\u00fcltigen B\u00fcchereiausweis &#x1f609;&#x1f929; Gemeindeb\u00fccherei Kastl am Faschingsdienstag geschlossen aber Leo Nord ist den ganzen Tag ge\u00f6ffnet !!<\/p>\n","protected":false},"author":1,"featured_media":3728,"comment_status":"closed","ping_status":"closed","sticky":false,"template":"","format":"standard","meta":{"footnotes":""},"categories":[5],"tags":[436,437],"class_list":["post-3727","post","type-post","status-publish","format-standard","has-post-thumbnail","hentry","category-news","tag-fasching","tag-leoe-nord","item-wrap"],"_links":{"self":[{"href":"https:\/\/gemeindebuechereikastl.de\/index.php?rest_route=\/wp\/v2\/posts\/3727","targetHints":{"allow":["GET"]}}],"collection":[{"href":"https:\/\/gemeindebuechereikastl.de\/index.php?rest_route=\/wp\/v2\/posts"}],"about":[{"href":"https:\/\/gemeindebuechereikastl.de\/index.php?rest_route=\/wp\/v2\/types\/post"}],"author":[{"embeddable":true,"href":"https:\/\/gemeindebuechereikastl.de\/index.php?rest_route=\/wp\/v2\/users\/1"}],"replies":[{"embeddable":true,"href":"https:\/\/gemeindebuechereikastl.de\/index.php?rest_route=%2Fwp%2Fv2%2Fcomments&post=3727"}],"version-history":[{"count":6,"href":"https:\/\/gemeindebuechereikastl.de\/index.php?rest_route=\/wp\/v2\/posts\/3727\/revisions"}],"predecessor-version":[{"id":3734,"href":"https:\/\/gemeindebuechereikastl.de\/index.php?rest_route=\/wp\/v2\/posts\/3727\/revisions\/3734"}],"wp:featuredmedia":[{"embeddable":true,"href":"https:\/\/gemeindebuechereikastl.de\/index.php?rest_route=\/wp\/v2\/media\/3728"}],"wp:attachment":[{"href":"https:\/\/gemeindebuechereikastl.de\/index.php?rest_route=%2Fwp%2Fv2%2Fmedia&parent=3727"}],"wp:term":[{"taxonomy":"category","embeddable":true,"href":"https:\/\/gemeindebuechereikastl.de\/index.php?rest_route=%2Fwp%2Fv2%2Fcategories&post=3727"},{"taxonomy":"post_tag","embeddable":true,"href":"https:\/\/gemeindebuechereikastl.de\/index.php?rest_route=%2Fwp%2Fv2%2Ftags&post=3727"}],"curies":[{"name":"wp","href":"https:\/\/api.w.org\/{rel}","templated":true}]}}