{"id":3735,"date":"2023-02-22T13:10:18","date_gmt":"2023-02-22T13:10:18","guid":{"rendered":"https:\/\/gemeindebuechereikastl.de\/?p=3735"},"modified":"2023-03-01T09:23:10","modified_gmt":"2023-03-01T09:23:10","slug":"aenderung-termin-der-vorlesenachmittage-fuer-maerz-und-april","status":"publish","type":"post","link":"https:\/\/gemeindebuechereikastl.de\/?p=3735","title":{"rendered":"\u00c4nderung der Termine f\u00fcr die Vorlesenachmittage im M\u00e4rz und April"},"content":{"rendered":"<h2 style=\"text-align: center;\"><span style=\"color: #ff6600;\"><strong>Die VORLESEZEIT in der B\u00fccherei im M\u00e4rz und April von Freitagnachmittag auf Samstagvormittag verlegt!<\/strong><\/span><\/h2>\n<p><img loading=\"lazy\" decoding=\"async\" class=\"wp-image-3453 aligncenter\" src=\"https:\/\/gemeindebuechereikastl.de\/wp-content\/uploads\/2022\/11\/vorlesen.jpg\" alt=\"\" width=\"670\" height=\"595\" srcset=\"https:\/\/gemeindebuechereikastl.de\/wp-content\/uploads\/2022\/11\/vorlesen.jpg 1338w, https:\/\/gemeindebuechereikastl.de\/wp-content\/uploads\/2022\/11\/vorlesen-300x266.jpg 300w, https:\/\/gemeindebuechereikastl.de\/wp-content\/uploads\/2022\/11\/vorlesen-768x682.jpg 768w, https:\/\/gemeindebuechereikastl.de\/wp-content\/uploads\/2022\/11\/vorlesen-750x666.jpg 750w\" sizes=\"auto, (max-width: 670px) 100vw, 670px\" \/><\/p>\n<p style=\"text-align: center;\"><strong>Da der Vorlesenachmittag im Februar wegen Termin\u00fcberschneidungen leider ausgefallen ist und am Freitagnachmittag viele andere Aktionen gleichzeitig stattfinden, hat sich das Team entschlossen die VORLESEZEIT\u00a0 am Samstagvormittag von 10.00 bis 11.00 Uhr anzubieten.<\/strong><\/p>\n<h2 style=\"text-align: center;\"><span style=\"color: #ff0000;\">VORLESEZEIT\u00a0 IM M\u00c4RZ\u00a0 UND\u00a0 APRIL<\/span><\/h2>\n<h4 style=\"text-align: center;\"><span style=\"color: #3366ff;\"><strong>SOMMERBY &#8211; Samstag, 18. M\u00e4rz ab 10.00 Uhr<\/strong><\/span><\/h4>\n<h4 style=\"text-align: center;\"><span style=\"color: #3366ff;\">DIE\u00a0 TULPENZWIEBEL &#8211; Samstag, 22. April ab 10.00 Uhr<\/span><\/h4>\n<h3 style=\"text-align: center;\"><a href=\"https:\/\/gemeindebuechereikastl.de\/wp-content\/uploads\/2023\/02\/Vorlesenachmittage-Neu-2023.pdf\"><span style=\"color: #ff0000;\"><em>Weitere Infos im neuen Flyer zum Download<\/em><\/span><\/a><\/h3>\n","protected":false},"excerpt":{"rendered":"<p>Die VORLESEZEIT in der B\u00fccherei im M\u00e4rz und April von Freitagnachmittag auf Samstagvormittag verlegt! Da der Vorlesenachmittag im Februar wegen Termin\u00fcberschneidungen leider ausgefallen ist und am Freitagnachmittag viele andere Aktionen gleichzeitig stattfinden, hat sich das Team entschlossen die VORLESEZEIT\u00a0 am Samstagvormittag von 10.00 bis 11.00 Uhr anzubieten. VORLESEZEIT\u00a0 IM M\u00c4RZ\u00a0 UND\u00a0 APRIL SOMMERBY &#8211; Samstag, &hellip; <\/p>\n<p><a class=\"more-link btn\" href=\"https:\/\/gemeindebuechereikastl.de\/?p=3735\">Weiterlesen<\/a><\/p>\n","protected":false},"author":1,"featured_media":3453,"comment_status":"closed","ping_status":"closed","sticky":false,"template":"","format":"standard","meta":{"footnotes":""},"categories":[1],"tags":[438,80,173],"class_list":["post-3735","post","type-post","status-publish","format-standard","has-post-thumbnail","hentry","category-team","tag-termin","tag-vorlesen","tag-vorlesezeit","item-wrap"],"_links":{"self":[{"href":"https:\/\/gemeindebuechereikastl.de\/index.php?rest_route=\/wp\/v2\/posts\/3735","targetHints":{"allow":["GET"]}}],"collection":[{"href":"https:\/\/gemeindebuechereikastl.de\/index.php?rest_route=\/wp\/v2\/posts"}],"about":[{"href":"https:\/\/gemeindebuechereikastl.de\/index.php?rest_route=\/wp\/v2\/types\/post"}],"author":[{"embeddable":true,"href":"https:\/\/gemeindebuechereikastl.de\/index.php?rest_route=\/wp\/v2\/users\/1"}],"replies":[{"embeddable":true,"href":"https:\/\/gemeindebuechereikastl.de\/index.php?rest_route=%2Fwp%2Fv2%2Fcomments&post=3735"}],"version-history":[{"count":8,"href":"https:\/\/gemeindebuechereikastl.de\/index.php?rest_route=\/wp\/v2\/posts\/3735\/revisions"}],"predecessor-version":[{"id":3746,"href":"https:\/\/gemeindebuechereikastl.de\/index.php?rest_route=\/wp\/v2\/posts\/3735\/revisions\/3746"}],"wp:featuredmedia":[{"embeddable":true,"href":"https:\/\/gemeindebuechereikastl.de\/index.php?rest_route=\/wp\/v2\/media\/3453"}],"wp:attachment":[{"href":"https:\/\/gemeindebuechereikastl.de\/index.php?rest_route=%2Fwp%2Fv2%2Fmedia&parent=3735"}],"wp:term":[{"taxonomy":"category","embeddable":true,"href":"https:\/\/gemeindebuechereikastl.de\/index.php?rest_route=%2Fwp%2Fv2%2Fcategories&post=3735"},{"taxonomy":"post_tag","embeddable":true,"href":"https:\/\/gemeindebuechereikastl.de\/index.php?rest_route=%2Fwp%2Fv2%2Ftags&post=3735"}],"curies":[{"name":"wp","href":"https:\/\/api.w.org\/{rel}","templated":true}]}}