{"id":3747,"date":"2023-02-25T13:26:19","date_gmt":"2023-02-25T13:26:19","guid":{"rendered":"https:\/\/gemeindebuechereikastl.de\/?p=3747"},"modified":"2023-02-25T13:35:32","modified_gmt":"2023-02-25T13:35:32","slug":"neue-buchausstellungen-fuer-kinder-zum-thema-musik-und-aktivitaeten-fuer-familien","status":"publish","type":"post","link":"https:\/\/gemeindebuechereikastl.de\/?p=3747","title":{"rendered":"Buchausstellungen f\u00fcr Kinder zum Thema Musik gibt es neu im Erdgeschoss"},"content":{"rendered":"<h2 style=\"text-align: center;\"><span style=\"color: #ff6600;\">Neue Buchausstellung zu &#8222;Wir machen Musik&#8220; f\u00fcr Kinder im Erdgeschoss<\/span><\/h2>\n<h4><strong><img loading=\"lazy\" decoding=\"async\" class=\"alignleft wp-image-3748 \" src=\"https:\/\/gemeindebuechereikastl.de\/wp-content\/uploads\/2023\/02\/Musikbuecher-823x1206.jpg\" alt=\"\" width=\"294\" height=\"431\" srcset=\"https:\/\/gemeindebuechereikastl.de\/wp-content\/uploads\/2023\/02\/Musikbuecher-823x1206.jpg 823w, https:\/\/gemeindebuechereikastl.de\/wp-content\/uploads\/2023\/02\/Musikbuecher-205x300.jpg 205w, https:\/\/gemeindebuechereikastl.de\/wp-content\/uploads\/2023\/02\/Musikbuecher-768x1125.jpg 768w, https:\/\/gemeindebuechereikastl.de\/wp-content\/uploads\/2023\/02\/Musikbuecher-750x1099.jpg 750w, https:\/\/gemeindebuechereikastl.de\/wp-content\/uploads\/2023\/02\/Musikbuecher.jpg 974w\" sizes=\"auto, (max-width: 294px) 100vw, 294px\" \/><\/strong><\/h4>\n<p>Aus dem Meer der Musikb\u00fccher f\u00fcr Kinder, die ein Ballett, eine Musikerin, einen Komponisten oder die Orchesterwelt erkl\u00e4ren wollen, haben wir wieder Titel ausgew\u00e4hlt. Unter dem Motto \u201eWir machen Musik&#8220; hat das Team f\u00fcr den Nachwuchs eine bunte Auswahl an liebevoll gestalteten Kinderb\u00fcchern f\u00fcr alle Altersstufen zusammengestellt.<\/p>\n<p>Farbig illustrierte Bilderb\u00fccher, kindgerechte Nachschlagewerke sowie verschieden Kindersachb\u00fccher die einen Einblick in die verschiedensten Musikrichtungen gew\u00e4hren. Diese B\u00fccher\u00a0 entf\u00fchren in die Welt der Musik und machen Lust auf mehr.<\/p>\n<h4><img loading=\"lazy\" decoding=\"async\" class=\"wp-image-3749 alignright\" src=\"https:\/\/gemeindebuechereikastl.de\/wp-content\/uploads\/2023\/02\/Musiknoten-300x167.jpg\" alt=\"\" width=\"386\" height=\"215\" srcset=\"https:\/\/gemeindebuechereikastl.de\/wp-content\/uploads\/2023\/02\/Musiknoten-300x167.jpg 300w, https:\/\/gemeindebuechereikastl.de\/wp-content\/uploads\/2023\/02\/Musiknoten-768x428.jpg 768w, https:\/\/gemeindebuechereikastl.de\/wp-content\/uploads\/2023\/02\/Musiknoten-750x418.jpg 750w, https:\/\/gemeindebuechereikastl.de\/wp-content\/uploads\/2023\/02\/Musiknoten.jpg 1280w\" sizes=\"auto, (max-width: 386px) 100vw, 386px\" \/><\/h4>\n<h4 style=\"text-align: left;\"><strong>Wei<\/strong><strong>tere Infos zu Musikb\u00fccher f\u00fcr Kinder finden Sie in einer umfangreichen Buchauswahl in der B\u00fccherei. Vorabinfos \u00fcber die Buchauswahl gibt es in <\/strong><strong>unserem\u00a0<a href=\"https:\/\/iopac.gemeindebuechereikastl.de\/iopac\/\"> Online-Katalog<\/a> oder auch bei unseren <a href=\"https:\/\/leo-nord.onleihe.de\/\">E-Books unter www.leo-nord.de<\/a><\/strong><\/h4>\n","protected":false},"excerpt":{"rendered":"<p>Neue Buchausstellung zu &#8222;Wir machen Musik&#8220; f\u00fcr Kinder im Erdgeschoss Aus dem Meer der Musikb\u00fccher f\u00fcr Kinder, die ein Ballett, eine Musikerin, einen Komponisten oder die Orchesterwelt erkl\u00e4ren wollen, haben wir wieder Titel ausgew\u00e4hlt. Unter dem Motto \u201eWir machen Musik&#8220; hat das Team f\u00fcr den Nachwuchs eine bunte Auswahl an liebevoll gestalteten Kinderb\u00fcchern f\u00fcr alle &hellip; <\/p>\n<p><a class=\"more-link btn\" href=\"https:\/\/gemeindebuechereikastl.de\/?p=3747\">Weiterlesen<\/a><\/p>\n","protected":false},"author":1,"featured_media":3749,"comment_status":"closed","ping_status":"closed","sticky":false,"template":"","format":"standard","meta":{"footnotes":""},"categories":[5],"tags":[194,58,243],"class_list":["post-3747","post","type-post","status-publish","format-standard","has-post-thumbnail","hentry","category-news","tag-buchausstellung","tag-buecher","tag-musik","item-wrap"],"_links":{"self":[{"href":"https:\/\/gemeindebuechereikastl.de\/index.php?rest_route=\/wp\/v2\/posts\/3747","targetHints":{"allow":["GET"]}}],"collection":[{"href":"https:\/\/gemeindebuechereikastl.de\/index.php?rest_route=\/wp\/v2\/posts"}],"about":[{"href":"https:\/\/gemeindebuechereikastl.de\/index.php?rest_route=\/wp\/v2\/types\/post"}],"author":[{"embeddable":true,"href":"https:\/\/gemeindebuechereikastl.de\/index.php?rest_route=\/wp\/v2\/users\/1"}],"replies":[{"embeddable":true,"href":"https:\/\/gemeindebuechereikastl.de\/index.php?rest_route=%2Fwp%2Fv2%2Fcomments&post=3747"}],"version-history":[{"count":14,"href":"https:\/\/gemeindebuechereikastl.de\/index.php?rest_route=\/wp\/v2\/posts\/3747\/revisions"}],"predecessor-version":[{"id":3763,"href":"https:\/\/gemeindebuechereikastl.de\/index.php?rest_route=\/wp\/v2\/posts\/3747\/revisions\/3763"}],"wp:featuredmedia":[{"embeddable":true,"href":"https:\/\/gemeindebuechereikastl.de\/index.php?rest_route=\/wp\/v2\/media\/3749"}],"wp:attachment":[{"href":"https:\/\/gemeindebuechereikastl.de\/index.php?rest_route=%2Fwp%2Fv2%2Fmedia&parent=3747"}],"wp:term":[{"taxonomy":"category","embeddable":true,"href":"https:\/\/gemeindebuechereikastl.de\/index.php?rest_route=%2Fwp%2Fv2%2Fcategories&post=3747"},{"taxonomy":"post_tag","embeddable":true,"href":"https:\/\/gemeindebuechereikastl.de\/index.php?rest_route=%2Fwp%2Fv2%2Ftags&post=3747"}],"curies":[{"name":"wp","href":"https:\/\/api.w.org\/{rel}","templated":true}]}}