{"id":3769,"date":"2023-02-27T15:49:43","date_gmt":"2023-02-27T15:49:43","guid":{"rendered":"https:\/\/gemeindebuechereikastl.de\/?p=3769"},"modified":"2023-03-01T10:23:03","modified_gmt":"2023-03-01T10:23:03","slug":"grossartigen-veranstaltungen-und-steigerung-der-entleihzahlen-und-weiteren-hoehepunkten-2022-konnte-beim-jahrestreffen-des-team-berichtet-werden","status":"publish","type":"post","link":"https:\/\/gemeindebuechereikastl.de\/?p=3769","title":{"rendered":"Von gro\u00dfartigen Veranstaltungen, Steigerung der Entleihzahlen und weiteren H\u00f6hepunkten 2022 konnte beim Jahrestreffen des Team berichtet werden"},"content":{"rendered":"<h2 style=\"text-align: center;\"><span style=\"color: #ff6600;\"><strong>Von einer Steigerung der Entleihzahlen um fast 30 % und von gro\u00dfartigen Veranstaltungen 2022 gab es beim Jahrestreffen des B\u00fcchereiteams zu berichten<\/strong> <\/span><\/h2>\n<p style=\"text-align: center;\">Beim Jahrestreffen des B\u00fcchereiteams hob B\u00fcchereileiter Georg D\u00fcrr besonders hervor, das man im zur\u00fcckliegenden Jahr die Entleihzahlen um fast 30% steigern konnte, was der unerm\u00fcdlichen Arbeit des B\u00fcchereiteam mit \u00fcber 3.300 ehrenamtlichen Stunden und dem gro\u00dfarteigen Angebot der Kastler B\u00fccherei zum verdanken ist.<\/p>\n<p><img loading=\"lazy\" decoding=\"async\" class=\"aligncenter wp-image-3770 \" src=\"https:\/\/gemeindebuechereikastl.de\/wp-content\/uploads\/2023\/02\/Buechereiteam-2023-1603x902.jpg\" alt=\"\" width=\"727\" height=\"409\" srcset=\"https:\/\/gemeindebuechereikastl.de\/wp-content\/uploads\/2023\/02\/Buechereiteam-2023-1603x902.jpg 1603w, https:\/\/gemeindebuechereikastl.de\/wp-content\/uploads\/2023\/02\/Buechereiteam-2023-300x169.jpg 300w, https:\/\/gemeindebuechereikastl.de\/wp-content\/uploads\/2023\/02\/Buechereiteam-2023-768x432.jpg 768w, https:\/\/gemeindebuechereikastl.de\/wp-content\/uploads\/2023\/02\/Buechereiteam-2023-1536x865.jpg 1536w, https:\/\/gemeindebuechereikastl.de\/wp-content\/uploads\/2023\/02\/Buechereiteam-2023-2048x1153.jpg 2048w, https:\/\/gemeindebuechereikastl.de\/wp-content\/uploads\/2023\/02\/Buechereiteam-2023-750x422.jpg 750w\" sizes=\"auto, (max-width: 727px) 100vw, 727px\" \/><\/p>\n<p>Da im Jahr 2022 die Leser wieder vermehrt in die B\u00fccherei kamen, konnte das Team die stattliche Zahl von 16.716 Entleihungen Verbuchen, weiter konnten man in der B\u00fccherei und bei Veranstaltungen \u00fcber 6.000 Besucher begr\u00fc\u00dfen. Zu diesen konnten man noch fast 76.000 Zugriffe auf die Homepage der B\u00fccherei verzeichnen. Zu der gro\u00dfen Zahl der Benutzer kamen 74 neue Leser dazu. Allen Interessenten stehen in der Kastler B\u00fccherei 9613 B\u00fccher und Medien zur Verf\u00fcgung und nochmals fast 30.000 E-Books virtuell im Onleihe Verbund Leo Nord.<\/p>\n<p>Die 25 ehrenamtlichen Mitarbeiter\/innen haben im vergangenen Jahr \u00fcber 3.300 unentgeltliche Stunden f\u00fcr die Arbeiten in der B\u00fccherei geleistet, Stunden bei den \u00d6ffnungszeiten. Vorbereitung und Durchf\u00fchrung von Veranstaltungen, sowie die Verwaltungsarbeiten und die nicht unerheblichen Stunden f\u00fcr die Fortbildung.<\/p>\n<p>Einen breiten Raum des Abends nahm der R\u00fcckblick auf die hervorragenden Veranstaltungen des Jahres 2022 ein. <strong>R\u00fcckblick hier auf der Homepage dokumentiert.<\/strong><img loading=\"lazy\" decoding=\"async\" class=\"alignright wp-image-3771 \" src=\"https:\/\/gemeindebuechereikastl.de\/wp-content\/uploads\/2023\/02\/Besuch-Claudia-Pecher-1603x1202.jpg\" alt=\"\" width=\"436\" height=\"327\" srcset=\"https:\/\/gemeindebuechereikastl.de\/wp-content\/uploads\/2023\/02\/Besuch-Claudia-Pecher-1603x1202.jpg 1603w, https:\/\/gemeindebuechereikastl.de\/wp-content\/uploads\/2023\/02\/Besuch-Claudia-Pecher-300x225.jpg 300w, https:\/\/gemeindebuechereikastl.de\/wp-content\/uploads\/2023\/02\/Besuch-Claudia-Pecher-768x576.jpg 768w, https:\/\/gemeindebuechereikastl.de\/wp-content\/uploads\/2023\/02\/Besuch-Claudia-Pecher-1536x1152.jpg 1536w, https:\/\/gemeindebuechereikastl.de\/wp-content\/uploads\/2023\/02\/Besuch-Claudia-Pecher-2048x1536.jpg 2048w, https:\/\/gemeindebuechereikastl.de\/wp-content\/uploads\/2023\/02\/Besuch-Claudia-Pecher-750x563.jpg 750w\" sizes=\"auto, (max-width: 436px) 100vw, 436px\" \/><\/p>\n<p>Einen gro\u00dfen Eindruck hinterlie\u00df das Team der Gemeindeb\u00fccherei Kastl beim Besuch der neunen Leiterin der Landesfachstelle des Sankt Michaelsbundes in M\u00fcnchen, Frau Dr. Claudia Pecher. Sie war zu einem Informationsbesuch in die Kastler B\u00fccherei gekommen und zeigte sich positiv \u00fcberrascht von der gro\u00dfartigen B\u00fccherei selbst und vor allem von der brillanten Veranstaltungsarbeit des B\u00fcchereiteams. Das Team hat mit seiner exzellenten B\u00fcchereiarbeit einen nachhaltigen Eindruck hinterlassen!<\/p>\n<p>Nach dem R\u00fcckblick ab es noch einen Ausblick auf die kommenden H\u00f6hepunkte die das Team f\u00fcr dieses Jahr geplant hat.<br \/>\n* Samstag, 18. M\u00e4rz &#8211; Vorlesezeit mit &#8222;Sommerby&#8220; von 10.00 bis 11. 00 Uhr<br \/>\n* Samstag, 22, April &#8211; Vorlesezeit mit &#8222;Die Tulpenzwiebel&#8220; von 10.00 bis 11. 00 Uhr<br \/>\n* Sasmtag, 22. April am Abend &#8211; &#8222;Wein-Lese-Abend&#8220; Kastler lesen f\u00fcr Kastler ab 19.00 Uhr<br \/>\n<a href=\"https:\/\/www.muenchner-kirchenradio.de\/sendungen\/monika-drasch-1\/\"><strong><img loading=\"lazy\" decoding=\"async\" class=\"wp-image-3192 alignleft\" src=\"https:\/\/gemeindebuechereikastl.de\/wp-content\/uploads\/2022\/08\/drasch-300x199.jpg\" alt=\"\" width=\"216\" height=\"143\" srcset=\"https:\/\/gemeindebuechereikastl.de\/wp-content\/uploads\/2022\/08\/drasch-300x199.jpg 300w, https:\/\/gemeindebuechereikastl.de\/wp-content\/uploads\/2022\/08\/drasch.jpg 330w\" sizes=\"auto, (max-width: 216px) 100vw, 216px\" \/>Das Highlight am Freitag, 16. Juni . Konzert mit &#8222;Monika Drasch im Pfarrgarten auf der Klosterburg mit &#8222;Liedern zwischen Himmel und Erde&#8220; (Kartenverkauf ab 1. April)<\/strong><\/a><br \/>\n* Samstag, 5. August &#8211; Ferienfahrt zu &#8222;Die sch\u00f6ne und das Biest&#8220; in Wunsiedel<br \/>\n* Sonntag, 20. August &#8211; Musicalfahrt zu &#8222;Ball im Savoy&#8220; auf der Luisenburg<br \/>\n* Sonntag, 8. Oktober &#8211; Tag der offenen T\u00fcr mit Zauberer Imre Basca f\u00fcr Kinder<\/p>\n<p>Zum Schluss dankte B\u00fcchereileiter D\u00fcrr dem gesamte Team und den Verschiedenen Teams im Team f\u00fcr Ihre hervorragende ehrenamtliche T\u00e4tigkeit f\u00fcr die B\u00fccherei und somit f\u00fcr die Bev\u00f6lkerung von Kastl.<br \/>\nAuch die Tr\u00e4ger der Gemeindeb\u00fccherei Kastl bedankten sich beim Team. Angelika Hiller in Vertretung von Pfarrer Arweck betonte, dass das Kastler Team ein Vorbild f\u00fcr die B\u00fcchereien im Pfarrverband sei und auch Dank f\u00fcr die vielen interessanten Veranstaltungen. Auch B\u00fcrgermeistert Stefan Braun bedankte sich beim r\u00fchrigen B\u00fcchereiteam f\u00fcr Ihre unerm\u00fcdliche Arbeit von \u00fcber 3.300 ehrenamtlichen Stunden, dies sei aller Ehren wert. Die Kastler B\u00fccherei ist eine wichtige und wertvolle Einrichtung und sie ist mit ihrem hervorragenden Engagement und den exzellenten Veranstaltungen weit \u00fcber die Grenzen Kastls bekannt.<\/p>\n","protected":false},"excerpt":{"rendered":"<p>Von einer Steigerung der Entleihzahlen um fast 30 % und von gro\u00dfartigen Veranstaltungen 2022 gab es beim Jahrestreffen des B\u00fcchereiteams zu berichten Beim Jahrestreffen des B\u00fcchereiteams hob B\u00fcchereileiter Georg D\u00fcrr besonders hervor, das man im zur\u00fcckliegenden Jahr die Entleihzahlen um fast 30% steigern konnte, was der unerm\u00fcdlichen Arbeit des B\u00fcchereiteam mit \u00fcber 3.300 ehrenamtlichen Stunden &hellip; <\/p>\n<p><a class=\"more-link btn\" href=\"https:\/\/gemeindebuechereikastl.de\/?p=3769\">Weiterlesen<\/a><\/p>\n","protected":false},"author":1,"featured_media":3770,"comment_status":"closed","ping_status":"closed","sticky":false,"template":"","format":"standard","meta":{"footnotes":""},"categories":[1],"tags":[64,103],"class_list":["post-3769","post","type-post","status-publish","format-standard","has-post-thumbnail","hentry","category-team","tag-buechereiteam","tag-jahrestreffen","item-wrap"],"_links":{"self":[{"href":"https:\/\/gemeindebuechereikastl.de\/index.php?rest_route=\/wp\/v2\/posts\/3769","targetHints":{"allow":["GET"]}}],"collection":[{"href":"https:\/\/gemeindebuechereikastl.de\/index.php?rest_route=\/wp\/v2\/posts"}],"about":[{"href":"https:\/\/gemeindebuechereikastl.de\/index.php?rest_route=\/wp\/v2\/types\/post"}],"author":[{"embeddable":true,"href":"https:\/\/gemeindebuechereikastl.de\/index.php?rest_route=\/wp\/v2\/users\/1"}],"replies":[{"embeddable":true,"href":"https:\/\/gemeindebuechereikastl.de\/index.php?rest_route=%2Fwp%2Fv2%2Fcomments&post=3769"}],"version-history":[{"count":5,"href":"https:\/\/gemeindebuechereikastl.de\/index.php?rest_route=\/wp\/v2\/posts\/3769\/revisions"}],"predecessor-version":[{"id":3777,"href":"https:\/\/gemeindebuechereikastl.de\/index.php?rest_route=\/wp\/v2\/posts\/3769\/revisions\/3777"}],"wp:featuredmedia":[{"embeddable":true,"href":"https:\/\/gemeindebuechereikastl.de\/index.php?rest_route=\/wp\/v2\/media\/3770"}],"wp:attachment":[{"href":"https:\/\/gemeindebuechereikastl.de\/index.php?rest_route=%2Fwp%2Fv2%2Fmedia&parent=3769"}],"wp:term":[{"taxonomy":"category","embeddable":true,"href":"https:\/\/gemeindebuechereikastl.de\/index.php?rest_route=%2Fwp%2Fv2%2Fcategories&post=3769"},{"taxonomy":"post_tag","embeddable":true,"href":"https:\/\/gemeindebuechereikastl.de\/index.php?rest_route=%2Fwp%2Fv2%2Ftags&post=3769"}],"curies":[{"name":"wp","href":"https:\/\/api.w.org\/{rel}","templated":true}]}}