{"id":3780,"date":"2023-03-06T15:16:46","date_gmt":"2023-03-06T15:16:46","guid":{"rendered":"https:\/\/gemeindebuechereikastl.de\/?p=3780"},"modified":"2023-03-06T15:32:43","modified_gmt":"2023-03-06T15:32:43","slug":"newsletter-1-2023-der-gemeindebuecherei-jetzt-online-nachzulesen","status":"publish","type":"post","link":"https:\/\/gemeindebuechereikastl.de\/?p=3780","title":{"rendered":"Der neue Newsletter 1\/2023 der Gemeindeb\u00fccherei jetzt auch online nachzulesen"},"content":{"rendered":"<h2 style=\"text-align: center;\"><span style=\"color: #ff6600;\"><strong>Der neue Newsletter 1\/2023 der Gemeindeb\u00fccherei Kastl der beeits an alle Leser ging, kann auch hier auf der Homepage nachgelesen werden<\/strong><\/span><\/h2>\n<div class=\"entry-content clearfix\">\n<p>In der Zeit der Corona Pandemie hat sich das B\u00fcchereiteam entschlossen ihre Leser mit einem Newsletter \u00fcber die aktuelle Situation in den B\u00fcchereien zu informieren. War es am Anfang 2021\u00a0 nur sporadisch so erschien dieser Newsletter vergangenes Jahr regelm\u00e4\u00dfig im viertelj\u00e4hrlichen Rhythmus. Hier informieren wir vom Team alle Interessierten \u00fcber unsere Arbeit und Aktionen sowie Neuigkeiten, die es in der B\u00fccherei gibt, in kompakter Form.<\/p>\n<p><img loading=\"lazy\" decoding=\"async\" class=\"aligncenter wp-image-3592 size-full\" src=\"https:\/\/gemeindebuechereikastl.de\/wp-content\/uploads\/2022\/12\/Newsletter-.jpg\" sizes=\"auto, (max-width: 1178px) 100vw, 1178px\" srcset=\"https:\/\/gemeindebuechereikastl.de\/wp-content\/uploads\/2022\/12\/Newsletter-.jpg 1178w, https:\/\/gemeindebuechereikastl.de\/wp-content\/uploads\/2022\/12\/Newsletter--300x89.jpg 300w, https:\/\/gemeindebuechereikastl.de\/wp-content\/uploads\/2022\/12\/Newsletter--768x227.jpg 768w, https:\/\/gemeindebuechereikastl.de\/wp-content\/uploads\/2022\/12\/Newsletter--750x222.jpg 750w\" alt=\"\" width=\"1178\" height=\"348\" \/><\/p>\n<p>Dieser Newsletter geht per Mail an alle aktuellen und ehemaligen Leser der Gemeindeb\u00fccherei Kastl. Seit Ende letzten Jahres ist dieser auch hier auf unserer Homepage zu finden und kann von allen Interessierten gelesen werden.<\/p>\n<h4 style=\"text-align: center;\"><strong>Alle Newsletter der Gemeindeb\u00fccherei Kastl finden Sie unter<br \/>\n<a href=\"https:\/\/gemeindebuechereikastl.de\/?page_id=2915\">Jahresberichte + Newsletter<\/a><\/strong><\/h4>\n<\/div>\n","protected":false},"excerpt":{"rendered":"<p>Der neue Newsletter 1\/2023 der Gemeindeb\u00fccherei Kastl der beeits an alle Leser ging, kann auch hier auf der Homepage nachgelesen werden In der Zeit der Corona Pandemie hat sich das B\u00fcchereiteam entschlossen ihre Leser mit einem Newsletter \u00fcber die aktuelle Situation in den B\u00fcchereien zu informieren. War es am Anfang 2021\u00a0 nur sporadisch so erschien &hellip; <\/p>\n<p><a class=\"more-link btn\" href=\"https:\/\/gemeindebuechereikastl.de\/?p=3780\">Weiterlesen<\/a><\/p>\n","protected":false},"author":1,"featured_media":3592,"comment_status":"closed","ping_status":"closed","sticky":false,"template":"","format":"standard","meta":{"footnotes":""},"categories":[5],"tags":[443,442],"class_list":["post-3780","post","type-post","status-publish","format-standard","has-post-thumbnail","hentry","category-news","tag-information","tag-newsletter","item-wrap"],"_links":{"self":[{"href":"https:\/\/gemeindebuechereikastl.de\/index.php?rest_route=\/wp\/v2\/posts\/3780","targetHints":{"allow":["GET"]}}],"collection":[{"href":"https:\/\/gemeindebuechereikastl.de\/index.php?rest_route=\/wp\/v2\/posts"}],"about":[{"href":"https:\/\/gemeindebuechereikastl.de\/index.php?rest_route=\/wp\/v2\/types\/post"}],"author":[{"embeddable":true,"href":"https:\/\/gemeindebuechereikastl.de\/index.php?rest_route=\/wp\/v2\/users\/1"}],"replies":[{"embeddable":true,"href":"https:\/\/gemeindebuechereikastl.de\/index.php?rest_route=%2Fwp%2Fv2%2Fcomments&post=3780"}],"version-history":[{"count":4,"href":"https:\/\/gemeindebuechereikastl.de\/index.php?rest_route=\/wp\/v2\/posts\/3780\/revisions"}],"predecessor-version":[{"id":3789,"href":"https:\/\/gemeindebuechereikastl.de\/index.php?rest_route=\/wp\/v2\/posts\/3780\/revisions\/3789"}],"wp:featuredmedia":[{"embeddable":true,"href":"https:\/\/gemeindebuechereikastl.de\/index.php?rest_route=\/wp\/v2\/media\/3592"}],"wp:attachment":[{"href":"https:\/\/gemeindebuechereikastl.de\/index.php?rest_route=%2Fwp%2Fv2%2Fmedia&parent=3780"}],"wp:term":[{"taxonomy":"category","embeddable":true,"href":"https:\/\/gemeindebuechereikastl.de\/index.php?rest_route=%2Fwp%2Fv2%2Fcategories&post=3780"},{"taxonomy":"post_tag","embeddable":true,"href":"https:\/\/gemeindebuechereikastl.de\/index.php?rest_route=%2Fwp%2Fv2%2Ftags&post=3780"}],"curies":[{"name":"wp","href":"https:\/\/api.w.org\/{rel}","templated":true}]}}