{"id":3797,"date":"2023-03-08T09:50:27","date_gmt":"2023-03-08T09:50:27","guid":{"rendered":"https:\/\/gemeindebuechereikastl.de\/?p=3797"},"modified":"2023-03-08T10:06:54","modified_gmt":"2023-03-08T10:06:54","slug":"leseempfehlungen-zum-weltfrauentag-8-maerz","status":"publish","type":"post","link":"https:\/\/gemeindebuechereikastl.de\/?p=3797","title":{"rendered":"Leseempfehlungen zum Weltfrauentag &#8211; 8. M\u00e4rz"},"content":{"rendered":"<h2 style=\"text-align: center;\"><span style=\"color: #ff6600;\"><strong>Frauen die die Welt beweg(t)en &#8211; Leseempfehlungen<\/strong> <\/span><\/h2>\n<p><img loading=\"lazy\" decoding=\"async\" class=\"wp-image-3798 size-full alignnone\" src=\"https:\/\/gemeindebuechereikastl.de\/wp-content\/uploads\/2023\/03\/Frauentag.jpg\" alt=\"\" width=\"1280\" height=\"720\" srcset=\"https:\/\/gemeindebuechereikastl.de\/wp-content\/uploads\/2023\/03\/Frauentag.jpg 1280w, https:\/\/gemeindebuechereikastl.de\/wp-content\/uploads\/2023\/03\/Frauentag-300x169.jpg 300w, https:\/\/gemeindebuechereikastl.de\/wp-content\/uploads\/2023\/03\/Frauentag-768x432.jpg 768w, https:\/\/gemeindebuechereikastl.de\/wp-content\/uploads\/2023\/03\/Frauentag-750x422.jpg 750w\" sizes=\"auto, (max-width: 1280px) 100vw, 1280px\" \/><\/p>\n<h4 style=\"text-align: center;\"><span style=\"color: #000000;\"><strong>Eine F\u00fclle von B\u00fcchern \u00fcber Frauen, die die Welt bewegten und bewegen gibt es <\/strong><strong>in <\/strong><strong>der B\u00fccherei mit <\/strong><\/span><strong><span style=\"color: #000000;\">einer umfangreichen Buchauswahl. Vorabinfos \u00fcber die B\u00fccher und <\/span><br \/>\n<span style=\"color: #000000;\">Medien sind in unserem<\/span>\u00a0<\/strong><strong><a href=\"https:\/\/iopac.gemeindebuechereikastl.de\/iopac\/\"> Online-Katalog<\/a>\u00a0 m\u00f6glich oder auch bei unseren<br \/>\n<a href=\"https:\/\/leo-nord.onleihe.de\/\"><span style=\"color: #000000;\">E-Books unter<\/span> www.leo-nord.de<\/a><\/strong><\/h4>\n","protected":false},"excerpt":{"rendered":"<p>Frauen die die Welt beweg(t)en &#8211; Leseempfehlungen Eine F\u00fclle von B\u00fcchern \u00fcber Frauen, die die Welt bewegten und bewegen gibt es in der B\u00fccherei mit einer umfangreichen Buchauswahl. Vorabinfos \u00fcber die B\u00fccher und Medien sind in unserem\u00a0 Online-Katalog\u00a0 m\u00f6glich oder auch bei unseren E-Books unter www.leo-nord.de<\/p>\n","protected":false},"author":1,"featured_media":3798,"comment_status":"closed","ping_status":"closed","sticky":false,"template":"","format":"standard","meta":{"footnotes":""},"categories":[5],"tags":[448,446,449,447],"class_list":["post-3797","post","type-post","status-publish","format-standard","has-post-thumbnail","hentry","category-news","tag-buchauswahl","tag-frauen","tag-leseempfehlungen","tag-weltfrauentag","item-wrap"],"_links":{"self":[{"href":"https:\/\/gemeindebuechereikastl.de\/index.php?rest_route=\/wp\/v2\/posts\/3797","targetHints":{"allow":["GET"]}}],"collection":[{"href":"https:\/\/gemeindebuechereikastl.de\/index.php?rest_route=\/wp\/v2\/posts"}],"about":[{"href":"https:\/\/gemeindebuechereikastl.de\/index.php?rest_route=\/wp\/v2\/types\/post"}],"author":[{"embeddable":true,"href":"https:\/\/gemeindebuechereikastl.de\/index.php?rest_route=\/wp\/v2\/users\/1"}],"replies":[{"embeddable":true,"href":"https:\/\/gemeindebuechereikastl.de\/index.php?rest_route=%2Fwp%2Fv2%2Fcomments&post=3797"}],"version-history":[{"count":6,"href":"https:\/\/gemeindebuechereikastl.de\/index.php?rest_route=\/wp\/v2\/posts\/3797\/revisions"}],"predecessor-version":[{"id":3809,"href":"https:\/\/gemeindebuechereikastl.de\/index.php?rest_route=\/wp\/v2\/posts\/3797\/revisions\/3809"}],"wp:featuredmedia":[{"embeddable":true,"href":"https:\/\/gemeindebuechereikastl.de\/index.php?rest_route=\/wp\/v2\/media\/3798"}],"wp:attachment":[{"href":"https:\/\/gemeindebuechereikastl.de\/index.php?rest_route=%2Fwp%2Fv2%2Fmedia&parent=3797"}],"wp:term":[{"taxonomy":"category","embeddable":true,"href":"https:\/\/gemeindebuechereikastl.de\/index.php?rest_route=%2Fwp%2Fv2%2Fcategories&post=3797"},{"taxonomy":"post_tag","embeddable":true,"href":"https:\/\/gemeindebuechereikastl.de\/index.php?rest_route=%2Fwp%2Fv2%2Ftags&post=3797"}],"curies":[{"name":"wp","href":"https:\/\/api.w.org\/{rel}","templated":true}]}}