{"id":3804,"date":"2023-03-08T09:57:00","date_gmt":"2023-03-08T09:57:00","guid":{"rendered":"https:\/\/gemeindebuechereikastl.de\/?p=3804"},"modified":"2023-03-08T10:05:20","modified_gmt":"2023-03-08T10:05:20","slug":"grosszuegige-spende-der-pfarrei-utzenhofen-fuer-die-buecherei","status":"publish","type":"post","link":"https:\/\/gemeindebuechereikastl.de\/?p=3804","title":{"rendered":"Gro\u00dfz\u00fcgige Spende der Pfarrei Utzenhofen f\u00fcr die B\u00fccherei"},"content":{"rendered":"<h2 style=\"text-align: center;\"><span style=\"color: #ff6600;\">Die Kirchenstiftung Utzenhofen \u00fcbergab der B\u00fccherei eine gro\u00dfz\u00fcgige Spende von 1.200 Euro f\u00fcr den Erwerb von neuen B\u00fcchern und Medien<\/span><\/h2>\n<p><img loading=\"lazy\" decoding=\"async\" class=\"aligncenter wp-image-3791 size-large\" src=\"https:\/\/gemeindebuechereikastl.de\/wp-content\/uploads\/2023\/03\/Spende-Pfarrei-Utzenhofen-1603x1067.jpg\" alt=\"\" width=\"750\" height=\"499\" srcset=\"https:\/\/gemeindebuechereikastl.de\/wp-content\/uploads\/2023\/03\/Spende-Pfarrei-Utzenhofen-1603x1067.jpg 1603w, https:\/\/gemeindebuechereikastl.de\/wp-content\/uploads\/2023\/03\/Spende-Pfarrei-Utzenhofen-300x200.jpg 300w, https:\/\/gemeindebuechereikastl.de\/wp-content\/uploads\/2023\/03\/Spende-Pfarrei-Utzenhofen-768x511.jpg 768w, https:\/\/gemeindebuechereikastl.de\/wp-content\/uploads\/2023\/03\/Spende-Pfarrei-Utzenhofen-1536x1023.jpg 1536w, https:\/\/gemeindebuechereikastl.de\/wp-content\/uploads\/2023\/03\/Spende-Pfarrei-Utzenhofen-2048x1363.jpg 2048w, https:\/\/gemeindebuechereikastl.de\/wp-content\/uploads\/2023\/03\/Spende-Pfarrei-Utzenhofen-750x499.jpg 750w\" sizes=\"auto, (max-width: 750px) 100vw, 750px\" \/><\/p>\n<p>Inflation und Energiekrise machen das Leben f\u00fcr viele Menschen aktuell teurer. Manche Dinge werden auf einmal zu einem Luxusartikel, dazu z\u00e4hlen auch B\u00fccher. Deshalb werden B\u00fcchereien immer wichtiger. F\u00fcr die ehrenamtlichen Mitarbeiter\/innen der Pfarr- und Gemeindeb\u00fccherei Kastl, sind B\u00fcchereien Orte der Bildungsgerechtigkeit und der Chancengleichheit.<\/p>\n<p>Die Bitte um \u201ezus\u00e4tzliche finanzielle Spielr\u00e4ume\u201c nahm sich die Kirchenstiftung der Pfarrei Utzenhofen zu Herzen und lies der Pfarr- und Gemeindeb\u00fccherei Kastl f\u00fcr alle Leserinnen und Lesern eine nicht unerhebliche Spende in H\u00f6he von 1.200 Euro zukommen. Diese gro\u00dfz\u00fcgige Spende ist zum Wohl der vielen Kinder und Familien, auch aus der Pfarrei Utzenhofen die, die Hauptnutzer der B\u00fccherei sind.<\/p>\n<p>Kirchenpfleger Peter Reindl und Josef Riedl von der Kirchenverwaltung Utzenhofen \u00fcberrichten an B\u00fcchereileiter Georg D\u00fcrr einen Scheck in genannter H\u00f6he f\u00fcr die Neuanschaffung von B\u00fcchern f\u00fcr die Benutzer der Pfarr- und Gemeindeb\u00fccherei Kastl. Sie betonten, wie wichtig es ist das es eine B\u00fccherei im Ort g\u00e4be und das die Pfarr- und Gemeindeb\u00fccherei Kastl ein sehr gutes und aktuelles Angebot an B\u00fccher und Medien f\u00fcr alle Lesergruppen bereithalte. Daher sei die Spende auch eine Investition in die Zukunft.<\/p>\n","protected":false},"excerpt":{"rendered":"<p>Die Kirchenstiftung Utzenhofen \u00fcbergab der B\u00fccherei eine gro\u00dfz\u00fcgige Spende von 1.200 Euro f\u00fcr den Erwerb von neuen B\u00fcchern und Medien Inflation und Energiekrise machen das Leben f\u00fcr viele Menschen aktuell teurer. Manche Dinge werden auf einmal zu einem Luxusartikel, dazu z\u00e4hlen auch B\u00fccher. Deshalb werden B\u00fcchereien immer wichtiger. F\u00fcr die ehrenamtlichen Mitarbeiter\/innen der Pfarr- und &hellip; <\/p>\n<p><a class=\"more-link btn\" href=\"https:\/\/gemeindebuechereikastl.de\/?p=3804\">Weiterlesen<\/a><\/p>\n","protected":false},"author":1,"featured_media":3808,"comment_status":"closed","ping_status":"closed","sticky":false,"template":"","format":"standard","meta":{"footnotes":""},"categories":[1],"tags":[190,85,444,445],"class_list":["post-3804","post","type-post","status-publish","format-standard","has-post-thumbnail","hentry","category-team","tag-kinderbuecher","tag-neue-buecher","tag-spende","tag-utzenhofen","item-wrap"],"_links":{"self":[{"href":"https:\/\/gemeindebuechereikastl.de\/index.php?rest_route=\/wp\/v2\/posts\/3804","targetHints":{"allow":["GET"]}}],"collection":[{"href":"https:\/\/gemeindebuechereikastl.de\/index.php?rest_route=\/wp\/v2\/posts"}],"about":[{"href":"https:\/\/gemeindebuechereikastl.de\/index.php?rest_route=\/wp\/v2\/types\/post"}],"author":[{"embeddable":true,"href":"https:\/\/gemeindebuechereikastl.de\/index.php?rest_route=\/wp\/v2\/users\/1"}],"replies":[{"embeddable":true,"href":"https:\/\/gemeindebuechereikastl.de\/index.php?rest_route=%2Fwp%2Fv2%2Fcomments&post=3804"}],"version-history":[{"count":1,"href":"https:\/\/gemeindebuechereikastl.de\/index.php?rest_route=\/wp\/v2\/posts\/3804\/revisions"}],"predecessor-version":[{"id":3805,"href":"https:\/\/gemeindebuechereikastl.de\/index.php?rest_route=\/wp\/v2\/posts\/3804\/revisions\/3805"}],"wp:featuredmedia":[{"embeddable":true,"href":"https:\/\/gemeindebuechereikastl.de\/index.php?rest_route=\/wp\/v2\/media\/3808"}],"wp:attachment":[{"href":"https:\/\/gemeindebuechereikastl.de\/index.php?rest_route=%2Fwp%2Fv2%2Fmedia&parent=3804"}],"wp:term":[{"taxonomy":"category","embeddable":true,"href":"https:\/\/gemeindebuechereikastl.de\/index.php?rest_route=%2Fwp%2Fv2%2Fcategories&post=3804"},{"taxonomy":"post_tag","embeddable":true,"href":"https:\/\/gemeindebuechereikastl.de\/index.php?rest_route=%2Fwp%2Fv2%2Ftags&post=3804"}],"curies":[{"name":"wp","href":"https:\/\/api.w.org\/{rel}","templated":true}]}}