{"id":3820,"date":"2023-03-14T15:09:45","date_gmt":"2023-03-14T15:09:45","guid":{"rendered":"https:\/\/gemeindebuechereikastl.de\/?p=3820"},"modified":"2023-03-14T15:32:38","modified_gmt":"2023-03-14T15:32:38","slug":"vorlesezeit-im-maerz-von-freitagnachmittag-auf-samstagvormittag-verschoben","status":"publish","type":"post","link":"https:\/\/gemeindebuechereikastl.de\/?p=3820","title":{"rendered":"VORLESEZEIT im M\u00e4rz von Freitagnachmittag auf Samstagvormittag verschoben"},"content":{"rendered":"<h2 style=\"text-align: center;\"><span style=\"color: #ff6600;\"><strong>Unter dem Titel\u00a0 &#8222;Ein Sommer in Sommerby&#8220;\u00a0 gibt es die n\u00e4chste VORLESEZEIT am Samstag, 18. M\u00e4rz um 10.00 Uhr in der B\u00fccherei<\/strong><\/span><\/h2>\n<h4 style=\"text-align: center;\"><span style=\"color: #ff6600;\"><strong>Unter dem Motto \u201eWinterzeit ist Vorlesezeit\u201c entf\u00fchren die Lesepaten in der Kastler B\u00fccherei die Kinder in fantastische Welten, erz\u00e4hlen von haarstr\u00e4ubenden Abenteuern und lustigen Begebenheiten.<\/strong><\/span><\/h4>\n<p><img loading=\"lazy\" decoding=\"async\" class=\"alignleft wp-image-3821 \" src=\"https:\/\/gemeindebuechereikastl.de\/wp-content\/uploads\/2023\/03\/Sommerby.jpg\" alt=\"\" width=\"359\" height=\"516\" srcset=\"https:\/\/gemeindebuechereikastl.de\/wp-content\/uploads\/2023\/03\/Sommerby.jpg 696w, https:\/\/gemeindebuechereikastl.de\/wp-content\/uploads\/2023\/03\/Sommerby-209x300.jpg 209w\" sizes=\"auto, (max-width: 359px) 100vw, 359px\" \/><strong><br \/>\nAm Samstag, 18. M\u00e4rz ab 10.00 Uhr ist es wieder so weit, es wird aus dem Buch von Kirsten Boie \u201eEin Sommer in Sommerby\u201c vorgelesen.\u00a0 Ein Hyggeliges Kinderbuch f\u00fcr Kinder.<\/strong><\/p>\n<p>Drei Stadtkinder m\u00fcssen die Ferien bei der seltsamen Oma auf dem Land verbringen. Und nicht einmal WLAN gibt es dort. Wie die Kinder dann aber doch ihr Sommergl\u00fcck bei Oma finden, davon erz\u00e4hlt dieses warmherzige Buch aus der Feder der gro\u00dfen Kirsten Boie, die v\u00f6llig zurecht immer mal wieder mit Astrid Lindgren verglichen wird.<\/p>\n<p><strong>Wie die Kinder den Sommer meistern und was es sonst noch f\u00fcr \u00dcberraschungen gibt, kann man am kommenden Samstag, 18. M\u00e4rz ab 10.00 Uhr in der B\u00fccherei h\u00f6ren und erleben.<\/strong><\/p>\n<p style=\"text-align: center;\"><strong><span style=\"color: #ff6600;\">Es sind alle Kinder zu dieser Vorlesezeit bzw. Vorlesevormittag in der Kastler Gemeindeb\u00fccherei recht herzlich willkommen.<\/span><\/strong><\/p>\n<p><strong>Weitere B\u00fccher mit Geschichten um Sommerby, oder auch andere gro\u00dfartige B\u00fccher von der Autorin Kirsten Boie gibt es in der B\u00fccherei zu entdecken. N\u00e4heres dazu wie immer in unserem\u00a0<\/strong><strong><a href=\"https:\/\/iopac.gemeindebuechereikastl.de\/iopac\/\"> Online-Katalog<\/a><\/strong><strong>\u00a0unter &#8222;Sommerby&#8220; oder &#8222;Boie, Kirsten&#8220;.<\/strong><\/p>\n","protected":false},"excerpt":{"rendered":"<p>Unter dem Titel\u00a0 &#8222;Ein Sommer in Sommerby&#8220;\u00a0 gibt es die n\u00e4chste VORLESEZEIT am Samstag, 18. M\u00e4rz um 10.00 Uhr in der B\u00fccherei Unter dem Motto \u201eWinterzeit ist Vorlesezeit\u201c entf\u00fchren die Lesepaten in der Kastler B\u00fccherei die Kinder in fantastische Welten, erz\u00e4hlen von haarstr\u00e4ubenden Abenteuern und lustigen Begebenheiten. Am Samstag, 18. M\u00e4rz ab 10.00 Uhr ist &hellip; <\/p>\n<p><a class=\"more-link btn\" href=\"https:\/\/gemeindebuechereikastl.de\/?p=3820\">Weiterlesen<\/a><\/p>\n","protected":false},"author":1,"featured_media":3821,"comment_status":"closed","ping_status":"closed","sticky":false,"template":"","format":"standard","meta":{"footnotes":""},"categories":[5],"tags":[451,450,80,173],"class_list":["post-3820","post","type-post","status-publish","format-standard","has-post-thumbnail","hentry","category-news","tag-kirsten-boie","tag-sommerby","tag-vorlesen","tag-vorlesezeit","item-wrap"],"_links":{"self":[{"href":"https:\/\/gemeindebuechereikastl.de\/index.php?rest_route=\/wp\/v2\/posts\/3820","targetHints":{"allow":["GET"]}}],"collection":[{"href":"https:\/\/gemeindebuechereikastl.de\/index.php?rest_route=\/wp\/v2\/posts"}],"about":[{"href":"https:\/\/gemeindebuechereikastl.de\/index.php?rest_route=\/wp\/v2\/types\/post"}],"author":[{"embeddable":true,"href":"https:\/\/gemeindebuechereikastl.de\/index.php?rest_route=\/wp\/v2\/users\/1"}],"replies":[{"embeddable":true,"href":"https:\/\/gemeindebuechereikastl.de\/index.php?rest_route=%2Fwp%2Fv2%2Fcomments&post=3820"}],"version-history":[{"count":7,"href":"https:\/\/gemeindebuechereikastl.de\/index.php?rest_route=\/wp\/v2\/posts\/3820\/revisions"}],"predecessor-version":[{"id":3826,"href":"https:\/\/gemeindebuechereikastl.de\/index.php?rest_route=\/wp\/v2\/posts\/3820\/revisions\/3826"}],"wp:featuredmedia":[{"embeddable":true,"href":"https:\/\/gemeindebuechereikastl.de\/index.php?rest_route=\/wp\/v2\/media\/3821"}],"wp:attachment":[{"href":"https:\/\/gemeindebuechereikastl.de\/index.php?rest_route=%2Fwp%2Fv2%2Fmedia&parent=3820"}],"wp:term":[{"taxonomy":"category","embeddable":true,"href":"https:\/\/gemeindebuechereikastl.de\/index.php?rest_route=%2Fwp%2Fv2%2Fcategories&post=3820"},{"taxonomy":"post_tag","embeddable":true,"href":"https:\/\/gemeindebuechereikastl.de\/index.php?rest_route=%2Fwp%2Fv2%2Ftags&post=3820"}],"curies":[{"name":"wp","href":"https:\/\/api.w.org\/{rel}","templated":true}]}}