{"id":3829,"date":"2023-03-16T09:51:01","date_gmt":"2023-03-16T09:51:01","guid":{"rendered":"https:\/\/gemeindebuechereikastl.de\/?p=3829"},"modified":"2023-03-16T09:59:51","modified_gmt":"2023-03-16T09:59:51","slug":"zwei-grossartige-verasntaltungen-im-fruehjahr-sommer-des-buechereiteams","status":"publish","type":"post","link":"https:\/\/gemeindebuechereikastl.de\/?p=3829","title":{"rendered":"Zwei gro\u00dfartige Veranstaltungen bietet das B\u00fcchereiteam im Fr\u00fchjahr\/Sommer f\u00fcr alle Interessierten an!"},"content":{"rendered":"<h2 style=\"text-align: center;\"><span style=\"color: #ff6600;\"><strong>B\u00fcchereiteam pr\u00e4sentiert im Fr\u00fchjahr\/Sommer zwei hervorragende Events. Im April einen \u201eWEIN-LESE-ABEND\u201c mit literarischen Akzent und im Juni ein Konzert mit Monika Drasch im Pfarrgarten<\/strong><\/span><\/h2>\n<p><img loading=\"lazy\" decoding=\"async\" class=\"alignleft wp-image-3830 \" src=\"https:\/\/gemeindebuechereikastl.de\/wp-content\/uploads\/2023\/03\/Weinlese-1603x948.jpg\" alt=\"\" width=\"382\" height=\"226\" srcset=\"https:\/\/gemeindebuechereikastl.de\/wp-content\/uploads\/2023\/03\/Weinlese-1603x948.jpg 1603w, https:\/\/gemeindebuechereikastl.de\/wp-content\/uploads\/2023\/03\/Weinlese-300x177.jpg 300w, https:\/\/gemeindebuechereikastl.de\/wp-content\/uploads\/2023\/03\/Weinlese-768x454.jpg 768w, https:\/\/gemeindebuechereikastl.de\/wp-content\/uploads\/2023\/03\/Weinlese-1536x908.jpg 1536w, https:\/\/gemeindebuechereikastl.de\/wp-content\/uploads\/2023\/03\/Weinlese-750x443.jpg 750w, https:\/\/gemeindebuechereikastl.de\/wp-content\/uploads\/2023\/03\/Weinlese.jpg 1920w\" sizes=\"auto, (max-width: 382px) 100vw, 382px\" \/><\/p>\n<h2 style=\"text-align: center;\"><strong>\u201eWEIN-LESE-ABEND\u201c<br \/>\n<\/strong><\/h2>\n<h2 style=\"text-align: center;\"><strong>Samstag 22. April<br \/>\nab 19.30 Uhr <\/strong><br \/>\n<strong>im Obergeschoss <\/strong><br \/>\n<strong>der B\u00fccherei<\/strong><\/h2>\n<p>Im Rahmen des \u201eWelttag des Buches\u201c l\u00e4dt das Team alle Literatur-, oder Weinliebhaber zu einem \u201eWEIN-LESE-ABEND\u201c unter dem Motto \u201cKastler lesen f\u00fcr Kastler\u201c in die B\u00fccherei ein. Bei diesem Wein-, Leseabend verbunden mit einem guten Glas Wein in gem\u00fctlicher Runde, stellen Kastler B\u00fcrgerinnen und B\u00fcrger ihre Lieblingsb\u00fccher vor. Diese Veranstaltung ist eine perfekte Lesemischung mit verschiedenen Geschichten bei gutem Wein und Snacks. Bei interessanten Gespr\u00e4chen \u00fcber Literatur oder einfach \u00fcber Gott und die Welt gelingt bestimmt ein wunderbarer Leseabend in der Gemeindeb\u00fccherei Kastl.<\/p>\n<p>Welc<img loading=\"lazy\" decoding=\"async\" class=\"wp-image-3831  alignright\" src=\"https:\/\/gemeindebuechereikastl.de\/wp-content\/uploads\/2023\/03\/Leseabend-1603x1039.jpg\" alt=\"\" width=\"253\" height=\"164\" srcset=\"https:\/\/gemeindebuechereikastl.de\/wp-content\/uploads\/2023\/03\/Leseabend-1603x1039.jpg 1603w, https:\/\/gemeindebuechereikastl.de\/wp-content\/uploads\/2023\/03\/Leseabend-300x194.jpg 300w, https:\/\/gemeindebuechereikastl.de\/wp-content\/uploads\/2023\/03\/Leseabend-768x498.jpg 768w, https:\/\/gemeindebuechereikastl.de\/wp-content\/uploads\/2023\/03\/Leseabend-1536x996.jpg 1536w, https:\/\/gemeindebuechereikastl.de\/wp-content\/uploads\/2023\/03\/Leseabend-2048x1328.jpg 2048w, https:\/\/gemeindebuechereikastl.de\/wp-content\/uploads\/2023\/03\/Leseabend-750x486.jpg 750w\" sizes=\"auto, (max-width: 253px) 100vw, 253px\" \/>he Literatur-Schmankerln die Kastler B\u00fcrgerinnen und B\u00fcrger in diesem Jahr vortragen werden ist noch nicht bekannt. Zu diesem \u201eWEIN-LESE-ABEND\u201c am 22. April sind alle Interessierten, egal ob Literatur-, oder Weinliebhaber recht herzlich willkommen. Selbstverst\u00e4ndlich ist auch Schm\u00f6kern in der B\u00fccherei erlaubt.<\/p>\n<h4 style=\"text-align: center;\"><a href=\"https:\/\/gemeindebuechereikastl.de\/wp-content\/uploads\/2023\/03\/Flyer-Wein-Lese-Abend.pdf\"><strong><span style=\"color: #ff0000;\">Weitere Infos im Flyer Wein Lese Abend<\/span><\/strong><\/a><\/h4>\n<p>&nbsp;<\/p>\n<h2 style=\"text-align: center;\">Konzert mit Monika Drasch im Pfarrgarten auf der Klosterburg am Freitag, 16. Juni um 20.00 Uhr<\/h2>\n<p><img loading=\"lazy\" decoding=\"async\" class=\"wp-image-3832 aligncenter\" src=\"https:\/\/gemeindebuechereikastl.de\/wp-content\/uploads\/2023\/03\/Lieder-zwischen-Himmel-und-Erde-1603x837.jpg\" alt=\"\" width=\"679\" height=\"355\" srcset=\"https:\/\/gemeindebuechereikastl.de\/wp-content\/uploads\/2023\/03\/Lieder-zwischen-Himmel-und-Erde-1603x837.jpg 1603w, https:\/\/gemeindebuechereikastl.de\/wp-content\/uploads\/2023\/03\/Lieder-zwischen-Himmel-und-Erde-300x157.jpg 300w, https:\/\/gemeindebuechereikastl.de\/wp-content\/uploads\/2023\/03\/Lieder-zwischen-Himmel-und-Erde-768x401.jpg 768w, https:\/\/gemeindebuechereikastl.de\/wp-content\/uploads\/2023\/03\/Lieder-zwischen-Himmel-und-Erde-1536x802.jpg 1536w, https:\/\/gemeindebuechereikastl.de\/wp-content\/uploads\/2023\/03\/Lieder-zwischen-Himmel-und-Erde-750x391.jpg 750w, https:\/\/gemeindebuechereikastl.de\/wp-content\/uploads\/2023\/03\/Lieder-zwischen-Himmel-und-Erde.jpg 1640w\" sizes=\"auto, (max-width: 679px) 100vw, 679px\" \/><\/p>\n<h3 style=\"text-align: center;\"><strong>Kartenvorverkauf beginnt am Samstag, 1. April, Karten gibt es beim Boader Albert oder in der Gemeindeb\u00fccherei zu den \u00d6ffnungszeiten<\/strong><\/h3>\n<p>Das zweite Highlight ist das Konzert mi Monika Drasch im Pfarrgarten auf der Klosterburg Kastl. Am Freitag, 16. Juni um 20.00 Uhr gastiert Sie mit ihrem Programm \u201eLieder zwischen Himmel und Erde\u201c bei uns in Kastl. Monika Drasch \u2013 mit ihrer gr\u00fcnen Geige und den roten Haaren eine Wegbereiterin der Neuen<\/p>\n<p><img loading=\"lazy\" decoding=\"async\" class=\"alignright wp-image-3834 \" src=\"https:\/\/gemeindebuechereikastl.de\/wp-content\/uploads\/2023\/03\/Drasch-778x1206.jpg\" alt=\"\" width=\"263\" height=\"407\" srcset=\"https:\/\/gemeindebuechereikastl.de\/wp-content\/uploads\/2023\/03\/Drasch-778x1206.jpg 778w, https:\/\/gemeindebuechereikastl.de\/wp-content\/uploads\/2023\/03\/Drasch-193x300.jpg 193w, https:\/\/gemeindebuechereikastl.de\/wp-content\/uploads\/2023\/03\/Drasch-768x1191.jpg 768w, https:\/\/gemeindebuechereikastl.de\/wp-content\/uploads\/2023\/03\/Drasch-990x1536.jpg 990w, https:\/\/gemeindebuechereikastl.de\/wp-content\/uploads\/2023\/03\/Drasch-1321x2048.jpg 1321w, https:\/\/gemeindebuechereikastl.de\/wp-content\/uploads\/2023\/03\/Drasch-750x1163.jpg 750w, https:\/\/gemeindebuechereikastl.de\/wp-content\/uploads\/2023\/03\/Drasch-scaled.jpg 1651w\" sizes=\"auto, (max-width: 263px) 100vw, 263px\" \/>Volksmusik. Wie immer sch\u00f6pft sie dabei aus der traditionellen Volksmusik, aus dem bayerisch-b\u00f6hmischen Grenzraum und der Kraft einfacher Melodien. Sie vereint in ihrer Musik Tradition, biblische Bez\u00fcge und politische Botschaften &#8211; und macht dabei neben untergegangenen Liedern auch eine fast vergessene Schriftstellerin sichtbar.<\/p>\n<p>Monika Drasch ist in hochkar\u00e4tiger neuer Quartettbesetzung unterwegs: Norbert Nagel, Klarinette und Saxofon, Alex Haas mit Kontrabass sowie Alexandra Herzinger auf der Gitarre und nat\u00fcrlich Monika Drasch. Die exzellenten Musiker begeistern durch Virtuosit\u00e4t und musikantische Spielfreude \u2013 und schnell ist klar, dass sie nicht alle aus der Volksmusik kommen. Da vereinen sich Dreiklangseligkeit, klassische Kammermusik und Jazz. So entstehen \u00fcberraschende Momente: Eine h\u00f6chst musikalisch in Szene gesetzte Grenzbegehung. Und Monika Drasch gibt mit ihrer gewohnten B\u00fchnenpr\u00e4senz den Ton an.<\/p>\n<p style=\"text-align: left;\">Ihren ersten gro\u00dfen Erfolg hatte Drasch 1991 als Teil des Bairisch-Diatonischen Jodelwahnsinns. Der im Jahre 2000 beim 100-j\u00e4hrigen Jubil\u00e4um der Kolpingsfamilie Kastl bei uns bereits zu Gast war.<br \/>\n<strong>Der Kartenvorverkauf beginnt am Samstag, 1. April. Karten gibt es beim Boader Albert oder in der Gemeindeb\u00fccherei zu den \u00d6ffnungszeiten. Die Karten kosten im Vorverkauf 12,- Euro, an der Abendkasse 15,- Euro. Die Platzwahl ist frei.<\/strong><\/p>\n<p style=\"text-align: center;\"><a href=\"https:\/\/gemeindebuechereikastl.de\/?page_id=3128\"><span style=\"color: #ff0000;\"><strong>Einige Ihrer Lieder gibt es hier auf der Homepage unter Podcasts bereits zu H\u00f6ren!<\/strong> <\/span><\/a><\/p>\n","protected":false},"excerpt":{"rendered":"<p>B\u00fcchereiteam pr\u00e4sentiert im Fr\u00fchjahr\/Sommer zwei hervorragende Events. Im April einen \u201eWEIN-LESE-ABEND\u201c mit literarischen Akzent und im Juni ein Konzert mit Monika Drasch im Pfarrgarten \u201eWEIN-LESE-ABEND\u201c Samstag 22. April ab 19.30 Uhr im Obergeschoss der B\u00fccherei Im Rahmen des \u201eWelttag des Buches\u201c l\u00e4dt das Team alle Literatur-, oder Weinliebhaber zu einem \u201eWEIN-LESE-ABEND\u201c unter dem Motto \u201cKastler &hellip; <\/p>\n<p><a class=\"more-link btn\" href=\"https:\/\/gemeindebuechereikastl.de\/?p=3829\">Weiterlesen<\/a><\/p>\n","protected":false},"author":1,"featured_media":3830,"comment_status":"closed","ping_status":"closed","sticky":false,"template":"","format":"standard","meta":{"footnotes":""},"categories":[1],"tags":[455,458,453,457,106,118,101,456,459,452,454],"class_list":["post-3829","post","type-post","status-publish","format-standard","has-post-thumbnail","hentry","category-team","tag-abend","tag-erde","tag-highlights","tag-himmel","tag-konzert","tag-lesen","tag-lieder","tag-monika-drasch","tag-pfargarten","tag-veranstaltungen","tag-wein","item-wrap"],"_links":{"self":[{"href":"https:\/\/gemeindebuechereikastl.de\/index.php?rest_route=\/wp\/v2\/posts\/3829","targetHints":{"allow":["GET"]}}],"collection":[{"href":"https:\/\/gemeindebuechereikastl.de\/index.php?rest_route=\/wp\/v2\/posts"}],"about":[{"href":"https:\/\/gemeindebuechereikastl.de\/index.php?rest_route=\/wp\/v2\/types\/post"}],"author":[{"embeddable":true,"href":"https:\/\/gemeindebuechereikastl.de\/index.php?rest_route=\/wp\/v2\/users\/1"}],"replies":[{"embeddable":true,"href":"https:\/\/gemeindebuechereikastl.de\/index.php?rest_route=%2Fwp%2Fv2%2Fcomments&post=3829"}],"version-history":[{"count":4,"href":"https:\/\/gemeindebuechereikastl.de\/index.php?rest_route=\/wp\/v2\/posts\/3829\/revisions"}],"predecessor-version":[{"id":3839,"href":"https:\/\/gemeindebuechereikastl.de\/index.php?rest_route=\/wp\/v2\/posts\/3829\/revisions\/3839"}],"wp:featuredmedia":[{"embeddable":true,"href":"https:\/\/gemeindebuechereikastl.de\/index.php?rest_route=\/wp\/v2\/media\/3830"}],"wp:attachment":[{"href":"https:\/\/gemeindebuechereikastl.de\/index.php?rest_route=%2Fwp%2Fv2%2Fmedia&parent=3829"}],"wp:term":[{"taxonomy":"category","embeddable":true,"href":"https:\/\/gemeindebuechereikastl.de\/index.php?rest_route=%2Fwp%2Fv2%2Fcategories&post=3829"},{"taxonomy":"post_tag","embeddable":true,"href":"https:\/\/gemeindebuechereikastl.de\/index.php?rest_route=%2Fwp%2Fv2%2Ftags&post=3829"}],"curies":[{"name":"wp","href":"https:\/\/api.w.org\/{rel}","templated":true}]}}