{"id":3854,"date":"2023-03-31T09:09:31","date_gmt":"2023-03-31T09:09:31","guid":{"rendered":"https:\/\/gemeindebuechereikastl.de\/?p=3854"},"modified":"2023-06-27T14:48:35","modified_gmt":"2023-06-27T14:48:35","slug":"die-schoensten-buchempfehlungen-fuer-kinder-ueber-die-osterzeit-2","status":"publish","type":"post","link":"https:\/\/gemeindebuechereikastl.de\/?p=3854","title":{"rendered":"Die sch\u00f6nsten Buchempfehlungen f\u00fcr Kinder \u00fcber die Osterzeit!"},"content":{"rendered":"<h2 style=\"text-align: center;\"><span style=\"color: #ff6600;\"><strong>B\u00fccherteam hat eine Ausstellung mit B\u00fcchern \u00fcber Ostern f\u00fcr Kinder zusammengestellt<\/strong><\/span><\/h2>\n<p><img loading=\"lazy\" decoding=\"async\" class=\"wp-image-3855 alignleft\" src=\"https:\/\/gemeindebuechereikastl.de\/wp-content\/uploads\/2023\/03\/Ostern-2023-702x1206.jpg\" alt=\"\" width=\"380\" height=\"653\" srcset=\"https:\/\/gemeindebuechereikastl.de\/wp-content\/uploads\/2023\/03\/Ostern-2023-702x1206.jpg 702w, https:\/\/gemeindebuechereikastl.de\/wp-content\/uploads\/2023\/03\/Ostern-2023-175x300.jpg 175w, https:\/\/gemeindebuechereikastl.de\/wp-content\/uploads\/2023\/03\/Ostern-2023-768x1320.jpg 768w, https:\/\/gemeindebuechereikastl.de\/wp-content\/uploads\/2023\/03\/Ostern-2023-894x1536.jpg 894w, https:\/\/gemeindebuechereikastl.de\/wp-content\/uploads\/2023\/03\/Ostern-2023-1192x2048.jpg 1192w, https:\/\/gemeindebuechereikastl.de\/wp-content\/uploads\/2023\/03\/Ostern-2023-750x1289.jpg 750w, https:\/\/gemeindebuechereikastl.de\/wp-content\/uploads\/2023\/03\/Ostern-2023-scaled.jpg 1490w\" sizes=\"auto, (max-width: 380px) 100vw, 380px\" \/><br \/>\nDie sch\u00f6nsten Buchempfehlungen f\u00fcr Kinder \u00fcber die Osterzeit! Ostern ist das \u00e4lteste und h\u00f6chste Fest im Kirchenjahr. Christen wie Nicht-Christen verbinden mit dem Osterfest die Freude auf den Fr\u00fchling, W\u00e4rme und Licht. Wir haben f\u00fcr Sie die besten Kinderb\u00fccher \u00fcber die Ostergeschichte sowie spirituelle Begleiter f\u00fcr und \u00fcber diese besondere Zeit zusammengestellt.<\/p>\n<p>Zu den speziellen saisonalen B\u00fcchern geh\u00f6ren bei uns in der B\u00fccherei vor allem die Osterb\u00fccher. Auch f\u00fcr nicht-religi\u00f6se Kinder sind die Geschichten \u00fcber das Osterfest oder den Osterhasen eine Bereicherung.<\/p>\n<p><img loading=\"lazy\" decoding=\"async\" class=\"wp-image-2827 alignright\" src=\"https:\/\/gemeindebuechereikastl.de\/wp-content\/uploads\/2022\/04\/Osterhasen-300x261.jpg\" alt=\"\" width=\"205\" height=\"178\" srcset=\"https:\/\/gemeindebuechereikastl.de\/wp-content\/uploads\/2022\/04\/Osterhasen-300x261.jpg 300w, https:\/\/gemeindebuechereikastl.de\/wp-content\/uploads\/2022\/04\/Osterhasen-1388x1206.jpg 1388w, https:\/\/gemeindebuechereikastl.de\/wp-content\/uploads\/2022\/04\/Osterhasen-768x667.jpg 768w, https:\/\/gemeindebuechereikastl.de\/wp-content\/uploads\/2022\/04\/Osterhasen-1536x1335.jpg 1536w, https:\/\/gemeindebuechereikastl.de\/wp-content\/uploads\/2022\/04\/Osterhasen-750x652.jpg 750w, https:\/\/gemeindebuechereikastl.de\/wp-content\/uploads\/2022\/04\/Osterhasen.jpg 1574w\" sizes=\"auto, (max-width: 205px) 100vw, 205px\" \/>Das Team hat eine gro\u00dfartige Auswahl an Osterb\u00fcchern f\u00fcr Kinder zusammengestellt und diese werden in der Osterausstellung im Eingangsbereich mit einer einzigartigen Deko pr\u00e4sentiert.<\/p>\n<p>Weitere Osterb\u00fccher f\u00fcr Kinder und auch f\u00fcr Erwachsene gibt es bei uns in der B\u00fccherei, diese gibt es vorab in unserem <a href=\"https:\/\/iopac.gemeindebuechereikastl.de\/iopac\/\"><strong><span style=\"color: #800080;\">Online-Katalog<\/span><\/strong><\/a> und auch bei unseren E-Books unter<span style=\"color: #800080;\"> <a style=\"color: #800080;\" href=\"http:\/\/www.leo-nord.de\"><strong>www.leo-nord.de<\/strong><\/a><\/span> zu entdecken.<\/p>\n","protected":false},"excerpt":{"rendered":"<p>B\u00fccherteam hat eine Ausstellung mit B\u00fcchern \u00fcber Ostern f\u00fcr Kinder zusammengestellt Die sch\u00f6nsten Buchempfehlungen f\u00fcr Kinder \u00fcber die Osterzeit! Ostern ist das \u00e4lteste und h\u00f6chste Fest im Kirchenjahr. Christen wie Nicht-Christen verbinden mit dem Osterfest die Freude auf den Fr\u00fchling, W\u00e4rme und Licht. Wir haben f\u00fcr Sie die besten Kinderb\u00fccher \u00fcber die Ostergeschichte sowie spirituelle &hellip; <\/p>\n<p><a class=\"more-link btn\" href=\"https:\/\/gemeindebuechereikastl.de\/?p=3854\">Weiterlesen<\/a><\/p>\n","protected":false},"author":1,"featured_media":3855,"comment_status":"closed","ping_status":"closed","sticky":false,"template":"","format":"standard","meta":{"footnotes":""},"categories":[5],"tags":[194,90,190,29],"class_list":["post-3854","post","type-post","status-publish","format-standard","has-post-thumbnail","hentry","category-news","tag-buchausstellung","tag-kinder","tag-kinderbuecher","tag-ostern","item-wrap"],"_links":{"self":[{"href":"https:\/\/gemeindebuechereikastl.de\/index.php?rest_route=\/wp\/v2\/posts\/3854","targetHints":{"allow":["GET"]}}],"collection":[{"href":"https:\/\/gemeindebuechereikastl.de\/index.php?rest_route=\/wp\/v2\/posts"}],"about":[{"href":"https:\/\/gemeindebuechereikastl.de\/index.php?rest_route=\/wp\/v2\/types\/post"}],"author":[{"embeddable":true,"href":"https:\/\/gemeindebuechereikastl.de\/index.php?rest_route=\/wp\/v2\/users\/1"}],"replies":[{"embeddable":true,"href":"https:\/\/gemeindebuechereikastl.de\/index.php?rest_route=%2Fwp%2Fv2%2Fcomments&post=3854"}],"version-history":[{"count":4,"href":"https:\/\/gemeindebuechereikastl.de\/index.php?rest_route=\/wp\/v2\/posts\/3854\/revisions"}],"predecessor-version":[{"id":4098,"href":"https:\/\/gemeindebuechereikastl.de\/index.php?rest_route=\/wp\/v2\/posts\/3854\/revisions\/4098"}],"wp:featuredmedia":[{"embeddable":true,"href":"https:\/\/gemeindebuechereikastl.de\/index.php?rest_route=\/wp\/v2\/media\/3855"}],"wp:attachment":[{"href":"https:\/\/gemeindebuechereikastl.de\/index.php?rest_route=%2Fwp%2Fv2%2Fmedia&parent=3854"}],"wp:term":[{"taxonomy":"category","embeddable":true,"href":"https:\/\/gemeindebuechereikastl.de\/index.php?rest_route=%2Fwp%2Fv2%2Fcategories&post=3854"},{"taxonomy":"post_tag","embeddable":true,"href":"https:\/\/gemeindebuechereikastl.de\/index.php?rest_route=%2Fwp%2Fv2%2Ftags&post=3854"}],"curies":[{"name":"wp","href":"https:\/\/api.w.org\/{rel}","templated":true}]}}