{"id":3859,"date":"2023-03-31T09:20:25","date_gmt":"2023-03-31T09:20:25","guid":{"rendered":"https:\/\/gemeindebuechereikastl.de\/?p=3859"},"modified":"2023-03-31T09:21:14","modified_gmt":"2023-03-31T09:21:14","slug":"buchausstellung-mit-gesunden-buechern","status":"publish","type":"post","link":"https:\/\/gemeindebuechereikastl.de\/?p=3859","title":{"rendered":"Buchausstellung mit gesunden B\u00fcchern"},"content":{"rendered":"<h2 style=\"text-align: center;\"><span style=\"color: #ff6600;\"><strong>\u00a0Buchausstellung mit interessanten B\u00fcchern zum Thema &#8211; <\/strong><\/span><span style=\"color: #ff6600;\"><strong>Mit gesunder Ern\u00e4hrung in den Fr\u00fchling <\/strong><\/span><img loading=\"lazy\" decoding=\"async\" class=\"alignleft wp-image-3860 \" src=\"https:\/\/gemeindebuechereikastl.de\/wp-content\/uploads\/2023\/03\/ernaehrung-679x1206.jpg\" alt=\"\" width=\"249\" height=\"442\" srcset=\"https:\/\/gemeindebuechereikastl.de\/wp-content\/uploads\/2023\/03\/ernaehrung-679x1206.jpg 679w, https:\/\/gemeindebuechereikastl.de\/wp-content\/uploads\/2023\/03\/ernaehrung-169x300.jpg 169w, https:\/\/gemeindebuechereikastl.de\/wp-content\/uploads\/2023\/03\/ernaehrung-768x1364.jpg 768w, https:\/\/gemeindebuechereikastl.de\/wp-content\/uploads\/2023\/03\/ernaehrung-865x1536.jpg 865w, https:\/\/gemeindebuechereikastl.de\/wp-content\/uploads\/2023\/03\/ernaehrung-1153x2048.jpg 1153w, https:\/\/gemeindebuechereikastl.de\/wp-content\/uploads\/2023\/03\/ernaehrung-750x1332.jpg 750w, https:\/\/gemeindebuechereikastl.de\/wp-content\/uploads\/2023\/03\/ernaehrung-scaled.jpg 1441w\" sizes=\"auto, (max-width: 249px) 100vw, 249px\" \/><\/h2>\n<p>Es ist Zeit dem Winterblues den Kampf anzusagen und sich auf den Fr\u00fchling vorzubereiten. Eine gute Mischung aus gesunder Ern\u00e4hrung, Bewegung und Entspannung bringt Euch auf Trab. Wir unterst\u00fctzen Euch dabei mit passenden B\u00fcchern aus der B\u00fccherei.<\/p>\n<p>Gut essen, besser leben. Aber was macht gesunde Ern\u00e4hrung eigentlich aus? Wie einfach oder kompliziert ist es, seinen K\u00f6rper auf die richtige Art zu ern\u00e4hren? Informieren Sie sich: Alles, was es \u00fcber gesunde Ern\u00e4hrung zu wissen gibt, k\u00f6nnen Sie nachlesen, denn f\u00fcr jeden Aspekt gesunder Ern\u00e4hrung gibt es ein Buch bei uns oder bei unserer Onleihe unter www.leo-nord.de<\/p>\n<p>Auch gibt es weitere B\u00fccher zu entdecken die nicht in der Ausstellung sind. Bei unseren Sachb\u00fcchern im Bereich GESUNDHEIT und KOCHEN und auch auf <a href=\"https:\/\/gemeindebuechereikastl.de\/?page_id=76\"><strong>LEO NORD (E-Books)<\/strong><\/a> gibt es weitere interessante B\u00fccher \u00fcber dieses Thema zu entdecken.<\/p>\n<h4 style=\"text-align: center;\"><strong>Kommen Sie vorbei und entdecken weitere interessante B\u00fccher zum Thema Gesunde Ern\u00e4hrung oder Sie informieren sich vorab in unseren <a href=\"https:\/\/iopac.gemeindebuechereikastl.de\/\">Online-Katalog<\/a>\u00a0!<\/strong><\/h4>\n","protected":false},"excerpt":{"rendered":"<p>\u00a0Buchausstellung mit interessanten B\u00fcchern zum Thema &#8211; Mit gesunder Ern\u00e4hrung in den Fr\u00fchling Es ist Zeit dem Winterblues den Kampf anzusagen und sich auf den Fr\u00fchling vorzubereiten. Eine gute Mischung aus gesunder Ern\u00e4hrung, Bewegung und Entspannung bringt Euch auf Trab. Wir unterst\u00fctzen Euch dabei mit passenden B\u00fcchern aus der B\u00fccherei. Gut essen, besser leben. Aber &hellip; <\/p>\n<p><a class=\"more-link btn\" href=\"https:\/\/gemeindebuechereikastl.de\/?p=3859\">Weiterlesen<\/a><\/p>\n","protected":false},"author":1,"featured_media":3860,"comment_status":"closed","ping_status":"closed","sticky":false,"template":"","format":"standard","meta":{"footnotes":""},"categories":[5],"tags":[194,463,24,465,464],"class_list":["post-3859","post","type-post","status-publish","format-standard","has-post-thumbnail","hentry","category-news","tag-buchausstellung","tag-ernaehrung","tag-fruehling","tag-gesund","tag-kueche","item-wrap"],"_links":{"self":[{"href":"https:\/\/gemeindebuechereikastl.de\/index.php?rest_route=\/wp\/v2\/posts\/3859","targetHints":{"allow":["GET"]}}],"collection":[{"href":"https:\/\/gemeindebuechereikastl.de\/index.php?rest_route=\/wp\/v2\/posts"}],"about":[{"href":"https:\/\/gemeindebuechereikastl.de\/index.php?rest_route=\/wp\/v2\/types\/post"}],"author":[{"embeddable":true,"href":"https:\/\/gemeindebuechereikastl.de\/index.php?rest_route=\/wp\/v2\/users\/1"}],"replies":[{"embeddable":true,"href":"https:\/\/gemeindebuechereikastl.de\/index.php?rest_route=%2Fwp%2Fv2%2Fcomments&post=3859"}],"version-history":[{"count":2,"href":"https:\/\/gemeindebuechereikastl.de\/index.php?rest_route=\/wp\/v2\/posts\/3859\/revisions"}],"predecessor-version":[{"id":3862,"href":"https:\/\/gemeindebuechereikastl.de\/index.php?rest_route=\/wp\/v2\/posts\/3859\/revisions\/3862"}],"wp:featuredmedia":[{"embeddable":true,"href":"https:\/\/gemeindebuechereikastl.de\/index.php?rest_route=\/wp\/v2\/media\/3860"}],"wp:attachment":[{"href":"https:\/\/gemeindebuechereikastl.de\/index.php?rest_route=%2Fwp%2Fv2%2Fmedia&parent=3859"}],"wp:term":[{"taxonomy":"category","embeddable":true,"href":"https:\/\/gemeindebuechereikastl.de\/index.php?rest_route=%2Fwp%2Fv2%2Fcategories&post=3859"},{"taxonomy":"post_tag","embeddable":true,"href":"https:\/\/gemeindebuechereikastl.de\/index.php?rest_route=%2Fwp%2Fv2%2Ftags&post=3859"}],"curies":[{"name":"wp","href":"https:\/\/api.w.org\/{rel}","templated":true}]}}