{"id":3863,"date":"2023-04-02T11:23:16","date_gmt":"2023-04-02T11:23:16","guid":{"rendered":"https:\/\/gemeindebuechereikastl.de\/?p=3863"},"modified":"2023-04-11T16:07:17","modified_gmt":"2023-04-11T16:07:17","slug":"kartenvorverkauf-fuer-das-konzert-mit-monika-drasch-im-pfarrgarten-hat-begonnen","status":"publish","type":"post","link":"https:\/\/gemeindebuechereikastl.de\/?p=3863","title":{"rendered":"Kartenvorverkauf f\u00fcr das Konzert mit Monika Drasch im Pfarrgarten hat begonnen"},"content":{"rendered":"<h2 style=\"text-align: center;\"><span style=\"color: #ff6600;\"><strong>Monika Drasch gastiert am Freitag, 16. Juni mit \u201eLieder zwischen Himmel und Erde oder nix is gwis\u201c im Pfarrgarten auf der Klosterburg.<\/strong> <\/span><\/h2>\n<h4 style=\"text-align: center;\">Monika Drasch \u2013 mit ihrer gr\u00fcnen Geige und den roten Haaren eine Wegbereiterin der Neuen Volksmusik. Wie immer sch\u00f6pft sie dabei aus der traditionellen Volksmusik, aus dem bayerisch-b\u00f6hmischen Grenzraum und der Kraft einfacher Melodien<\/p>\n<p><img loading=\"lazy\" decoding=\"async\" class=\"aligncenter wp-image-3832 \" src=\"https:\/\/gemeindebuechereikastl.de\/wp-content\/uploads\/2023\/03\/Lieder-zwischen-Himmel-und-Erde-1603x837.jpg\" alt=\"\" width=\"717\" height=\"375\" srcset=\"https:\/\/gemeindebuechereikastl.de\/wp-content\/uploads\/2023\/03\/Lieder-zwischen-Himmel-und-Erde-1603x837.jpg 1603w, https:\/\/gemeindebuechereikastl.de\/wp-content\/uploads\/2023\/03\/Lieder-zwischen-Himmel-und-Erde-300x157.jpg 300w, https:\/\/gemeindebuechereikastl.de\/wp-content\/uploads\/2023\/03\/Lieder-zwischen-Himmel-und-Erde-768x401.jpg 768w, https:\/\/gemeindebuechereikastl.de\/wp-content\/uploads\/2023\/03\/Lieder-zwischen-Himmel-und-Erde-1536x802.jpg 1536w, https:\/\/gemeindebuechereikastl.de\/wp-content\/uploads\/2023\/03\/Lieder-zwischen-Himmel-und-Erde-750x391.jpg 750w, https:\/\/gemeindebuechereikastl.de\/wp-content\/uploads\/2023\/03\/Lieder-zwischen-Himmel-und-Erde.jpg 1640w\" sizes=\"auto, (max-width: 717px) 100vw, 717px\" \/><\/h4>\n<h4 style=\"text-align: center;\">Tickets f\u00fcr dieses Konzert gibt es ab sofort, beim Boader Albert und in der Gemeindeb\u00fccherei Kastl zu den \u00d6ffnungszeiten. Am 16. Juni ist ab 19.00 Uhr Einlass in den Pfarrgarten und ab 20.00 Uhr beginnt das Konzert mit &#8222;Liedern zwischen Himmel und Erde&#8220;<\/h4>\n<h4 style=\"text-align: center;\"><strong>Da die Landesfachstelle des Sankt Michaelsbundes und die Deutsche Akademie f\u00fcr Kinder- und Jugendliteratur das Konzert unterst\u00fctzen, kostet die Karte im Vorverkauf nur 12,- Euro. Die Platzwahl ist frei.<\/strong><\/h4>\n<p><img loading=\"lazy\" decoding=\"async\" class=\"wp-image-3834 alignleft\" src=\"https:\/\/gemeindebuechereikastl.de\/wp-content\/uploads\/2023\/03\/Drasch-778x1206.jpg\" alt=\"\" width=\"273\" height=\"423\" srcset=\"https:\/\/gemeindebuechereikastl.de\/wp-content\/uploads\/2023\/03\/Drasch-778x1206.jpg 778w, https:\/\/gemeindebuechereikastl.de\/wp-content\/uploads\/2023\/03\/Drasch-193x300.jpg 193w, https:\/\/gemeindebuechereikastl.de\/wp-content\/uploads\/2023\/03\/Drasch-768x1191.jpg 768w, https:\/\/gemeindebuechereikastl.de\/wp-content\/uploads\/2023\/03\/Drasch-990x1536.jpg 990w, https:\/\/gemeindebuechereikastl.de\/wp-content\/uploads\/2023\/03\/Drasch-1321x2048.jpg 1321w, https:\/\/gemeindebuechereikastl.de\/wp-content\/uploads\/2023\/03\/Drasch-750x1163.jpg 750w, https:\/\/gemeindebuechereikastl.de\/wp-content\/uploads\/2023\/03\/Drasch-scaled.jpg 1651w\" sizes=\"auto, (max-width: 273px) 100vw, 273px\" \/><\/p>\n<p>Monika Drasch ist in hochkar\u00e4tiger neuer Quartettbesetzung unterwegs: Alexander von Hagke, der Meister auf Klarinette und Saxofon, Alex Haas mit Kontrabass und Stimme sowie Alexandra Herzinger auf der Gitarre und nat\u00fcrlich Monika Drasch. Die exzellenten Musiker begeistern durch Virtuosit\u00e4t und musikantische Spielfreude \u2013 und schnell ist klar, dass sie nicht alle aus der Volksmusik kommen. Da vereinen sich Dreiklangseligkeit, klassische Kammermusik und Jazz. So entstehen \u00fcberraschende und spannungsvolle Momente: Eine h\u00f6chst musikalisch in Szene gesetzte Grenzbegehung. Und Monika Drasch gibt mit ihrer gewohnten B\u00fchnenpr\u00e4senz den Ton an.<\/p>\n<p><strong>Ihren ersten gro\u00dfen Erfolg hatte Drasch 1991 als Teil des Bairisch-Diatonischen Jodelwahnsinns. Der im Jahre 2000 beim 100-j\u00e4hrigen Jubil\u00e4um der Kolpingsfamilie Kastl bei uns in Kastl bereits zu Gast war. Ihre Markenzeichnen sind das Niederbayerische, die roten Haare und die gr\u00fcne Geige.<\/strong><\/p>\n<p>Sie selbst hat seit Beginn der Pandemie einen Podcast. &#8222;Der war allerdings schon vor der Pandemie geplant&#8220;, sagt Drasch. In &#8222;Lieder zwischen Himmel und Erde&#8220; pr\u00e4sentiert sie unbekannte Melodien, erkl\u00e4rt aber auch den Ursprung bekannter Lieder. Sie erg\u00e4nzt und modifiziert diese, passt sie an die Gegenwart an.<\/p>\n<p>Den Link zum Podcast vom Monika Drasch gibt es hier auf der Homepage unter <a href=\"https:\/\/gemeindebuechereikastl.de\/?page_id=3128\"><strong>&#8222;Podcasts&#8220;<\/strong><\/a> oder unter <strong><a href=\"https:\/\/www.muenchner-kirchenradio.de\/sendungen\/monika-drasch-1\/\">https:\/\/www.muenchner-kirchenradio.de\/sendungen\/monika-drasch-1\/<\/a><\/strong><\/p>\n<p>&nbsp;<\/p>\n","protected":false},"excerpt":{"rendered":"<p>Monika Drasch gastiert am Freitag, 16. Juni mit \u201eLieder zwischen Himmel und Erde oder nix is gwis\u201c im Pfarrgarten auf der Klosterburg. Monika Drasch \u2013 mit ihrer gr\u00fcnen Geige und den roten Haaren eine Wegbereiterin der Neuen Volksmusik. Wie immer sch\u00f6pft sie dabei aus der traditionellen Volksmusik, aus dem bayerisch-b\u00f6hmischen Grenzraum und der Kraft einfacher &hellip; <\/p>\n<p><a class=\"more-link btn\" href=\"https:\/\/gemeindebuechereikastl.de\/?p=3863\">Weiterlesen<\/a><\/p>\n","protected":false},"author":1,"featured_media":3832,"comment_status":"closed","ping_status":"closed","sticky":false,"template":"","format":"standard","meta":{"footnotes":""},"categories":[5],"tags":[458,457,468,106,101,466,467],"class_list":["post-3863","post","type-post","status-publish","format-standard","has-post-thumbnail","hentry","category-news","tag-erde","tag-himmel","tag-klosterburg","tag-konzert","tag-lieder","tag-lieder-zwischen-himmel-und-erde","tag-pfarrgarten","item-wrap"],"_links":{"self":[{"href":"https:\/\/gemeindebuechereikastl.de\/index.php?rest_route=\/wp\/v2\/posts\/3863","targetHints":{"allow":["GET"]}}],"collection":[{"href":"https:\/\/gemeindebuechereikastl.de\/index.php?rest_route=\/wp\/v2\/posts"}],"about":[{"href":"https:\/\/gemeindebuechereikastl.de\/index.php?rest_route=\/wp\/v2\/types\/post"}],"author":[{"embeddable":true,"href":"https:\/\/gemeindebuechereikastl.de\/index.php?rest_route=\/wp\/v2\/users\/1"}],"replies":[{"embeddable":true,"href":"https:\/\/gemeindebuechereikastl.de\/index.php?rest_route=%2Fwp%2Fv2%2Fcomments&post=3863"}],"version-history":[{"count":3,"href":"https:\/\/gemeindebuechereikastl.de\/index.php?rest_route=\/wp\/v2\/posts\/3863\/revisions"}],"predecessor-version":[{"id":3867,"href":"https:\/\/gemeindebuechereikastl.de\/index.php?rest_route=\/wp\/v2\/posts\/3863\/revisions\/3867"}],"wp:featuredmedia":[{"embeddable":true,"href":"https:\/\/gemeindebuechereikastl.de\/index.php?rest_route=\/wp\/v2\/media\/3832"}],"wp:attachment":[{"href":"https:\/\/gemeindebuechereikastl.de\/index.php?rest_route=%2Fwp%2Fv2%2Fmedia&parent=3863"}],"wp:term":[{"taxonomy":"category","embeddable":true,"href":"https:\/\/gemeindebuechereikastl.de\/index.php?rest_route=%2Fwp%2Fv2%2Fcategories&post=3863"},{"taxonomy":"post_tag","embeddable":true,"href":"https:\/\/gemeindebuechereikastl.de\/index.php?rest_route=%2Fwp%2Fv2%2Ftags&post=3863"}],"curies":[{"name":"wp","href":"https:\/\/api.w.org\/{rel}","templated":true}]}}