{"id":3876,"date":"2023-04-15T16:01:51","date_gmt":"2023-04-15T16:01:51","guid":{"rendered":"https:\/\/gemeindebuechereikastl.de\/?p=3876"},"modified":"2023-04-15T16:03:24","modified_gmt":"2023-04-15T16:03:24","slug":"osterhase-brachte-neue-buecher-und-tonies-2","status":"publish","type":"post","link":"https:\/\/gemeindebuechereikastl.de\/?p=3876","title":{"rendered":"Osterhase brachte neue B\u00fccher und Tonies"},"content":{"rendered":"<h2 style=\"text-align: center;\"><span style=\"color: #ff6600;\"><strong>\u00dcber 100 neue B\u00fccher f\u00fcr alle Altersgruppen und auch neue Tonies gibt es ab sofort zum Entleihen!<\/strong><\/span><\/h2>\n<p style=\"text-align: center;\"><strong>Diverse Fr\u00fchjahrsnovit\u00e4ten hat das Team f\u00fcr alle Leser eingekauft, diese stehen ab sofort f\u00fcr die Ausleihe zur Verf\u00fcgung. Es gibt f\u00fcr alle vom Kleinkind bis hin zu B\u00fcchern f\u00fcr Erwachsene\u00a0 und auch bei den Tonies\u00a0 wieder viel neues zu entdecken.<\/strong><img loading=\"lazy\" decoding=\"async\" class=\"wp-image-3877  alignleft\" src=\"https:\/\/gemeindebuechereikastl.de\/wp-content\/uploads\/2023\/04\/Bilerbuecher-1489x1206.jpg\" alt=\"\" width=\"299\" height=\"242\" srcset=\"https:\/\/gemeindebuechereikastl.de\/wp-content\/uploads\/2023\/04\/Bilerbuecher-1489x1206.jpg 1489w, https:\/\/gemeindebuechereikastl.de\/wp-content\/uploads\/2023\/04\/Bilerbuecher-300x243.jpg 300w, https:\/\/gemeindebuechereikastl.de\/wp-content\/uploads\/2023\/04\/Bilerbuecher-768x622.jpg 768w, https:\/\/gemeindebuechereikastl.de\/wp-content\/uploads\/2023\/04\/Bilerbuecher-1536x1244.jpg 1536w, https:\/\/gemeindebuechereikastl.de\/wp-content\/uploads\/2023\/04\/Bilerbuecher-2048x1658.jpg 2048w, https:\/\/gemeindebuechereikastl.de\/wp-content\/uploads\/2023\/04\/Bilerbuecher-750x607.jpg 750w\" sizes=\"auto, (max-width: 299px) 100vw, 299px\" \/><\/p>\n<p>Bei den <span style=\"color: #ffcc00;\"><strong>Bilderb\u00fcchern<\/strong><\/span> sind es der neue <strong>Dr. Brumm<\/strong> und vom <strong>Drachen Furzipus &#8211; Furzipups und R\u00fcdiger R\u00fclps R\u00fcssel<\/strong> sowie ein Bilderbuch vom Frieden &#8211; <strong>Der Frieden ist ausgebrochen<\/strong>.<br \/>\nAuch im Bereich der <strong><span style=\"color: #ffcc00;\">Erstleser<\/span> <\/strong>gibt es neues wie die neuen vom <strong>Ponyhof Apfelbl\u00fcte<\/strong>,<strong> Liliane Susewind, WAS IST WAS Erstes Lesen, Major Tom und Tafiti<\/strong> und andere mehr.<br \/>\n<img loading=\"lazy\" decoding=\"async\" class=\"alignright wp-image-3881 \" src=\"https:\/\/gemeindebuechereikastl.de\/wp-content\/uploads\/2023\/04\/Erstleser-Kinderbuecher.jpg\" alt=\"\" width=\"384\" height=\"330\" srcset=\"https:\/\/gemeindebuechereikastl.de\/wp-content\/uploads\/2023\/04\/Erstleser-Kinderbuecher.jpg 1364w, https:\/\/gemeindebuechereikastl.de\/wp-content\/uploads\/2023\/04\/Erstleser-Kinderbuecher-300x257.jpg 300w, https:\/\/gemeindebuechereikastl.de\/wp-content\/uploads\/2023\/04\/Erstleser-Kinderbuecher-768x659.jpg 768w, https:\/\/gemeindebuechereikastl.de\/wp-content\/uploads\/2023\/04\/Erstleser-Kinderbuecher-750x643.jpg 750w\" sizes=\"auto, (max-width: 384px) 100vw, 384px\" \/>Bei den B\u00fcchern f\u00fcr <span style=\"color: #ffcc00;\"><strong>Kinder von 8 bis 13. Jahre<\/strong><\/span> wurden die vorhandenen Serien ausgebaut so gibt es neues von den <strong>drei !!!<\/strong> der <strong>100 Band \u201eDetektivinnen in Gefahr und 101 Alpaka Alarm<\/strong>. Das neu von <strong>Kirstin Boie \u201eDer Hoffnungsvogel<\/strong> und ein ganz besonderes Kinderbuch <strong>\u201eManchmal kommt Gl\u00fcck in Gummistiefeln\u201c.<\/strong> \u00a0Neben den Serien gibt es auch andere gro\u00dfartige B\u00fccher zu entdecken.<br \/>\nAuch im Bereich der <strong>Tonis<\/strong> gibt es NEUE! Von der <strong>PAW Patrol, Der Haferhorde, Die Schl\u00fcmpfe<\/strong> usw.<img loading=\"lazy\" decoding=\"async\" class=\"alignleft wp-image-3879 \" src=\"https:\/\/gemeindebuechereikastl.de\/wp-content\/uploads\/2023\/04\/Romane-1603x734.jpg\" alt=\"\" width=\"538\" height=\"246\" srcset=\"https:\/\/gemeindebuechereikastl.de\/wp-content\/uploads\/2023\/04\/Romane-1603x734.jpg 1603w, https:\/\/gemeindebuechereikastl.de\/wp-content\/uploads\/2023\/04\/Romane-300x137.jpg 300w, https:\/\/gemeindebuechereikastl.de\/wp-content\/uploads\/2023\/04\/Romane-768x352.jpg 768w, https:\/\/gemeindebuechereikastl.de\/wp-content\/uploads\/2023\/04\/Romane-1536x703.jpg 1536w, https:\/\/gemeindebuechereikastl.de\/wp-content\/uploads\/2023\/04\/Romane-2048x938.jpg 2048w, https:\/\/gemeindebuechereikastl.de\/wp-content\/uploads\/2023\/04\/Romane-750x343.jpg 750w\" sizes=\"auto, (max-width: 538px) 100vw, 538px\" \/><\/p>\n<p>Auch bei den <strong><span style=\"color: #008000;\">Romanen<\/span><\/strong> werden die Leser f\u00fcndig. Bei den Romanen sind es diverse B\u00fccher aus der Bestsellerliste. Wie von <strong>Julia Zeh: Zwischen Welten<\/strong>, von <strong>Marc Elsberg: \u00b0C \u2013 Celsius,<\/strong> von <strong>Trude Teige: Als Gro\u00dfmutter im Regen tanzte<\/strong>, oder von<strong> Ewald Ahrenz: Die Liebe an miesen Tagen<\/strong>. Neben den Romanen von der Bestsellerliste gibt es auch Krimis aus verschiedenen L\u00e4ndern sowie Historische Romane bei den neuen Romanen zu entdecken. <img loading=\"lazy\" decoding=\"async\" class=\"alignright wp-image-3880 \" src=\"https:\/\/gemeindebuechereikastl.de\/wp-content\/uploads\/2023\/04\/sachbuecher-639x1206.jpg\" alt=\"\" width=\"232\" height=\"438\" srcset=\"https:\/\/gemeindebuechereikastl.de\/wp-content\/uploads\/2023\/04\/sachbuecher-639x1206.jpg 639w, https:\/\/gemeindebuechereikastl.de\/wp-content\/uploads\/2023\/04\/sachbuecher-159x300.jpg 159w, https:\/\/gemeindebuechereikastl.de\/wp-content\/uploads\/2023\/04\/sachbuecher-768x1449.jpg 768w, https:\/\/gemeindebuechereikastl.de\/wp-content\/uploads\/2023\/04\/sachbuecher-814x1536.jpg 814w, https:\/\/gemeindebuechereikastl.de\/wp-content\/uploads\/2023\/04\/sachbuecher-1085x2048.jpg 1085w, https:\/\/gemeindebuechereikastl.de\/wp-content\/uploads\/2023\/04\/sachbuecher-750x1415.jpg 750w, https:\/\/gemeindebuechereikastl.de\/wp-content\/uploads\/2023\/04\/sachbuecher-scaled.jpg 1357w\" sizes=\"auto, (max-width: 232px) 100vw, 232px\" \/><br \/>\nNeben der Unterhaltungslekt\u00fcre gibt es auch noch neues auf dem Gebiet der <strong><span style=\"color: #0000ff;\">Sachb\u00fccher<\/span> <\/strong>und Kindersachb\u00fccher. Bei den Sachb\u00fcchern ist es das neue von <strong>Rainer M. Schie\u00dfler, Hoffnung &#8211; gerade jetzt!<\/strong> oder <strong>Frauen, die wandern sind nie allein<\/strong> usw.<br \/>\nBei den <span style=\"color: #ffcc00;\"><strong>Kindersachb\u00fcchern<\/strong><\/span> erstrekt sich die Pallette von der Bibel, \u00fcber magische Orte, was \u00fcber Tiere und deren Lebensraum, auch \u00fcber uns Menschen und einige B\u00fccher aus der Geschichte und Freizeit mit Musik und Basteln sind neu in der B\u00fccherei.<\/p>\n<p><span style=\"color: #008000;\"><strong>Alle weiteren Infos zu den neunen B\u00fcchern und Medien gibt es vorab in unserem <a style=\"color: #008000;\" href=\"https:\/\/iopac.gemeindebuechereikastl.de\/\"><span style=\"color: #800080;\">Online-Katalog<\/span>\u00a0<\/a>hier unter <span style=\"color: #800080;\">\u201eNeue Titel\u201c.<\/span><\/strong><\/span><\/p>\n<p><strong><span style=\"color: #008000;\">Kommen Sie bei einfach bei uns in der B\u00fccherei vorbei und Entdecken Sie selbst ihre Lieblingsb\u00fccher aus unserem neuen Fr\u00fchjahrsangebot, bei einem <\/span><\/strong><span style=\"color: #008000;\"><strong>Besuch in der Klosterbergstr. 1 zu unseren \u00d6ffnungszeiten!<\/strong><\/span><\/p>\n<p><strong>IHR\u00a0 B\u00dcCHEREITEAM<\/strong><\/p>\n","protected":false},"excerpt":{"rendered":"<p>\u00dcber 100 neue B\u00fccher f\u00fcr alle Altersgruppen und auch neue Tonies gibt es ab sofort zum Entleihen! Diverse Fr\u00fchjahrsnovit\u00e4ten hat das Team f\u00fcr alle Leser eingekauft, diese stehen ab sofort f\u00fcr die Ausleihe zur Verf\u00fcgung. Es gibt f\u00fcr alle vom Kleinkind bis hin zu B\u00fcchern f\u00fcr Erwachsene\u00a0 und auch bei den Tonies\u00a0 wieder viel neues &hellip; <\/p>\n<p><a class=\"more-link btn\" href=\"https:\/\/gemeindebuechereikastl.de\/?p=3876\">Weiterlesen<\/a><\/p>\n","protected":false},"author":1,"featured_media":3879,"comment_status":"closed","ping_status":"closed","sticky":false,"template":"","format":"standard","meta":{"footnotes":""},"categories":[5],"tags":[469,470,190,342,85,324,195,329],"class_list":["post-3876","post","type-post","status-publish","format-standard","has-post-thumbnail","hentry","category-news","tag-bilderbuecher","tag-erstlesebuecher","tag-kinderbuecher","tag-kindersachbuecher","tag-neue-buecher","tag-neue-tonies","tag-romane","tag-sachbuecher","item-wrap"],"_links":{"self":[{"href":"https:\/\/gemeindebuechereikastl.de\/index.php?rest_route=\/wp\/v2\/posts\/3876","targetHints":{"allow":["GET"]}}],"collection":[{"href":"https:\/\/gemeindebuechereikastl.de\/index.php?rest_route=\/wp\/v2\/posts"}],"about":[{"href":"https:\/\/gemeindebuechereikastl.de\/index.php?rest_route=\/wp\/v2\/types\/post"}],"author":[{"embeddable":true,"href":"https:\/\/gemeindebuechereikastl.de\/index.php?rest_route=\/wp\/v2\/users\/1"}],"replies":[{"embeddable":true,"href":"https:\/\/gemeindebuechereikastl.de\/index.php?rest_route=%2Fwp%2Fv2%2Fcomments&post=3876"}],"version-history":[{"count":3,"href":"https:\/\/gemeindebuechereikastl.de\/index.php?rest_route=\/wp\/v2\/posts\/3876\/revisions"}],"predecessor-version":[{"id":3884,"href":"https:\/\/gemeindebuechereikastl.de\/index.php?rest_route=\/wp\/v2\/posts\/3876\/revisions\/3884"}],"wp:featuredmedia":[{"embeddable":true,"href":"https:\/\/gemeindebuechereikastl.de\/index.php?rest_route=\/wp\/v2\/media\/3879"}],"wp:attachment":[{"href":"https:\/\/gemeindebuechereikastl.de\/index.php?rest_route=%2Fwp%2Fv2%2Fmedia&parent=3876"}],"wp:term":[{"taxonomy":"category","embeddable":true,"href":"https:\/\/gemeindebuechereikastl.de\/index.php?rest_route=%2Fwp%2Fv2%2Fcategories&post=3876"},{"taxonomy":"post_tag","embeddable":true,"href":"https:\/\/gemeindebuechereikastl.de\/index.php?rest_route=%2Fwp%2Fv2%2Ftags&post=3876"}],"curies":[{"name":"wp","href":"https:\/\/api.w.org\/{rel}","templated":true}]}}