{"id":3894,"date":"2023-04-25T07:43:59","date_gmt":"2023-04-25T07:43:59","guid":{"rendered":"https:\/\/gemeindebuechereikastl.de\/?p=3894"},"modified":"2023-04-25T08:00:37","modified_gmt":"2023-04-25T08:00:37","slug":"fruehlingserwachen-in-der-buecherei-bei-der-vorlesezeit-fuer-kinder","status":"publish","type":"post","link":"https:\/\/gemeindebuechereikastl.de\/?p=3894","title":{"rendered":"Fr\u00fchlingserwachen in der B\u00fccherei bei der Vorlesezeit f\u00fcr Kinder"},"content":{"rendered":"<h2 style=\"text-align: center;\"><span style=\"color: #ff6600;\"><strong>Um das Gedicht \u201eDie Tulpe&#8220; von Josef Guggenmos drehte sich alles bei der lezten Vorlesezeit vor der Sommerpause<\/strong><\/span><\/h2>\n<p style=\"text-align: center;\"><strong>Die Tulpe von Josef Guggenmos ist eins der sch\u00f6nsten Fr\u00fchlingsgedichte f\u00fcr Kinder! Rund um dieses kleine Gedicht dreht sich die Vorlesezeit.<\/strong><\/p>\n<p><img loading=\"lazy\" decoding=\"async\" class=\"wp-image-3895 alignnone\" src=\"https:\/\/gemeindebuechereikastl.de\/wp-content\/uploads\/2023\/04\/Tulpe-1-1603x902.jpg\" alt=\"\" width=\"686\" height=\"386\" srcset=\"https:\/\/gemeindebuechereikastl.de\/wp-content\/uploads\/2023\/04\/Tulpe-1-1603x902.jpg 1603w, https:\/\/gemeindebuechereikastl.de\/wp-content\/uploads\/2023\/04\/Tulpe-1-300x169.jpg 300w, https:\/\/gemeindebuechereikastl.de\/wp-content\/uploads\/2023\/04\/Tulpe-1-768x432.jpg 768w, https:\/\/gemeindebuechereikastl.de\/wp-content\/uploads\/2023\/04\/Tulpe-1-1536x864.jpg 1536w, https:\/\/gemeindebuechereikastl.de\/wp-content\/uploads\/2023\/04\/Tulpe-1-2048x1152.jpg 2048w, https:\/\/gemeindebuechereikastl.de\/wp-content\/uploads\/2023\/04\/Tulpe-1-750x422.jpg 750w\" sizes=\"auto, (max-width: 686px) 100vw, 686px\" \/><\/p>\n<section>\n<div id=\"c46612\" class=\"frame frame-custom-20 frame-type-text frame-layout-0\">\n<p><strong>Die Tulpe (<\/strong>von Josef Guggenmos)<\/p>\n<p><strong>Dunkel \/ war alles und Nacht. \/ In der Erde tief \/ die Zwiebel schlief, \/ die braune.<\/strong><br \/>\n<strong>Was ist das f\u00fcr ein Gemunkel, \/ was ist das f\u00fcr ein Geraune, \/ dachte die Zwiebel, \/ pl\u00f6tzlich erwacht.<\/strong><br \/>\n<strong>Was singen die V\u00f6gel da droben \/ und jauchzen und toben?<\/strong><br \/>\n<strong>Von Neugier gepackt, \/ hat die Zwiebel einen langen Hals gemacht \/ und um sich geblickt \/ mit einem h\u00fcbschen Tulpengesicht. \/ Da hat ihr der Fr\u00fchling entgegengelacht.<\/strong><\/p>\n<p>Josef Guggenmos (1922-2003), der \u201eMeister der kleinen Form\u201c, gilt als einer der bedeutendsten deutschen Kinderbuchautoren. Wegen seiner klaren, tiefgr\u00fcndigen Sprache, die einl\u00e4dt mit ihr zu spielen, wird er\u00a0 gesch\u00e4tzt.<br \/>\n<img loading=\"lazy\" decoding=\"async\" class=\"wp-image-3897 alignleft\" src=\"https:\/\/gemeindebuechereikastl.de\/wp-content\/uploads\/2023\/04\/Tulpe-3-1603x902.jpg\" alt=\"\" width=\"420\" height=\"236\" srcset=\"https:\/\/gemeindebuechereikastl.de\/wp-content\/uploads\/2023\/04\/Tulpe-3-1603x902.jpg 1603w, https:\/\/gemeindebuechereikastl.de\/wp-content\/uploads\/2023\/04\/Tulpe-3-300x169.jpg 300w, https:\/\/gemeindebuechereikastl.de\/wp-content\/uploads\/2023\/04\/Tulpe-3-768x432.jpg 768w, https:\/\/gemeindebuechereikastl.de\/wp-content\/uploads\/2023\/04\/Tulpe-3-1536x864.jpg 1536w, https:\/\/gemeindebuechereikastl.de\/wp-content\/uploads\/2023\/04\/Tulpe-3-2048x1152.jpg 2048w, https:\/\/gemeindebuechereikastl.de\/wp-content\/uploads\/2023\/04\/Tulpe-3-750x422.jpg 750w\" sizes=\"auto, (max-width: 420px) 100vw, 420px\" \/><\/p>\n<\/div>\n<\/section>\n<p>Musikalisch wurden die Kinder an das Fr\u00fchlingsgedicht von Josef Guggenmos herangef\u00fchrt, einmal eine etwas andere VORLESEZEIT\u00a0 f\u00fcr Kinder in der B\u00fccherei.<\/p>\n<p>Zu Beginn der haben die Kinder gemeinsamm das Gedicht\u00a0 &#8222;Die Tulpe&#8220; von Josef Guggenmos gesprochen und dazu passende Bewegungen gemacht und mit Instrumenten vertont. Hernach wurde die Tulpe mit Zwieben gemeinsam angeschaut und einen Fr\u00fchlingsstanz aufgef\u00fchrt.<br \/>\nAnschliesend ging es an Basteln und Malen, es durfte jeder ein Bild mit bunten Tulpen malen und die Kinder waren eifrig bei der Sache. Nach der Sommpause im Herbst geht es wieder weiter mit den Vorlesezeiten in der Gemeindb\u00fccherei Kastl.<\/p>\n<p><img loading=\"lazy\" decoding=\"async\" class=\"aligncenter wp-image-3896 \" src=\"https:\/\/gemeindebuechereikastl.de\/wp-content\/uploads\/2023\/04\/Tulpe-2-1603x902.jpg\" alt=\"\" width=\"598\" height=\"337\" srcset=\"https:\/\/gemeindebuechereikastl.de\/wp-content\/uploads\/2023\/04\/Tulpe-2-1603x902.jpg 1603w, https:\/\/gemeindebuechereikastl.de\/wp-content\/uploads\/2023\/04\/Tulpe-2-300x169.jpg 300w, https:\/\/gemeindebuechereikastl.de\/wp-content\/uploads\/2023\/04\/Tulpe-2-768x432.jpg 768w, https:\/\/gemeindebuechereikastl.de\/wp-content\/uploads\/2023\/04\/Tulpe-2-1536x864.jpg 1536w, https:\/\/gemeindebuechereikastl.de\/wp-content\/uploads\/2023\/04\/Tulpe-2-2048x1152.jpg 2048w, https:\/\/gemeindebuechereikastl.de\/wp-content\/uploads\/2023\/04\/Tulpe-2-750x422.jpg 750w\" sizes=\"auto, (max-width: 598px) 100vw, 598px\" \/><\/p>\n","protected":false},"excerpt":{"rendered":"<p>Um das Gedicht \u201eDie Tulpe&#8220; von Josef Guggenmos drehte sich alles bei der lezten Vorlesezeit vor der Sommerpause Die Tulpe von Josef Guggenmos ist eins der sch\u00f6nsten Fr\u00fchlingsgedichte f\u00fcr Kinder! Rund um dieses kleine Gedicht dreht sich die Vorlesezeit. Die Tulpe (von Josef Guggenmos) Dunkel \/ war alles und Nacht. \/ In der Erde tief &hellip; <\/p>\n<p><a class=\"more-link btn\" href=\"https:\/\/gemeindebuechereikastl.de\/?p=3894\">Weiterlesen<\/a><\/p>\n","protected":false},"author":1,"featured_media":3895,"comment_status":"closed","ping_status":"closed","sticky":false,"template":"","format":"standard","meta":{"footnotes":""},"categories":[5],"tags":[11,90,475,80,173],"class_list":["post-3894","post","type-post","status-publish","format-standard","has-post-thumbnail","hentry","category-news","tag-buecherei","tag-kinder","tag-tulpen","tag-vorlesen","tag-vorlesezeit","item-wrap"],"_links":{"self":[{"href":"https:\/\/gemeindebuechereikastl.de\/index.php?rest_route=\/wp\/v2\/posts\/3894","targetHints":{"allow":["GET"]}}],"collection":[{"href":"https:\/\/gemeindebuechereikastl.de\/index.php?rest_route=\/wp\/v2\/posts"}],"about":[{"href":"https:\/\/gemeindebuechereikastl.de\/index.php?rest_route=\/wp\/v2\/types\/post"}],"author":[{"embeddable":true,"href":"https:\/\/gemeindebuechereikastl.de\/index.php?rest_route=\/wp\/v2\/users\/1"}],"replies":[{"embeddable":true,"href":"https:\/\/gemeindebuechereikastl.de\/index.php?rest_route=%2Fwp%2Fv2%2Fcomments&post=3894"}],"version-history":[{"count":8,"href":"https:\/\/gemeindebuechereikastl.de\/index.php?rest_route=\/wp\/v2\/posts\/3894\/revisions"}],"predecessor-version":[{"id":3905,"href":"https:\/\/gemeindebuechereikastl.de\/index.php?rest_route=\/wp\/v2\/posts\/3894\/revisions\/3905"}],"wp:featuredmedia":[{"embeddable":true,"href":"https:\/\/gemeindebuechereikastl.de\/index.php?rest_route=\/wp\/v2\/media\/3895"}],"wp:attachment":[{"href":"https:\/\/gemeindebuechereikastl.de\/index.php?rest_route=%2Fwp%2Fv2%2Fmedia&parent=3894"}],"wp:term":[{"taxonomy":"category","embeddable":true,"href":"https:\/\/gemeindebuechereikastl.de\/index.php?rest_route=%2Fwp%2Fv2%2Fcategories&post=3894"},{"taxonomy":"post_tag","embeddable":true,"href":"https:\/\/gemeindebuechereikastl.de\/index.php?rest_route=%2Fwp%2Fv2%2Ftags&post=3894"}],"curies":[{"name":"wp","href":"https:\/\/api.w.org\/{rel}","templated":true}]}}