{"id":3906,"date":"2023-04-25T08:46:51","date_gmt":"2023-04-25T08:46:51","guid":{"rendered":"https:\/\/gemeindebuechereikastl.de\/?p=3906"},"modified":"2023-04-25T09:04:02","modified_gmt":"2023-04-25T09:04:02","slug":"kastler-lesen-fuer-kastler-wieder-ein-besonderer-lese-und-hoergenuss-im-obergeschoss-der-buecherei","status":"publish","type":"post","link":"https:\/\/gemeindebuechereikastl.de\/?p=3906","title":{"rendered":"\u201eKastler lesen f\u00fcr Kastler\u201c wieder ein besonderer Lese- und H\u00f6rgenuss im Obergeschoss der B\u00fccherei"},"content":{"rendered":"<h2 style=\"text-align: center;\"><span style=\"color: #ff6600;\"><strong>Interessanter und Geschmackvoller &#8222;Wein-Lese-Abend&#8220; unter dem Motto \u201cKastler lesen f\u00fcr Kastler\u201c im Obergeschoss der B\u00fccherei<\/strong><\/span><\/h2>\n<p style=\"text-align: center;\"><strong>Am Vortag des \u201eWelttag des Buches\u201c hatte das Team zu einem Wein-Lese-Abend ins Obergeschoss der B\u00fccherei eingeladen. Unter dem Motto \u201cKastler lesen f\u00fcr Kastler\u201c stellten Kastler B\u00fcrgerinnen und B\u00fcrger wieder Ihre Lieblingsb\u00fccher vor.<\/strong><\/p>\n<p><img loading=\"lazy\" decoding=\"async\" class=\"aligncenter wp-image-3910 size-large\" src=\"https:\/\/gemeindebuechereikastl.de\/wp-content\/uploads\/2023\/04\/Wein-Lese-Abend-1-1603x902.jpg\" alt=\"\" width=\"750\" height=\"422\" srcset=\"https:\/\/gemeindebuechereikastl.de\/wp-content\/uploads\/2023\/04\/Wein-Lese-Abend-1-1603x902.jpg 1603w, https:\/\/gemeindebuechereikastl.de\/wp-content\/uploads\/2023\/04\/Wein-Lese-Abend-1-300x169.jpg 300w, https:\/\/gemeindebuechereikastl.de\/wp-content\/uploads\/2023\/04\/Wein-Lese-Abend-1-768x432.jpg 768w, https:\/\/gemeindebuechereikastl.de\/wp-content\/uploads\/2023\/04\/Wein-Lese-Abend-1-1536x865.jpg 1536w, https:\/\/gemeindebuechereikastl.de\/wp-content\/uploads\/2023\/04\/Wein-Lese-Abend-1-2048x1153.jpg 2048w, https:\/\/gemeindebuechereikastl.de\/wp-content\/uploads\/2023\/04\/Wein-Lese-Abend-1-750x422.jpg 750w\" sizes=\"auto, (max-width: 750px) 100vw, 750px\" \/><\/p>\n<p>Zu Beginn begr\u00fc\u00dfte B\u00fccherleiter Georg D\u00fcrr alle G\u00e4ste bzw. Zuh\u00f6rer und die Vorleserinnen und Leser mit Angelika Hiller, Ines Riedl und Fabian Nemetschek. Es standen diesmal nicht bekannte Autoren im Vordergrund stehen, sondern Kastler B\u00fcrgerinnen und B\u00fcrger die im Rahmen des \u201eWein-Lese-Abends\u201c Ihre Lieblingsb\u00fccher vorstellten.<img loading=\"lazy\" decoding=\"async\" class=\"wp-image-3913 alignleft\" src=\"https:\/\/gemeindebuechereikastl.de\/wp-content\/uploads\/2023\/04\/Angelika-Hiller-795x1206.jpg\" alt=\"\" width=\"204\" height=\"309\" srcset=\"https:\/\/gemeindebuechereikastl.de\/wp-content\/uploads\/2023\/04\/Angelika-Hiller-795x1206.jpg 795w, https:\/\/gemeindebuechereikastl.de\/wp-content\/uploads\/2023\/04\/Angelika-Hiller-198x300.jpg 198w, https:\/\/gemeindebuechereikastl.de\/wp-content\/uploads\/2023\/04\/Angelika-Hiller-768x1165.jpg 768w, https:\/\/gemeindebuechereikastl.de\/wp-content\/uploads\/2023\/04\/Angelika-Hiller-1013x1536.jpg 1013w, https:\/\/gemeindebuechereikastl.de\/wp-content\/uploads\/2023\/04\/Angelika-Hiller-1350x2048.jpg 1350w, https:\/\/gemeindebuechereikastl.de\/wp-content\/uploads\/2023\/04\/Angelika-Hiller-750x1138.jpg 750w, https:\/\/gemeindebuechereikastl.de\/wp-content\/uploads\/2023\/04\/Angelika-Hiller-rotated.jpg 1650w\" sizes=\"auto, (max-width: 204px) 100vw, 204px\" \/><\/p>\n<p>Den Start des Leseabends vollzog Angelika Hiller mit dem Buch<strong> \u201eIch hatte mich j\u00fcnger in Erinnerung\u201c<\/strong> so zum Aufw\u00e4rmen. Die Autorinnen Monika Bittl und Silke Neumayer haben sich f\u00fcr den Humor entschieden und bek\u00e4mpfen die kleinen Einbr\u00fcche mit den besten Waffen der Frauen: der Selbstironie und dem Lachen \u00fcber sich selbst. Das Buch ist ein Sammelsurium von Episoden, die unterhaltsam sind und in denen man sich immer ein St\u00fcckchen wiederfindet. Wechseljahre, M\u00e4nner, Di\u00e4ten, Wehwehchen und vieles mehr werden hier mit einem Augenzwinkern betrachtet. Eine gelungene Mischung aus Humor, Gelassenheit, Selbstironie und dem richtigen Schuss Ernsthaftigkeit. Angelika Hiller las die beid<img loading=\"lazy\" decoding=\"async\" class=\"wp-image-3914 alignright\" src=\"https:\/\/gemeindebuechereikastl.de\/wp-content\/uploads\/2023\/04\/Fabian-Nemetschek-703x1206.jpg\" alt=\"\" width=\"210\" height=\"360\" srcset=\"https:\/\/gemeindebuechereikastl.de\/wp-content\/uploads\/2023\/04\/Fabian-Nemetschek-703x1206.jpg 703w, https:\/\/gemeindebuechereikastl.de\/wp-content\/uploads\/2023\/04\/Fabian-Nemetschek-175x300.jpg 175w, https:\/\/gemeindebuechereikastl.de\/wp-content\/uploads\/2023\/04\/Fabian-Nemetschek-768x1317.jpg 768w, https:\/\/gemeindebuechereikastl.de\/wp-content\/uploads\/2023\/04\/Fabian-Nemetschek-896x1536.jpg 896w, https:\/\/gemeindebuechereikastl.de\/wp-content\/uploads\/2023\/04\/Fabian-Nemetschek-1195x2048.jpg 1195w, https:\/\/gemeindebuechereikastl.de\/wp-content\/uploads\/2023\/04\/Fabian-Nemetschek-750x1286.jpg 750w, https:\/\/gemeindebuechereikastl.de\/wp-content\/uploads\/2023\/04\/Fabian-Nemetschek-scaled.jpg 1493w\" sizes=\"auto, (max-width: 210px) 100vw, 210px\" \/>en Episoden \u201eUnsichtbar\u201c und \u201eStrichm\u00e4nnchen\u201c vor.<br \/>\n&#8212;&#8212;&#8212;&#8212;&#8212;&#8212;&#8212;&#8212;&#8212;&#8212;-<br \/>\nIn der n\u00e4chsten Runde las Fabian Nemetschek aus dem ersten Roman von Dirk Rossmann <strong>&#8222;Der neunte Arm des Oktopus\u201c<\/strong> einem \u00d6ko Thriller&#8220;.\u00a0 Das Thema Klimawandel und die drohende Katastrophe pr\u00e4gen den Hintergrund des Buches. Der Klimawandel \u2013 ein Katastrohe ungeahnten Ausma\u00dfes steht bevor. Das Fiasko schein unaufhaltsam. Doch da schlagen die Superm\u00e4chte China, Russland und USA einen radikalen Weg ein: Sie formieren eine Klima-Allianz, um die Erde zu retten. Ihre Forderungen greifen dramatisch in das Leben der Menschen ein, und nicht jeder will dies akzeptieren. Den Gegnern sind alle Mittel recht. (<em>Alle B\u00fccher von Dirk Rossmann gibt es in der Gemeindeb\u00fccherei zum Entleihen, der neue Band &#8222;Das dritte Herz des Oktopus&#8220; erscheint im Oktober 2023<\/em>)<br \/>\n&#8212;&#8212;&#8212;&#8212;&#8212;&#8212;&#8212;&#8212;&#8212;&#8212;&#8212;&#8212;&#8212;&#8212;<br \/>\n<img loading=\"lazy\" decoding=\"async\" class=\"alignleft wp-image-3915 \" src=\"https:\/\/gemeindebuechereikastl.de\/wp-content\/uploads\/2023\/04\/Ines-Riedl-834x1206.jpg\" alt=\"\" width=\"216\" height=\"313\" srcset=\"https:\/\/gemeindebuechereikastl.de\/wp-content\/uploads\/2023\/04\/Ines-Riedl-834x1206.jpg 834w, https:\/\/gemeindebuechereikastl.de\/wp-content\/uploads\/2023\/04\/Ines-Riedl-208x300.jpg 208w, https:\/\/gemeindebuechereikastl.de\/wp-content\/uploads\/2023\/04\/Ines-Riedl-768x1110.jpg 768w, https:\/\/gemeindebuechereikastl.de\/wp-content\/uploads\/2023\/04\/Ines-Riedl-1063x1536.jpg 1063w, https:\/\/gemeindebuechereikastl.de\/wp-content\/uploads\/2023\/04\/Ines-Riedl-1417x2048.jpg 1417w, https:\/\/gemeindebuechereikastl.de\/wp-content\/uploads\/2023\/04\/Ines-Riedl-750x1084.jpg 750w, https:\/\/gemeindebuechereikastl.de\/wp-content\/uploads\/2023\/04\/Ines-Riedl-scaled.jpg 1771w\" sizes=\"auto, (max-width: 216px) 100vw, 216px\" \/>Den Abschluss des Lesereigens machte Ines Riedl, sie las aus dem Buch von Doris D\u00f6rrie<strong> \u201eLeben, Schreiben, Atmen &#8211; Eine Einladung zum Schreiben\u201c<\/strong>. Es ist kein Roman, sondern eine Anleitung zum Schreiben mit sehr pers\u00f6nlichen Beispielen der Autorin. Schreiben hat f\u00fcr Doris D\u00f6rrie therapeutischen Wert, bekommt das Erlebte, Wahrgenommene und Erdachte doch dadurch seinen geerdeten Platz. Aufgewachsen in einer Familie, wo das Erz\u00e4hlen Tradition hat, gibt die Autorin nun jedem, der will, ihre Tipps und ganz konkreten Anleitungen weiter, wie jeder zum Schreibenden werden kann. Gedankengetriebenes Schreiben ohne Pause, Schreiben aufgrund von Impulsfragen, ungew\u00f6hnlicher Worte, Orte, individueller Traditionen, verlorener Menschen, deinen Charakter u.v.m. sind praktische Tipps, die einen Anfang unkompliziert machen.<\/p>\n<p>Mit diesem Wein-Lese-Abend ist dem B\u00fcchereilteam wieder eine perfekte Lesemischung gelungen. Die zahlreichen Zuh\u00f6rer, in der B\u00fccherei lauschten gespannt den verschiedenen Geschichten aus der Buch-Auswahl der Vorleserinnen und Vorleser.<\/p>\n<p><img loading=\"lazy\" decoding=\"async\" class=\"aligncenter wp-image-3912 \" src=\"https:\/\/gemeindebuechereikastl.de\/wp-content\/uploads\/2023\/04\/Wein-Lese-Abend-3-1603x902.jpg\" alt=\"\" width=\"729\" height=\"410\" srcset=\"https:\/\/gemeindebuechereikastl.de\/wp-content\/uploads\/2023\/04\/Wein-Lese-Abend-3-1603x902.jpg 1603w, https:\/\/gemeindebuechereikastl.de\/wp-content\/uploads\/2023\/04\/Wein-Lese-Abend-3-300x169.jpg 300w, https:\/\/gemeindebuechereikastl.de\/wp-content\/uploads\/2023\/04\/Wein-Lese-Abend-3-768x432.jpg 768w, https:\/\/gemeindebuechereikastl.de\/wp-content\/uploads\/2023\/04\/Wein-Lese-Abend-3-1536x865.jpg 1536w, https:\/\/gemeindebuechereikastl.de\/wp-content\/uploads\/2023\/04\/Wein-Lese-Abend-3-2048x1153.jpg 2048w, https:\/\/gemeindebuechereikastl.de\/wp-content\/uploads\/2023\/04\/Wein-Lese-Abend-3-750x422.jpg 750w\" sizes=\"auto, (max-width: 729px) 100vw, 729px\" \/><\/p>\n<p>Gerade das Vielf\u00e4ltige der Literatur machte diesen Abend bei einem guten Glas Wein zu einem besonderen interessanten und geschmacksvollen Abend in der B\u00fccherei. Das es den Besuchern beim \u201eWein-Lese-Abend\u201c in der B\u00fccherei gefallen hat, zeigte der gro\u00dfe Applaus jeweils f\u00fcr nach dem Ende der einzelnen Lese-Sequenzen f\u00fcr die beiden Vorleserinnen und dem Vorleser.<\/p>\n","protected":false},"excerpt":{"rendered":"<p>Interessanter und Geschmackvoller &#8222;Wein-Lese-Abend&#8220; unter dem Motto \u201cKastler lesen f\u00fcr Kastler\u201c im Obergeschoss der B\u00fccherei Am Vortag des \u201eWelttag des Buches\u201c hatte das Team zu einem Wein-Lese-Abend ins Obergeschoss der B\u00fccherei eingeladen. Unter dem Motto \u201cKastler lesen f\u00fcr Kastler\u201c stellten Kastler B\u00fcrgerinnen und B\u00fcrger wieder Ihre Lieblingsb\u00fccher vor. Zu Beginn begr\u00fc\u00dfte B\u00fccherleiter Georg D\u00fcrr alle &hellip; <\/p>\n<p><a class=\"more-link btn\" href=\"https:\/\/gemeindebuechereikastl.de\/?p=3906\">Weiterlesen<\/a><\/p>\n","protected":false},"author":1,"featured_media":3911,"comment_status":"closed","ping_status":"closed","sticky":false,"template":"","format":"standard","meta":{"footnotes":""},"categories":[1],"tags":[476,80,454,473,471],"class_list":["post-3906","post","type-post","status-publish","format-standard","has-post-thumbnail","hentry","category-team","tag-kastler","tag-vorlesen","tag-wein","tag-wein-lese-abend","tag-weinabend","item-wrap"],"_links":{"self":[{"href":"https:\/\/gemeindebuechereikastl.de\/index.php?rest_route=\/wp\/v2\/posts\/3906","targetHints":{"allow":["GET"]}}],"collection":[{"href":"https:\/\/gemeindebuechereikastl.de\/index.php?rest_route=\/wp\/v2\/posts"}],"about":[{"href":"https:\/\/gemeindebuechereikastl.de\/index.php?rest_route=\/wp\/v2\/types\/post"}],"author":[{"embeddable":true,"href":"https:\/\/gemeindebuechereikastl.de\/index.php?rest_route=\/wp\/v2\/users\/1"}],"replies":[{"embeddable":true,"href":"https:\/\/gemeindebuechereikastl.de\/index.php?rest_route=%2Fwp%2Fv2%2Fcomments&post=3906"}],"version-history":[{"count":9,"href":"https:\/\/gemeindebuechereikastl.de\/index.php?rest_route=\/wp\/v2\/posts\/3906\/revisions"}],"predecessor-version":[{"id":3924,"href":"https:\/\/gemeindebuechereikastl.de\/index.php?rest_route=\/wp\/v2\/posts\/3906\/revisions\/3924"}],"wp:featuredmedia":[{"embeddable":true,"href":"https:\/\/gemeindebuechereikastl.de\/index.php?rest_route=\/wp\/v2\/media\/3911"}],"wp:attachment":[{"href":"https:\/\/gemeindebuechereikastl.de\/index.php?rest_route=%2Fwp%2Fv2%2Fmedia&parent=3906"}],"wp:term":[{"taxonomy":"category","embeddable":true,"href":"https:\/\/gemeindebuechereikastl.de\/index.php?rest_route=%2Fwp%2Fv2%2Fcategories&post=3906"},{"taxonomy":"post_tag","embeddable":true,"href":"https:\/\/gemeindebuechereikastl.de\/index.php?rest_route=%2Fwp%2Fv2%2Ftags&post=3906"}],"curies":[{"name":"wp","href":"https:\/\/api.w.org\/{rel}","templated":true}]}}